{"id":1262188,"date":"2026-01-08T21:10:29","date_gmt":"2026-01-09T03:10:29","guid":{"rendered":"https:\/\/www.acapulcopress.com\/?p=1262188"},"modified":"2026-01-08T21:10:29","modified_gmt":"2026-01-09T03:10:29","slug":"acapulco-es-un-verdadero-caos","status":"publish","type":"post","link":"https:\/\/www.acapulcopress.com\/index.php\/2026\/01\/08\/acapulco-es-un-verdadero-caos\/","title":{"rendered":"Acapulco es un verdadero caos"},"content":{"rendered":"<div dir=\"auto\">\n<p>Un Rapid\u00edn<br \/>\n\u00bb <a href=\"https:\/\/www.facebook.com\/angel.irracarceda.7\" target=\"_blank\" rel=\"noopener\">\u00c1<strong>NGEL<\/strong> | <strong>IRRA CARCEDA<\/strong><\/a><br \/>\n<em>angelirracar@hotmail.com<\/em><\/p>\n<\/div>\n<div dir=\"auto\">Los paisanos carecen de los servicios p\u00fablicos m\u00e1s elementales.<\/p>\n<\/div>\n<div dir=\"auto\">Basura por todos lados. Sin agua. Sin seguridad. Vialidades destrozadas, y p\u00e1rele de contar.<\/p>\n<\/div>\n<div dir=\"auto\">Es el resultado de la reelecci\u00f3n de una alcaldesa que solo ha demostrado ineficacia.<\/p>\n<\/div>\n<div dir=\"auto\">Y, lo inconcebible, que ambiciona ser candidata de Morena a la gubernatura de Guerrero.<\/p>\n<\/div>\n<div dir=\"auto\">En serio, esta se\u00f1ora se deber\u00eda dar por bien servida si libra las serias acusaciones que, por corrupci\u00f3n, enfrenta.<\/p>\n<\/div>\n<div dir=\"auto\">Mis adorados paisanos porte\u00f1os, ya despierten, \u00a1por favor!<br \/>\n*<em>\u00a0<a class=\"x1fey0fg xmper1u x1edh9d7\" href=\"https:\/\/fb.me\/steparious\">fb.me\/steparious<\/a>\u00a0*\u00a0<a class=\"x1fey0fg xmper1u x1edh9d7\" href=\"https:\/\/fb.me\/acapulcopress\">fb.me\/acapulcopress<\/a><\/em><\/div>\n","protected":false},"excerpt":{"rendered":"<p>\u00c1ngel Irra | Los paisanos carecen de los servicios p\u00fablicos m\u00e1s elementales. Basura por todos lados. Sin agua. Sin seguridad. Vialidades destrozadas, y p\u00e1rele de contar.<\/p>\n","protected":false},"author":1,"featured_media":1262189,"comment_status":"closed","ping_status":"open","sticky":false,"template":"","format":"standard","meta":{"footnotes":""},"categories":[2071,1991],"tags":[3938,17511],"class_list":["post-1262188","post","type-post","status-publish","format-standard","has-post-thumbnail","hentry","category-opinion-analisis-columnas","category-libertad-de-expresion","tag-angel-irra-carceda","tag-un-rapidin"],"_links":{"self":[{"href":"https:\/\/www.acapulcopress.com\/index.php\/wp-json\/wp\/v2\/posts\/1262188","targetHints":{"allow":["GET"]}}],"collection":[{"href":"https:\/\/www.acapulcopress.com\/index.php\/wp-json\/wp\/v2\/posts"}],"about":[{"href":"https:\/\/www.acapulcopress.com\/index.php\/wp-json\/wp\/v2\/types\/post"}],"author":[{"embeddable":true,"href":"https:\/\/www.acapulcopress.com\/index.php\/wp-json\/wp\/v2\/users\/1"}],"replies":[{"embeddable":true,"href":"https:\/\/www.acapulcopress.com\/index.php\/wp-json\/wp\/v2\/comments?post=1262188"}],"version-history":[{"count":1,"href":"https:\/\/www.acapulcopress.com\/index.php\/wp-json\/wp\/v2\/posts\/1262188\/revisions"}],"predecessor-version":[{"id":1262190,"href":"https:\/\/www.acapulcopress.com\/index.php\/wp-json\/wp\/v2\/posts\/1262188\/revisions\/1262190"}],"wp:featuredmedia":[{"embeddable":true,"href":"https:\/\/www.acapulcopress.com\/index.php\/wp-json\/wp\/v2\/media\/1262189"}],"wp:attachment":[{"href":"https:\/\/www.acapulcopress.com\/index.php\/wp-json\/wp\/v2\/media?parent=1262188"}],"wp:term":[{"taxonomy":"category","embeddable":true,"href":"https:\/\/www.acapulcopress.com\/index.php\/wp-json\/wp\/v2\/categories?post=1262188"},{"taxonomy":"post_tag","embeddable":true,"href":"https:\/\/www.acapulcopress.com\/index.php\/wp-json\/wp\/v2\/tags?post=1262188"}],"curies":[{"name":"wp","href":"https:\/\/api.w.org\/{rel}","templated":true}]}}