{"id":1262195,"date":"2026-01-09T18:25:25","date_gmt":"2026-01-10T00:25:25","guid":{"rendered":"https:\/\/www.acapulcopress.com\/?p=1262195"},"modified":"2026-01-09T18:32:07","modified_gmt":"2026-01-10T00:32:07","slug":"trump-hablara-con-corina-sobre-su-posible-rol-en-venezuela","status":"publish","type":"post","link":"https:\/\/www.acapulcopress.com\/index.php\/2026\/01\/09\/trump-hablara-con-corina-sobre-su-posible-rol-en-venezuela\/","title":{"rendered":"Trump hablar\u00e1 con Corina de su posible rol en Venezuela"},"content":{"rendered":"<p>CHILPANCINGO * 9 de enero, 2026.<br \/>\n<em>) <a href=\"https:\/\/efe.com\/mundo\/2026-01-10\/donald-trump-dialogo-maria-corina-machado-rol-venezuela\/\" target=\"_blank\" rel=\"noopener\">Efe<\/a><\/em><br \/>\nEl presidente estadounidense, <strong>Donald Trump<\/strong> asegur\u00f3 este viernes que hablar\u00e1 con la l\u00edder opositora venezolana,<strong> Mar\u00eda Corina Machado<\/strong>, sobre su capacidad para jugar un posible rol en el futuro de Venezuela, cuando ambos se encuentren la semana pr\u00f3xima en Washington.<\/p>\n<p>\u00abVoy a tener que hablar con ella. Podr\u00eda estar involucrada en alg\u00fan aspecto. Tendr\u00e9 que hablar con ella. Creo que es muy amable por su parte querer venir\u00bb, asegur\u00f3 Trump cuando la prensa le pregunt\u00f3 si su postura en cuanto al rol de Corina Machado en el Gobierno de Venezuela podr\u00eda cambiar si ella le entregara su <em>Premio Nobel.<\/em><\/p>\n<p>\u00abNo se me ocurre nadie en la historia que merezca m\u00e1s el <em>Premio Nobel<\/em> que yo, y no quiero presumir, pero nadie m\u00e1s ha resuelto guerras\u00bb, dijo Trump en respuesta.<\/p>\n<p>Machado, que ya hab\u00eda dedicado el <em>Nobel<\/em> a Trump cuando lo recibi\u00f3, afirm\u00f3 este lunes en una entrevista en la cadena estadounidense \u2018Fox News\u2019 que \u00abciertamente quiere d\u00e1rselo y compartirlo con \u00e9l\u00bb, a lo que el Instituto Nobel noruego explic\u00f3 que un Premio Nobel no se puede transferir a terceros.<\/p>\n<p>\u00abNoruega est\u00e1 muy avergonzada por lo que sucedi\u00f3. Es decir, est\u00e1n siendo muy criticados\u00bb, asegur\u00f3 el republicano.<\/p>\n<p><strong>La visita de Mar\u00eda Corina Machado<br \/>\n<\/strong><br \/>\nTrump insisti\u00f3 en que se siente \u00abmuy honrado\u00bb de la visita de la opositora venezolana: \u00abTenemos a una joven que recibi\u00f3 el <em>Premio Nobel de la Paz<\/em>. Va a venir a presentar sus respetos a nuestro pa\u00eds, en realidad a m\u00ed\u00bb, consider\u00f3.<\/p>\n<p>Estas declaraciones contrastan ligeramente con lo que \u00e9l mismo dijo cuando cuestion\u00f3 la capacidad de Machado para liderar Venezuela porque \u00abno tiene apoyo o respeto\u00bb en el pa\u00eds.<\/p>\n<p>Estados Unidos ha descartado por el momento a la oposici\u00f3n venezolana y se ha decantado por el Gobierno interino de <strong>Delcy Rodr\u00edguez<\/strong>, ahora presidenta venezolana encargada, para pilotar una transici\u00f3n que estar\u00e1 teledirigida desde Washington.<\/p>\n<p>El mandatario tambi\u00e9n ha aprovechado para criticar al expresidente Barack Obama (2009-2007), galardonado con el premio Nobel de la Paz al inicio de su mandato.<\/p>\n<p>\u00abObama recibi\u00f3 el <em>Premio Nobel<\/em>. No ten\u00eda ni idea de por qu\u00e9. Todav\u00eda no tiene ni idea. Anda por ah\u00ed diciendo: \u2018\u00bfpor qu\u00e9 recib\u00ed un Premio Nobel?\u2019 Lo recibi\u00f3 casi inmediatamente despu\u00e9s de asumir el cargo, no hizo nada y fue un mal presidente\u00bb, critic\u00f3.<\/p>\n<p>Trump, quien suele insistir en que ha puesto fin a ocho conflictos internacionales, consider\u00f3 que este galard\u00f3n deber\u00eda concederse seg\u00fan el n\u00famero de guerras resueltas.<br \/>\n*<em>\u00a0<a class=\"x1fey0fg xmper1u x1edh9d7\" href=\"https:\/\/fb.me\/steparious\">fb.me\/steparious<\/a>\u00a0*\u00a0<a class=\"x1fey0fg xmper1u x1edh9d7\" href=\"https:\/\/fb.me\/acapulcopress\">fb.me\/acapulcopress<\/a><\/em><\/p>\n","protected":false},"excerpt":{"rendered":"<p>El presidente estadounidense, Donald Trump asegur\u00f3 este viernes que hablar\u00e1 con la l\u00edder opositora venezolana, Mar\u00eda Corina Machado, sobre su capacidad para jugar un posible rol en el futuro de Venezuela, cuando ambos se encuentren la semana pr\u00f3xima en Washington.<\/p>\n<p>\u00abNo se me ocurre nadie en la historia que merezca m\u00e1s el Premio Nobel que yo, y no quiero presumir, pero nadie m\u00e1s ha resuelto guerras\u00bb, dijo Trump en respuesta.<\/p>\n<p>\u00abVoy a tener que hablar con ella. Podr\u00eda estar involucrada en alg\u00fan aspecto. Tendr\u00e9 que hablar con ella. Creo que es muy amable por su parte querer venir\u00bb, asegur\u00f3 Trump cuando la prensa le pregunt\u00f3 si su postura en cuanto al rol de Corina Machado en el Gobierno de Venezuela.<\/p>\n","protected":false},"author":1,"featured_media":1262196,"comment_status":"closed","ping_status":"open","sticky":false,"template":"","format":"standard","meta":{"footnotes":""},"categories":[2009],"tags":[19037,7450,19046,19047,19045],"class_list":["post-1262195","post","type-post","status-publish","format-standard","has-post-thumbnail","hentry","category-politics","tag-delcy-rodriguez","tag-donald-trump","tag-maria-corina-machado","tag-maria-corina-machado-parisca","tag-premio-nobel-de-la-paz"],"_links":{"self":[{"href":"https:\/\/www.acapulcopress.com\/index.php\/wp-json\/wp\/v2\/posts\/1262195","targetHints":{"allow":["GET"]}}],"collection":[{"href":"https:\/\/www.acapulcopress.com\/index.php\/wp-json\/wp\/v2\/posts"}],"about":[{"href":"https:\/\/www.acapulcopress.com\/index.php\/wp-json\/wp\/v2\/types\/post"}],"author":[{"embeddable":true,"href":"https:\/\/www.acapulcopress.com\/index.php\/wp-json\/wp\/v2\/users\/1"}],"replies":[{"embeddable":true,"href":"https:\/\/www.acapulcopress.com\/index.php\/wp-json\/wp\/v2\/comments?post=1262195"}],"version-history":[{"count":5,"href":"https:\/\/www.acapulcopress.com\/index.php\/wp-json\/wp\/v2\/posts\/1262195\/revisions"}],"predecessor-version":[{"id":1262201,"href":"https:\/\/www.acapulcopress.com\/index.php\/wp-json\/wp\/v2\/posts\/1262195\/revisions\/1262201"}],"wp:featuredmedia":[{"embeddable":true,"href":"https:\/\/www.acapulcopress.com\/index.php\/wp-json\/wp\/v2\/media\/1262196"}],"wp:attachment":[{"href":"https:\/\/www.acapulcopress.com\/index.php\/wp-json\/wp\/v2\/media?parent=1262195"}],"wp:term":[{"taxonomy":"category","embeddable":true,"href":"https:\/\/www.acapulcopress.com\/index.php\/wp-json\/wp\/v2\/categories?post=1262195"},{"taxonomy":"post_tag","embeddable":true,"href":"https:\/\/www.acapulcopress.com\/index.php\/wp-json\/wp\/v2\/tags?post=1262195"}],"curies":[{"name":"wp","href":"https:\/\/api.w.org\/{rel}","templated":true}]}}