{"id":1262224,"date":"2026-01-09T22:05:26","date_gmt":"2026-01-10T04:05:26","guid":{"rendered":"https:\/\/www.acapulcopress.com\/?p=1262224"},"modified":"2026-01-10T08:24:01","modified_gmt":"2026-01-10T14:24:01","slug":"reconoce-evelyn-salgado-compromiso-de-sheinbaum-con-los-mas-vulnerables","status":"publish","type":"post","link":"https:\/\/www.acapulcopress.com\/index.php\/2026\/01\/09\/reconoce-evelyn-salgado-compromiso-de-sheinbaum-con-los-mas-vulnerables\/","title":{"rendered":"Reconoce Evelyn Salgado compromiso de Sheinbaum con los m\u00e1s vulnerables"},"content":{"rendered":"<p>CHILPANCINGO * 9 de enero, 2026.<br \/>\n<em>) Gobierno de Guerrero<br \/>\n<\/em>Al asistir a la entrega del programa<em> Pensi\u00f3n Mujeres Bienestar<\/em> por parte de la presidenta<strong> Claudia Sheinbaum Pardo<\/strong>, la gobernadora <strong>Evelyn Salgado Pineda<\/strong> reconoci\u00f3 el compromiso y la visi\u00f3n clara de la jefa del Ejecutivo federal, para poner en el centro de la pol\u00edtica a las <a href=\"https:\/\/www.acapulcopress.com\/wp-content\/uploads\/2026\/01\/evelyn.sheinbaum12.jpg\"><img loading=\"lazy\" decoding=\"async\" class=\"alignleft size-cmsmasters-square-thumb wp-image-1262236\" src=\"https:\/\/www.acapulcopress.com\/wp-content\/uploads\/2026\/01\/evelyn.sheinbaum12-360x360.jpg\" alt=\"\" width=\"360\" height=\"360\" srcset=\"https:\/\/www.acapulcopress.com\/wp-content\/uploads\/2026\/01\/evelyn.sheinbaum12-360x360.jpg 360w, https:\/\/www.acapulcopress.com\/wp-content\/uploads\/2026\/01\/evelyn.sheinbaum12-150x150.jpg 150w, https:\/\/www.acapulcopress.com\/wp-content\/uploads\/2026\/01\/evelyn.sheinbaum12-70x70.jpg 70w\" sizes=\"auto, (max-width: 360px) 100vw, 360px\" \/><\/a>personas que m\u00e1s lo necesitan y reconociendo la dignidad humana.<\/p>\n<p>En el evento al que asistieron beneficiarias de la regi\u00f3n de la Costa Grande, la mandataria estatal destac\u00f3 que para la presidenta Sheinbaum Pardo es prioritario que la prosperidad sea compartida, universal y con justicia social, como un derecho efectivo de todos los pueblos. Por ello enfatiz\u00f3 su agradecimiento por el compromiso para apoyar a las y los guerrerenses.<\/p>\n<p>\u00abGracias al trabajo de la <em>Secretar\u00eda de Bienestar<\/em> y al compromiso de la mejor presidenta del mundo, la doctora Claudia Sheinbaum Pardo, cerca de un mill\u00f3n y medio de guerrerenses transforman su vida a trav\u00e9s de alg\u00fan programa del bienestar. Esto ha sido posible gracias a un respaldo hist\u00f3rico de 35 mil millones de pesos, que tan solo el a\u00f1o pasado llegaron de manera directa y sin intermediarios a nuestro pueblo\u00bb, se\u00f1al\u00f3 la mandataria estatal.<\/p>\n<p>En un emotivo mensaje, la gobernadora resalt\u00f3 que todos estos programas llegan del campo a la mar, de los hogares a las aulas, y que crean condiciones materiales que dignifican la vida de la poblaci\u00f3n. Dijo que hoy Guerrero es testimonio vivo de este proyecto en el que m\u00e1s de 190 mil personas han dejado atr\u00e1s la condici\u00f3n de pobreza.<\/p>\n<p><a href=\"https:\/\/www.acapulcopress.com\/wp-content\/uploads\/2026\/01\/evelyn.sheinbaum3.jpg\"><img loading=\"lazy\" decoding=\"async\" class=\"alignleft size-cmsmasters-square-thumb wp-image-1262227\" src=\"https:\/\/www.acapulcopress.com\/wp-content\/uploads\/2026\/01\/evelyn.sheinbaum3-360x360.jpg\" alt=\"\" width=\"360\" height=\"360\" srcset=\"https:\/\/www.acapulcopress.com\/wp-content\/uploads\/2026\/01\/evelyn.sheinbaum3-360x360.jpg 360w, https:\/\/www.acapulcopress.com\/wp-content\/uploads\/2026\/01\/evelyn.sheinbaum3-150x150.jpg 150w, https:\/\/www.acapulcopress.com\/wp-content\/uploads\/2026\/01\/evelyn.sheinbaum3-70x70.jpg 70w\" sizes=\"auto, (max-width: 360px) 100vw, 360px\" \/><\/a>\u00abDesde Coyuca de Ben\u00edtez, presidenta, refrendamos nuestra convicci\u00f3n y nuestro compromiso con este proyecto que ya est\u00e1 cambiando la historia de millones de familias. No tengo ninguna duda de que 2026 ser\u00e1 un a\u00f1o maravilloso para las familias de M\u00e9xico y de Guerrero\u00bb, subray\u00f3.<\/p>\n<p>En su mensaje, la presidenta de M\u00e9xico agradeci\u00f3 el trabajo de la gobernadora Evelyn Salgado y refrend\u00f3 su compromiso para seguir en este esfuerzo conjunto para apoyar a la poblaci\u00f3n vulnerable, as\u00ed como trabajar para lograr mejores condiciones de vida para todos los mexicanos. \u00abMi compromiso es que sigan los programas de Bienestar y vamos por m\u00e1s programas de Bienestar para las mujeres. Y el salario m\u00ednimo que siga aumentando a\u00f1o con a\u00f1o por encima de la inflaci\u00f3n\u00bb, a\u00f1adi\u00f3.<\/p>\n<p>Dijo que este programa es para reconocer el trabajo de las mujeres, reconociendo los principios de igualdad y la lucha por los derechos. En este marco la presidenta reiter\u00f3 que seguir\u00e1 apoyando a Guerrero, mediante diversos acciones y programas.<\/p>\n<p>En tanto, la titular de la Secretar\u00eda del Bienestar, Ariadna Montiel Reyes, dijo que, en el estado, alrededor de 74 mil mujeres reciben la pensi\u00f3n Mujeres Bienestar, de manera directa y sin intermediarios. Explic\u00f3 que, al cumplir 65 a\u00f1os, de manera autom\u00e1tica las beneficiarias recibir\u00e1n la pensi\u00f3n de Adultos Mayores, lo que habla de un acompa\u00f1amiento integral.<\/p>\n<p><a href=\"https:\/\/www.acapulcopress.com\/wp-content\/uploads\/2026\/01\/evelyn.sheinbaum2.jpg\"><img loading=\"lazy\" decoding=\"async\" class=\"alignleft size-cmsmasters-square-thumb wp-image-1262226\" src=\"https:\/\/www.acapulcopress.com\/wp-content\/uploads\/2026\/01\/evelyn.sheinbaum2-360x360.jpg\" alt=\"\" width=\"360\" height=\"360\" srcset=\"https:\/\/www.acapulcopress.com\/wp-content\/uploads\/2026\/01\/evelyn.sheinbaum2-360x360.jpg 360w, https:\/\/www.acapulcopress.com\/wp-content\/uploads\/2026\/01\/evelyn.sheinbaum2-150x150.jpg 150w, https:\/\/www.acapulcopress.com\/wp-content\/uploads\/2026\/01\/evelyn.sheinbaum2-70x70.jpg 70w\" sizes=\"auto, (max-width: 360px) 100vw, 360px\" \/><\/a>\u00abEsta pensi\u00f3n refleja el compromiso de nuestra presidenta, es un acto de justicia para quienes han trabajado toda su vida, desde esta tierra que nunca se ha cansado de luchar, les decimos que no est\u00e1n solas\u00bb, expres\u00f3 la funcionaria.<\/p>\n<p>En este marco, la presidenta de M\u00e9xico hizo entrega de tarjetas de manera simb\u00f3lica a <strong>Martha Leticia Urbina Balanzar<\/strong>, <strong>Irene Gavil\u00e1n Tapia<\/strong>, <strong>Elena L\u00f3pez Mart\u00ednez<\/strong> y <strong>Silvia G\u00f3mez Balanzar<\/strong>.<\/p>\n<p>A nombre de las beneficiarias, Irene Gavil\u00e1n Tapia, agradeci\u00f3 la entrega de este apoyo que genera muchas oportunidades y es un gran aporte para lograr su desarrollo.<\/p>\n<p>Asistieron a este evento, la titular de la Secretar\u00eda de las Mujeres, Citlalli Hern\u00e1ndez Mora; el titular de Fonatur, Sebasti\u00e1n Ram\u00edrez; el coordinador general de Programas para el Bienestar, Carlos Torres Rosas; la coordinadora general de Asuntos Gubernamentales, Leticia Ram\u00edrez y el alcalde de Coyuca de Ben\u00edtez, V\u00edctor Hugo Catal\u00e1n D\u00edaz.<\/p>\n<p><a href=\"https:\/\/www.acapulcopress.com\/wp-content\/uploads\/2026\/01\/evelyn.sheinbaum.jpg\"><img loading=\"lazy\" decoding=\"async\" class=\"alignnone wp-image-1262225 size-large\" src=\"https:\/\/www.acapulcopress.com\/wp-content\/uploads\/2026\/01\/evelyn.sheinbaum-1024x682.jpg\" alt=\"\" width=\"1024\" height=\"682\" srcset=\"https:\/\/www.acapulcopress.com\/wp-content\/uploads\/2026\/01\/evelyn.sheinbaum-1024x682.jpg 1024w, https:\/\/www.acapulcopress.com\/wp-content\/uploads\/2026\/01\/evelyn.sheinbaum-300x200.jpg 300w, https:\/\/www.acapulcopress.com\/wp-content\/uploads\/2026\/01\/evelyn.sheinbaum-768x512.jpg 768w, https:\/\/www.acapulcopress.com\/wp-content\/uploads\/2026\/01\/evelyn.sheinbaum-580x387.jpg 580w, https:\/\/www.acapulcopress.com\/wp-content\/uploads\/2026\/01\/evelyn.sheinbaum-860x573.jpg 860w, https:\/\/www.acapulcopress.com\/wp-content\/uploads\/2026\/01\/evelyn.sheinbaum-1160x773.jpg 1160w, https:\/\/www.acapulcopress.com\/wp-content\/uploads\/2026\/01\/evelyn.sheinbaum.jpg 1280w\" sizes=\"auto, (max-width: 1024px) 100vw, 1024px\" \/><\/a><\/p>\n<p><em>*\u00a0<a class=\"x1fey0fg xmper1u x1edh9d7\" href=\"https:\/\/fb.me\/steparious\">fb.me\/steparious<\/a>\u00a0*\u00a0<a class=\"x1fey0fg xmper1u x1edh9d7\" href=\"https:\/\/fb.me\/acapulcopress\">fb.me\/acapulcopress<\/a><\/em><\/p>\n","protected":false},"excerpt":{"rendered":"<p>CHILPANCINGO * 9 de enero, 2026. ) Gobierno de Guerrero Al asistir a la entrega del programa Pensi\u00f3n Mujeres Bienestar por parte de la presidenta Claudia Sheinbaum Pardo, la gobernadora Evelyn Salgado Pineda reconoci\u00f3 el compromiso y la visi\u00f3n clara de la jefa del Ejecutivo federal, para poner en el centro de la pol\u00edtica a&#8230;<\/p>\n","protected":false},"author":1,"featured_media":1262230,"comment_status":"closed","ping_status":"open","sticky":false,"template":"","format":"standard","meta":{"footnotes":""},"categories":[2080],"tags":[5853,19057,8251,19056,19055,14463,19058],"class_list":["post-1262224","post","type-post","status-publish","format-standard","has-post-thumbnail","hentry","category-regiones-de-guerrero","tag-claudia-sheinbaum-pardo","tag-elena-lopez-martinez","tag-evelyn-salgado-pineda","tag-irene-gavilan-tapia","tag-martha-leticia-urbina-balanzar","tag-pension-mujeres-bienestar","tag-silvia-gomez-balanzar"],"_links":{"self":[{"href":"https:\/\/www.acapulcopress.com\/index.php\/wp-json\/wp\/v2\/posts\/1262224","targetHints":{"allow":["GET"]}}],"collection":[{"href":"https:\/\/www.acapulcopress.com\/index.php\/wp-json\/wp\/v2\/posts"}],"about":[{"href":"https:\/\/www.acapulcopress.com\/index.php\/wp-json\/wp\/v2\/types\/post"}],"author":[{"embeddable":true,"href":"https:\/\/www.acapulcopress.com\/index.php\/wp-json\/wp\/v2\/users\/1"}],"replies":[{"embeddable":true,"href":"https:\/\/www.acapulcopress.com\/index.php\/wp-json\/wp\/v2\/comments?post=1262224"}],"version-history":[{"count":1,"href":"https:\/\/www.acapulcopress.com\/index.php\/wp-json\/wp\/v2\/posts\/1262224\/revisions"}],"predecessor-version":[{"id":1262238,"href":"https:\/\/www.acapulcopress.com\/index.php\/wp-json\/wp\/v2\/posts\/1262224\/revisions\/1262238"}],"wp:featuredmedia":[{"embeddable":true,"href":"https:\/\/www.acapulcopress.com\/index.php\/wp-json\/wp\/v2\/media\/1262230"}],"wp:attachment":[{"href":"https:\/\/www.acapulcopress.com\/index.php\/wp-json\/wp\/v2\/media?parent=1262224"}],"wp:term":[{"taxonomy":"category","embeddable":true,"href":"https:\/\/www.acapulcopress.com\/index.php\/wp-json\/wp\/v2\/categories?post=1262224"},{"taxonomy":"post_tag","embeddable":true,"href":"https:\/\/www.acapulcopress.com\/index.php\/wp-json\/wp\/v2\/tags?post=1262224"}],"curies":[{"name":"wp","href":"https:\/\/api.w.org\/{rel}","templated":true}]}}