{"id":1262243,"date":"2026-01-11T13:38:42","date_gmt":"2026-01-11T19:38:42","guid":{"rendered":"https:\/\/www.acapulcopress.com\/?p=1262243"},"modified":"2026-01-12T07:25:04","modified_gmt":"2026-01-12T13:25:04","slug":"claudia-sheinbaum-con-la-espada-de-damocles-en-su-visita-acapulco","status":"publish","type":"post","link":"https:\/\/www.acapulcopress.com\/index.php\/2026\/01\/11\/claudia-sheinbaum-con-la-espada-de-damocles-en-su-visita-acapulco\/","title":{"rendered":"Claudia Sheinbaum con la espada de Damocles en su visita Acapulco"},"content":{"rendered":"<p><em>* Abelina y su carencia de dignidad<\/em><\/p>\n<p>Tercera V\u00eda<br \/>\n\u00bb <a href=\"http:\/\/ERNESTO | RIVERA RODR\u00cdGUEZ\" target=\"_blank\" rel=\"noopener\"><strong>ERNESTO<\/strong> | <strong>RIVERA RODR\u00cdGUEZ<\/strong><\/a><\/p>\n<p>En el nuevo formato itinerante de la \u00abMa\u00f1anera del Pueblo\u00bb, la presidenta Claudia Sheinbaum, la inauguro este jueves 8 en Cuernavaca, Morelos, para cerrar en Acapulco de Ju\u00e1rez, siendo recibida por la gobernadora Evelyn Cesia, en el recinto de la Base Naval de Icacos, en su segunda Ma\u00f1anera itinerante, en lo qu\u00e9 ser\u00eda su d\u00e9cima visita al puerto de Acapulco en su administraci\u00f3n pol\u00edtica.<\/p>\n<p>Con este nuevo modelo y estilo de la \u00abMa\u00f1anera del Pueblo \u00ab, la presidenta Claudia Sheinbaum Pardo busca dejar el \u00abencapsulamiento\u00bb y la monoton\u00eda en que habia ca\u00eddo dentro de los muros de Palacio Nacional, y encontrar vientos alisios y frescos en la pradera nacional. Moverse, encontrarse, saludar y abrazar a su tan \u00abmanoseado\u00bb pueblo y estimular directamente las politicas nacionales sin \u00abtraditores\u00bb y desde su propia voz encontrar el eco sin intermediarios.<\/p>\n<p>El a\u00f1o apenas comienza y en esta cuesta de enero la presidenta Claudia Sheinbaum decidi\u00f3 hacer lo que Ni el gobierno pasado hizo, mirar profundamente hacia el Sur, mirar Acapulco y en su arribo dej\u00f3 evidenciado lo que ya sab\u00edamos, lo que el puerto padece; un municipio en abandono por su autoridad lleno de problemas que su gobierno actual no quiso enfrentar.<\/p>\n<p>Necesario el golpe sobre la mesa.<\/p>\n<p>Su notoria ausencia, este distanciamiento pol\u00edtico es la estocada final a cualquier aspiraci\u00f3n de Abelina L\u00f3pez por la gubernatura de Guerrero. La \u00abDamanatio memoriae\u00bb de los romanos. Condena de la memoria. La muerte pol\u00edtica en vida.<\/p>\n<p>Al participar en conferencia conjunta ofrecida en las instalaciones de la Octava Regi\u00f3n Militar, la presidenta Claudia , el Gabinete de Seguridad Federal, la gobernadora Evelyn Cesia Salgado Pineda destac\u00f3 el trabajo que se ha logrado en materia de seguridad, impulso al turismo y reconstrucci\u00f3n, lo que ha permitido mejorar las condiciones de este destino tur\u00edstico y de su poblaci\u00f3n.<\/p>\n<p>En este encuentro se dio un \u00abfuerte desliz\u00bb tomado por las c\u00e1maras oficiales en el instante del encuentro de las autoridades a su arribo, instante en el que la \u00abNany\u00bb secretaria de Gobernaci\u00f3n, Rosa Isela Rodr\u00edguez, en media vuelta \u00abtaurina\u00bb le da la espalda al Secretario de Seguridad P\u00fablica, para evitar saludarlo, Omar Garcia Harfuch, quien con toda cordura sigui\u00f3 su camino sin inmutarse, tal cu\u00e1l es.<br \/>\nCuesti\u00f3n de educaci\u00f3n.<\/p>\n<p>&#8230;pensaba qu\u00e9 s\u00f3lo esto pasaba en los lavaderos pero No.<\/p>\n<p>En dicho encuentro se destacaron los esfuerzos que han dado como resultado una significativa reducci\u00f3n de los homicidios dolosos, as\u00ed como la aplicaci\u00f3n de diversas estrategias, c\u00f3mo lo fueron expresadas por el Secretario Omar Garcia Harfuch y en el area pol\u00edtico social por la Secretar\u00eda Rosa Isela Rodr\u00edguez.<\/p>\n<p>La jefa del ejecutivo estatal reconoci\u00f3 que dichos avances que se han logrado, son el resultado de la aplicaci\u00f3n integral de los cuatro ejes de la Estrategia Nacional de Seguridad, implementados por la presidenta Claudia Sheinbaum enfatizando la labor en la atenci\u00f3n de las causas, sin descuidar la atenci\u00f3n y cercan\u00eda con el pueblo, priorizando el trabajo en territorio.<\/p>\n<p>Trasladados a Coyuca de Benitez, ah\u00ed en lo que se conoce como la puerta a la Costa Grande de Guerrero, la gobernadora reconoci\u00f3 el compromiso de la presidenta Claudia Sheinbaum para poner en el centro de la pol\u00edtica los m\u00e1s vulnerables. Destacando su compromiso social quien hizo entrega de apoyos del programa Pensi\u00f3n de Mujeres Bienestar en Coyuca de Ben\u00edtez<\/p>\n<p>La ausencia pautada y las presencias oportunistas.<\/p>\n<p>Abelina L\u00f3pez, la alcadesa de Acapulco, oficialmente No fue invitada, oficialmente No era necesaria su presencia. Claudia la excluyo de la Ma\u00f1anera y con ello de toda aspiraci\u00f3n pol\u00edtica. Fue coloquialmente un \u00abmadruguete pol\u00edtico\u00bb. Su muerte pol\u00edtica en vida. Distanciamiento pol\u00edtico de una alcaldesa t\u00f3xica. Una purga pol\u00edtica en toda la regla.<\/p>\n<p>La presidenta Claudia, c\u00e1lculo el momento, el lugar y el tiempo para azotar la mano sobre la mesa pol\u00edtica, calculadora y meticulosa emiti\u00f3 el veredicto m\u00e1s contundente posible.<\/p>\n<p>\u00abAbelina se ha convertido en un lastre pol\u00edtico electoral no solamente para su partido sino en una verg\u00fcenza para los acapulque\u00f1os\u00bb.<\/p>\n<p>La exclusi\u00f3n publica de su propio municipio es un acto de \u00abdamnatio memoriae\u00bb que aplicaban los romanos, un mensaje claro no solamente para Guerrero. Una determinaci\u00f3n jam\u00e1s tomada pol\u00edticanente en M\u00e9xico.<br \/>\nEsta funcionaria est\u00e1 tan quemada que ni siquiera la presidenta de la naci\u00f3n quiere que aparezca en la misma foto.<\/p>\n<p>Pero su falta de dignidad y torpeza pol\u00edtica, su desesperaci\u00f3n, la hizo viajar a Coyuca de Benitez, donde la presidenta acompa\u00f1ada de la gobernadora y el alcalde de Coyuca de Benitez, entregaban apoyos a las mujeres, cuando se hizo presente en las vallas, pasados unos minutos le hicieron saber a la presidenta, que \u00abah\u00ed\u00bb se encontraba, Abelina. Permitiendole el acceso. Mayor torpeza pol\u00edtica No s\u00e9 puede entender, y total falta de dignidad.<\/p>\n<p>Una acci\u00f3n pol\u00edticamente estrat\u00e9gica: eliminar con la espada de Damocles de un tajo la corrupci\u00f3n e incompetencia para limpiar el desacredito -a\u00fan m\u00e1s- al proyecto de Morena al 27.<\/p>\n<p>Al tiempo y como siempre apenas huelen temporada de cosecha, temporada de elecciones aparecen los pol\u00edticos \u00abgolondrinos\u00bb, esos de temporada, los mismos que se esconden todo el a\u00f1o, que no caminan en las calles, que no conocen las colonias ni los barrios abandonados, alejados del cacareado \u00abpueblo\u00bb, surgen como los hongos sin calidad moral ni preparaci\u00f3n pol\u00edtica.<\/p>\n<p>Abelina fue la primera pero no ser\u00e1 la \u00fanica ni la \u00faltima&#8230;la espada de Democles, l\u00e9ase, de Claudia Sheinbaum, est\u00e1 sobre su cabeza.<\/p>\n<p>Dej\u00f3 y mand\u00f3 el mensaje: \u00abYo mando\u00bb.<\/p>\n<p>En otras palabras, eso se llama \u00abRealpolitik\u00bb.<br \/>\n*<em>\u00a0<a class=\"x1fey0fg xmper1u x1edh9d7\" href=\"https:\/\/fb.me\/steparious\">fb.me\/steparious<\/a>\u00a0*\u00a0<a class=\"x1fey0fg xmper1u x1edh9d7\" href=\"https:\/\/fb.me\/acapulcopress\">fb.me\/acapulcopress<\/a><\/em><\/p>\n","protected":false},"excerpt":{"rendered":"<p>Ernesto Rivera | En el nuevo formato itinerante de la \u00abMa\u00f1anera del Pueblo\u00bb, la presidenta Claudia Sheinbaum, la inauguro este jueves 8 en Cuernavaca<\/p>\n","protected":false},"author":1,"featured_media":1262244,"comment_status":"closed","ping_status":"open","sticky":false,"template":"","format":"standard","meta":{"footnotes":""},"categories":[2071,1991],"tags":[8063,17071],"class_list":["post-1262243","post","type-post","status-publish","format-standard","has-post-thumbnail","hentry","category-opinion-analisis-columnas","category-libertad-de-expresion","tag-ernesto-rivera-rodriguez","tag-tercera-via"],"_links":{"self":[{"href":"https:\/\/www.acapulcopress.com\/index.php\/wp-json\/wp\/v2\/posts\/1262243","targetHints":{"allow":["GET"]}}],"collection":[{"href":"https:\/\/www.acapulcopress.com\/index.php\/wp-json\/wp\/v2\/posts"}],"about":[{"href":"https:\/\/www.acapulcopress.com\/index.php\/wp-json\/wp\/v2\/types\/post"}],"author":[{"embeddable":true,"href":"https:\/\/www.acapulcopress.com\/index.php\/wp-json\/wp\/v2\/users\/1"}],"replies":[{"embeddable":true,"href":"https:\/\/www.acapulcopress.com\/index.php\/wp-json\/wp\/v2\/comments?post=1262243"}],"version-history":[{"count":1,"href":"https:\/\/www.acapulcopress.com\/index.php\/wp-json\/wp\/v2\/posts\/1262243\/revisions"}],"predecessor-version":[{"id":1262245,"href":"https:\/\/www.acapulcopress.com\/index.php\/wp-json\/wp\/v2\/posts\/1262243\/revisions\/1262245"}],"wp:featuredmedia":[{"embeddable":true,"href":"https:\/\/www.acapulcopress.com\/index.php\/wp-json\/wp\/v2\/media\/1262244"}],"wp:attachment":[{"href":"https:\/\/www.acapulcopress.com\/index.php\/wp-json\/wp\/v2\/media?parent=1262243"}],"wp:term":[{"taxonomy":"category","embeddable":true,"href":"https:\/\/www.acapulcopress.com\/index.php\/wp-json\/wp\/v2\/categories?post=1262243"},{"taxonomy":"post_tag","embeddable":true,"href":"https:\/\/www.acapulcopress.com\/index.php\/wp-json\/wp\/v2\/tags?post=1262243"}],"curies":[{"name":"wp","href":"https:\/\/api.w.org\/{rel}","templated":true}]}}