{"id":1262279,"date":"2026-01-13T19:41:34","date_gmt":"2026-01-14T01:41:34","guid":{"rendered":"https:\/\/www.acapulcopress.com\/?p=1262279"},"modified":"2026-01-13T19:41:34","modified_gmt":"2026-01-14T01:41:34","slug":"fgegro-recibe-en-extradicion-de-eu-persona-investigada-por-abuso-sexual","status":"publish","type":"post","link":"https:\/\/www.acapulcopress.com\/index.php\/2026\/01\/13\/fgegro-recibe-en-extradicion-de-eu-persona-investigada-por-abuso-sexual\/","title":{"rendered":"#FGEGro recibe en extradici\u00f3n de EU persona investigada por abuso sexual"},"content":{"rendered":"<p>CHILPANCINGO * 13 de enero, 2026.<br \/>\n<em>) FGE Guerrero<\/em><br \/>\nEn cumplimiento al Tratado de Extradici\u00f3n firmado entre M\u00e9xico y los Estados Unidos de Am\u00e9rica, la <em>Fiscal\u00eda General del Estado de Guerrero,<\/em> en colaboraci\u00f3n con la <em>Fiscal\u00eda General de la Rep\u00fablica (FGR)<\/em> y la <em>Unidad de Asuntos Policiales Internacionales (Interpol),<\/em> recibi\u00f3 en extradici\u00f3n de dicho pa\u00eds a Prudencio \u201cN\u201d, requerido por un Juez de Control con sede en Iguala de la Independencia, por el delito de abuso sexual, en agravio de una menor de edad.<\/p>\n<p>Derivado de trabajos de investigaci\u00f3n, Prudencio \u201cN\u201d fue localizado en el Condado de Orange, California. De acuerdo con las investigaciones, presuntamente el 24 de febrero de 2020 habr\u00eda realizado tocamientos de \u00edndole sexual a la v\u00edctima, en el poblado de Tuxpan, municipio de Iguala de la Independencia, Guerrero.<\/p>\n<p>En atenci\u00f3n a lo anterior, el Gobierno de los Estados Unidos de Am\u00e9rica concedi\u00f3 la extradici\u00f3n al Gobierno mexicano, realiz\u00e1ndose la entrega del imputado en el Aeropuerto Internacional de la Ciudad de M\u00e9xico, para ser puesto a disposici\u00f3n del Juez de Control que lo requiere.<\/p>\n<p>La Fiscal\u00eda General del Estado de Guerrero refrenda su compromiso de procurar justicia, garantizar la protecci\u00f3n de ni\u00f1as, ni\u00f1os y adolescentes, as\u00ed como de fortalecer la coordinaci\u00f3n nacional e internacional para combatir los delitos que vulneran la integridad de las personas.<br \/>\n<em><a href=\"http:\/\/%2A%20fb.me\/steparious\" target=\"_blank\" rel=\"noopener\">* fb.me\/steparious\u00a0<\/a>*\u00a0<a href=\"http:\/\/fb.me\/acapulcopress\" target=\"_blank\" rel=\"noopener\">fb.me\/acapulcopress<\/a><\/em><\/p>\n","protected":false},"excerpt":{"rendered":"<p>CHILPANCINGO * 13 de enero, 2026. ) FGE Guerrero En cumplimiento al Tratado de Extradici\u00f3n firmado entre M\u00e9xico y los Estados Unidos de Am\u00e9rica, la Fiscal\u00eda General del Estado de Guerrero, en colaboraci\u00f3n con la Fiscal\u00eda General de la Rep\u00fablica (FGR) y la Unidad de Asuntos Policiales Internacionales (Interpol), recibi\u00f3 en extradici\u00f3n de dicho pa\u00eds&#8230;<\/p>\n","protected":false},"author":1,"featured_media":1262280,"comment_status":"closed","ping_status":"open","sticky":false,"template":"","format":"standard","meta":{"footnotes":""},"categories":[2080],"tags":[8691,8700,19064],"class_list":["post-1262279","post","type-post","status-publish","format-standard","has-post-thumbnail","hentry","category-regiones-de-guerrero","tag-fiscalia-general-de-la-republica-fgr","tag-fiscalia-general-del-estado-de-guerrero","tag-unidad-de-asuntos-policiales-internacionales-interpol"],"_links":{"self":[{"href":"https:\/\/www.acapulcopress.com\/index.php\/wp-json\/wp\/v2\/posts\/1262279","targetHints":{"allow":["GET"]}}],"collection":[{"href":"https:\/\/www.acapulcopress.com\/index.php\/wp-json\/wp\/v2\/posts"}],"about":[{"href":"https:\/\/www.acapulcopress.com\/index.php\/wp-json\/wp\/v2\/types\/post"}],"author":[{"embeddable":true,"href":"https:\/\/www.acapulcopress.com\/index.php\/wp-json\/wp\/v2\/users\/1"}],"replies":[{"embeddable":true,"href":"https:\/\/www.acapulcopress.com\/index.php\/wp-json\/wp\/v2\/comments?post=1262279"}],"version-history":[{"count":1,"href":"https:\/\/www.acapulcopress.com\/index.php\/wp-json\/wp\/v2\/posts\/1262279\/revisions"}],"predecessor-version":[{"id":1262281,"href":"https:\/\/www.acapulcopress.com\/index.php\/wp-json\/wp\/v2\/posts\/1262279\/revisions\/1262281"}],"wp:featuredmedia":[{"embeddable":true,"href":"https:\/\/www.acapulcopress.com\/index.php\/wp-json\/wp\/v2\/media\/1262280"}],"wp:attachment":[{"href":"https:\/\/www.acapulcopress.com\/index.php\/wp-json\/wp\/v2\/media?parent=1262279"}],"wp:term":[{"taxonomy":"category","embeddable":true,"href":"https:\/\/www.acapulcopress.com\/index.php\/wp-json\/wp\/v2\/categories?post=1262279"},{"taxonomy":"post_tag","embeddable":true,"href":"https:\/\/www.acapulcopress.com\/index.php\/wp-json\/wp\/v2\/tags?post=1262279"}],"curies":[{"name":"wp","href":"https:\/\/api.w.org\/{rel}","templated":true}]}}