{"id":1262291,"date":"2026-01-14T10:36:23","date_gmt":"2026-01-14T16:36:23","guid":{"rendered":"https:\/\/www.acapulcopress.com\/?p=1262291"},"modified":"2026-01-14T10:54:53","modified_gmt":"2026-01-14T16:54:53","slug":"conmemoro-loteria-nacional-edicion-200-de-la-feria-de-san-mateo-de-chilpancingo","status":"publish","type":"post","link":"https:\/\/www.acapulcopress.com\/index.php\/2026\/01\/14\/conmemoro-loteria-nacional-edicion-200-de-la-feria-de-san-mateo-de-chilpancingo\/","title":{"rendered":"Conmemor\u00f3 Loter\u00eda Nacional la \u00abFeria de San Mateo\u00bb"},"content":{"rendered":"<p>CIUDAD DE M\u00c9XICO * 14 de enero, 2026.<br \/>\n<em>) Secultura Guerrero<\/em><br \/>\nLa<em> Loter\u00eda Nacional<\/em> realiz\u00f3 el <em>Sorteo Mayor<\/em> con la presentaci\u00f3n oficial del billete conmemorativo dedicado a la edici\u00f3n n\u00famero 200 de la <em><a href=\"https:\/\/www.acapulcopress.com\/wp-content\/uploads\/2026\/01\/FERIA-SAN-MATEO5.jpeg\"><img loading=\"lazy\" decoding=\"async\" class=\"alignleft size-cmsmasters-square-thumb wp-image-1262296\" src=\"https:\/\/www.acapulcopress.com\/wp-content\/uploads\/2026\/01\/FERIA-SAN-MATEO5-360x360.jpeg\" alt=\"\" width=\"360\" height=\"360\" srcset=\"https:\/\/www.acapulcopress.com\/wp-content\/uploads\/2026\/01\/FERIA-SAN-MATEO5-360x360.jpeg 360w, https:\/\/www.acapulcopress.com\/wp-content\/uploads\/2026\/01\/FERIA-SAN-MATEO5-150x150.jpeg 150w, https:\/\/www.acapulcopress.com\/wp-content\/uploads\/2026\/01\/FERIA-SAN-MATEO5-70x70.jpeg 70w\" sizes=\"auto, (max-width: 360px) 100vw, 360px\" \/><\/a>Feria de San Mateo<\/em>,<em> Navidad y A\u00f1o Nuevo<\/em> de Chilpancingo, una de las celebraciones m\u00e1s antiguas y representativas de M\u00e9xico.<\/p>\n<p>El billete conmemorativo rinde homenaje a dos siglos de historia, tradici\u00f3n e identidad cultural de la Feria de Chilpancingo, considerada patrimonio cultural e hist\u00f3rico del estado de Guerrero y un referente fundamental en la preservaci\u00f3n y difusi\u00f3n de las tradiciones del pueblo guerrerense.<\/p>\n<p>Durante el evento, se destac\u00f3 que esta conmemoraci\u00f3n reconoce la importancia cultural y social de la feria, que a lo largo de 200 a\u00f1os ha fortalecido el sentido de pertenencia y ha consolidado a Chilpancingo como un s\u00edmbolo de las tradiciones del estado.<\/p>\n<p>En representaci\u00f3n de la gobernadora de Guerrero, <strong>Evelyn Salgado Pineda<\/strong>, la secretaria de Cultura estatal, <strong>A\u00edda Melina Mart\u00ednez Rebolledo<\/strong>, se\u00f1al\u00f3 que la presentaci\u00f3n del billete conmemorativo permite proyectar a nivel nacional la riqueza cultural de Guerrero y dar visibilidad a una de sus celebraciones m\u00e1s emblem\u00e1ticas.<\/p>\n<p>La presentaci\u00f3n se llev\u00f3 a cabo en el marco del Sorteo Mayor de la Loter\u00eda Nacional, con la participaci\u00f3n de autoridades estatales, municipales y directivos de la instituci\u00f3n, quienes atestiguaron este acto conmemorativo.<\/p>\n<p><a href=\"https:\/\/www.acapulcopress.com\/wp-content\/uploads\/2026\/01\/FERIA-SAN-MATEO2.jpeg\"><img loading=\"lazy\" decoding=\"async\" class=\"alignnone wp-image-1262293 size-large\" src=\"https:\/\/www.acapulcopress.com\/wp-content\/uploads\/2026\/01\/FERIA-SAN-MATEO2-1024x576.jpeg\" alt=\"\" width=\"1024\" height=\"576\" srcset=\"https:\/\/www.acapulcopress.com\/wp-content\/uploads\/2026\/01\/FERIA-SAN-MATEO2-1024x576.jpeg 1024w, https:\/\/www.acapulcopress.com\/wp-content\/uploads\/2026\/01\/FERIA-SAN-MATEO2-300x169.jpeg 300w, https:\/\/www.acapulcopress.com\/wp-content\/uploads\/2026\/01\/FERIA-SAN-MATEO2-768x432.jpeg 768w, https:\/\/www.acapulcopress.com\/wp-content\/uploads\/2026\/01\/FERIA-SAN-MATEO2-580x326.jpeg 580w, https:\/\/www.acapulcopress.com\/wp-content\/uploads\/2026\/01\/FERIA-SAN-MATEO2-860x484.jpeg 860w, https:\/\/www.acapulcopress.com\/wp-content\/uploads\/2026\/01\/FERIA-SAN-MATEO2-1160x653.jpeg 1160w, https:\/\/www.acapulcopress.com\/wp-content\/uploads\/2026\/01\/FERIA-SAN-MATEO2.jpeg 1280w\" sizes=\"auto, (max-width: 1024px) 100vw, 1024px\" \/><\/a><\/p>\n<p><a href=\"https:\/\/www.acapulcopress.com\/wp-content\/uploads\/2026\/01\/FERIA-SAN-MATEO.png\"><img loading=\"lazy\" decoding=\"async\" class=\"alignnone wp-image-1262292 \" src=\"https:\/\/www.acapulcopress.com\/wp-content\/uploads\/2026\/01\/FERIA-SAN-MATEO-763x1024.png\" alt=\"\" width=\"998\" height=\"1339\" srcset=\"https:\/\/www.acapulcopress.com\/wp-content\/uploads\/2026\/01\/FERIA-SAN-MATEO-763x1024.png 763w, https:\/\/www.acapulcopress.com\/wp-content\/uploads\/2026\/01\/FERIA-SAN-MATEO-300x403.png 300w, https:\/\/www.acapulcopress.com\/wp-content\/uploads\/2026\/01\/FERIA-SAN-MATEO-768x1030.png 768w, https:\/\/www.acapulcopress.com\/wp-content\/uploads\/2026\/01\/FERIA-SAN-MATEO-580x778.png 580w, https:\/\/www.acapulcopress.com\/wp-content\/uploads\/2026\/01\/FERIA-SAN-MATEO-860x1154.png 860w, https:\/\/www.acapulcopress.com\/wp-content\/uploads\/2026\/01\/FERIA-SAN-MATEO.png 1080w\" sizes=\"auto, (max-width: 998px) 100vw, 998px\" \/><\/a><\/p>\n<p><a href=\"https:\/\/www.acapulcopress.com\/wp-content\/uploads\/2026\/01\/FERIA-SAN-MATEO4.jpeg\"><img loading=\"lazy\" decoding=\"async\" class=\"alignnone wp-image-1262295 size-large\" src=\"https:\/\/www.acapulcopress.com\/wp-content\/uploads\/2026\/01\/FERIA-SAN-MATEO4-1024x576.jpeg\" alt=\"\" width=\"1024\" height=\"576\" srcset=\"https:\/\/www.acapulcopress.com\/wp-content\/uploads\/2026\/01\/FERIA-SAN-MATEO4-1024x576.jpeg 1024w, https:\/\/www.acapulcopress.com\/wp-content\/uploads\/2026\/01\/FERIA-SAN-MATEO4-300x169.jpeg 300w, https:\/\/www.acapulcopress.com\/wp-content\/uploads\/2026\/01\/FERIA-SAN-MATEO4-768x432.jpeg 768w, https:\/\/www.acapulcopress.com\/wp-content\/uploads\/2026\/01\/FERIA-SAN-MATEO4-580x326.jpeg 580w, https:\/\/www.acapulcopress.com\/wp-content\/uploads\/2026\/01\/FERIA-SAN-MATEO4-860x484.jpeg 860w, https:\/\/www.acapulcopress.com\/wp-content\/uploads\/2026\/01\/FERIA-SAN-MATEO4-1160x653.jpeg 1160w, https:\/\/www.acapulcopress.com\/wp-content\/uploads\/2026\/01\/FERIA-SAN-MATEO4.jpeg 1280w\" sizes=\"auto, (max-width: 1024px) 100vw, 1024px\" \/><\/a><br \/>\n<em><a class=\"x1fey0fg xmper1u x1edh9d7\" href=\"https:\/\/fb.me\/steparious\">b.me\/steparious<\/a>\u00a0*\u00a0<a class=\"x1fey0fg xmper1u x1edh9d7\" href=\"https:\/\/fb.me\/acapulcopress\">fb.me\/acapulcopress<\/a><\/em><\/p>\n","protected":false},"excerpt":{"rendered":"<p>La Loter\u00eda Nacional realiz\u00f3 el Sorteo Mayor con la presentaci\u00f3n oficial del billete conmemorativo dedicado a la edici\u00f3n n\u00famero 200 de la<br \/>\nFeria de San Mateo, Navidad y A\u00f1o Nuevo de Chilpancingo, una de las celebraciones m\u00e1s antiguas y representativas de M\u00e9xico.<\/p>\n","protected":false},"author":1,"featured_media":1262292,"comment_status":"closed","ping_status":"open","sticky":false,"template":"","format":"standard","meta":{"footnotes":""},"categories":[2058,1988],"tags":[8492,19066],"class_list":["post-1262291","post","type-post","status-publish","format-standard","has-post-thumbnail","hentry","category-festivales-y-tradiciones","category-lifestyles","tag-feria-de-san-mateo","tag-loteria-nacional"],"_links":{"self":[{"href":"https:\/\/www.acapulcopress.com\/index.php\/wp-json\/wp\/v2\/posts\/1262291","targetHints":{"allow":["GET"]}}],"collection":[{"href":"https:\/\/www.acapulcopress.com\/index.php\/wp-json\/wp\/v2\/posts"}],"about":[{"href":"https:\/\/www.acapulcopress.com\/index.php\/wp-json\/wp\/v2\/types\/post"}],"author":[{"embeddable":true,"href":"https:\/\/www.acapulcopress.com\/index.php\/wp-json\/wp\/v2\/users\/1"}],"replies":[{"embeddable":true,"href":"https:\/\/www.acapulcopress.com\/index.php\/wp-json\/wp\/v2\/comments?post=1262291"}],"version-history":[{"count":5,"href":"https:\/\/www.acapulcopress.com\/index.php\/wp-json\/wp\/v2\/posts\/1262291\/revisions"}],"predecessor-version":[{"id":1262303,"href":"https:\/\/www.acapulcopress.com\/index.php\/wp-json\/wp\/v2\/posts\/1262291\/revisions\/1262303"}],"wp:featuredmedia":[{"embeddable":true,"href":"https:\/\/www.acapulcopress.com\/index.php\/wp-json\/wp\/v2\/media\/1262292"}],"wp:attachment":[{"href":"https:\/\/www.acapulcopress.com\/index.php\/wp-json\/wp\/v2\/media?parent=1262291"}],"wp:term":[{"taxonomy":"category","embeddable":true,"href":"https:\/\/www.acapulcopress.com\/index.php\/wp-json\/wp\/v2\/categories?post=1262291"},{"taxonomy":"post_tag","embeddable":true,"href":"https:\/\/www.acapulcopress.com\/index.php\/wp-json\/wp\/v2\/tags?post=1262291"}],"curies":[{"name":"wp","href":"https:\/\/api.w.org\/{rel}","templated":true}]}}