{"id":1262312,"date":"2026-01-14T19:30:59","date_gmt":"2026-01-15T01:30:59","guid":{"rendered":"https:\/\/www.acapulcopress.com\/?p=1262312"},"modified":"2026-01-14T19:36:11","modified_gmt":"2026-01-15T01:36:11","slug":"fracaso-reunion-estados-unidos-dinamarca-y-groenlandia","status":"publish","type":"post","link":"https:\/\/www.acapulcopress.com\/index.php\/2026\/01\/14\/fracaso-reunion-estados-unidos-dinamarca-y-groenlandia\/","title":{"rendered":"Fracas\u00f3 reuni\u00f3n EU, Dinamarca y Groenlandia"},"content":{"rendered":"<p>WASHINGTON * 14 de enero, 2026.<br \/>\n<em>) <a href=\"https:\/\/latinus.us\/mundo\/2026\/1\/14\/fracasa-reunion-de-funcionarios-de-eu-dinamarca-groenlandia-aliados-europeos-envian-tropas-la-zona-161837.html\" target=\"_blank\" rel=\"noopener\">Efe \/ LatinUs<\/a><br \/>\n<\/em>La reuni\u00f3n celebrada este mi\u00e9rcoles en Washington entre representantes de Estados Unidos, Dinamarca y Groenlandia finaliz\u00f3 sin lograr un acuerdo sobre el futuro de la isla, m\u00e1s all\u00e1 de la creaci\u00f3n de un grupo de trabajo para abordar \u00abdiscrepancias fundamentales\u00bb, mientras varios pa\u00edses europeos han anunciado el env\u00edo inmediato de tropas para reforzar la presencia aliada.<\/p>\n<p>El vicepresidente de Estados Unidos, JD Vance, y el secretario de Estado, Marco Rubio, recibieron en la Casa Blanca al ministro de Asuntos Exteriores dan\u00e9s, Lars L\u00f8kke Rasmussen, y a su hom\u00f3loga groenlandesa, Vivian Motzfeldt, pero tras un encuentro de aproximadamente 50 minutos, las autoridades danesas confirmaron que las posiciones permanecen enfrentadas debido a la voluntad del presidente Donald Trump de anexionar el territorio \u00e1rtico.<\/p>\n<p>\u00abHemos decidido formar un grupo de trabajo de alto nivel para explorar si podemos encontrar un camino com\u00fan a seguir\u00bb, declar\u00f3 Rasmussen, en una rueda de prensa posterior junto a Motzfeldt.<\/p>\n<p>Aunque Rasmussen calific\u00f3 la discusi\u00f3n de franca y constructiva, admiti\u00f3 que no ha podido cambiar la postura de Washington e indic\u00f3 que el grupo se reunir\u00e1 por primera vez \u00aben cuesti\u00f3n de semanas\u00bb y espera que se centre en \u00ababordar las preocupaciones de seguridad estadounidenses, al mismo tiempo que respetar las l\u00edneas rojas\u00bb de Dinamarca.<\/p>\n<p>El pa\u00eds europeo considera totalmente inaceptable cualquier propuesta que no respete su integridad territorial de Groenlandia -un territorio aut\u00f3nomo de Dinamarca- y el derecho de autodeterminaci\u00f3n del pueblo groenland\u00e9s.<\/p>\n<p>Este mi\u00e9rcoles, antes del encuentro, Trump expres\u00f3 en la plataforma Truth Social que con Groenlandia en \u00abmanos\u00bb de Estados Unidos, la OTAN ser\u00e1 mucho m\u00e1s eficaz y agreg\u00f3 que cualquier otra opci\u00f3n es \u00abinaceptable\u00bb.<\/p>\n<p>Refuerzo militar europeo en el \u00c1rtico<br \/>\nHoras antes de la cita diplom\u00e1tica, el Ministerio de Defensa de Dinamarca anunci\u00f3 un incremento inmediato de su presencia militar en Groenlandia y las maniobras en este territorio aut\u00f3nomo dan\u00e9s, en colaboraci\u00f3n con sus aliados de la OTAN, debido al incremento de las tensiones en el \u00c1rtico.<\/p>\n<p>Dinamarca ya ha movilizado un comando de avanzada hacia Nuuk, la capital, para preparar la llegada de m\u00e1s efectivos, aviones y barcos, y Suecia, Noruega y Alemania se han sumado a la iniciativa y enviar\u00e1n tropas.<\/p>\n<p>El primer ministro sueco, Ulf Kristersson, confirm\u00f3 la llegada este mismo mi\u00e9rcoles de oficiales de sus Fuerzas Armadas a petici\u00f3n de Dinamarca para participar en la preparaci\u00f3n de la denominada \u00abOperation Arctic Endurance\u00bb (Operaci\u00f3n Resistencia \u00c1rtica).<\/p>\n<p>\u00abJuntos preparar\u00e1n los pr\u00f3ximos pasos en el marco del ejercicio dan\u00e9s Operation Arctic Endurance (Operaci\u00f3n Resistencia \u00c1ritca). A petici\u00f3n de Dinamarca, Suecia env\u00eda personal de las Fuerzas Armadas\u00bb, detall\u00f3.<\/p>\n<p>El ministro de Defensa noruego, Tore O. Sandvik, declar\u00f3 a la agencia NTB que su pa\u00eds contribuir\u00e1 con el env\u00edo de dos militares con la tarea de explorar maneras de incrementar la cooperaci\u00f3n entre los aliados.<\/p>\n<p>\u00abAhora mismo hay un di\u00e1logo en la OTAN sobre c\u00f3mo podemos reforzar la seguridad en el \u00c1rtico, tambi\u00e9n en las zonas en y alrededor de Groenlandia. Todav\u00eda no se han sacado conclusiones, pero estamos realizando valoraciones en coordinaci\u00f3n con los aliados\u00bb, dijo Sandvik a este medio.<\/p>\n<p>Y el \u00faltimo pa\u00eds en acudir al llamado de Dinamarca ha sido Alemania, que a partir de ma\u00f1ana enviar\u00e1 un contingente militar a Groenlandia para explorar durante dos d\u00edas las condiciones para una posible contribuci\u00f3n a la seguridad de la regi\u00f3n.<\/p>\n<p>\u00abEl objetivo es explorar las condiciones marco para posibles contribuciones militares al respaldo de Dinamarca en la garant\u00eda de la seguridad en la regi\u00f3n, por ejemplo con capacidades para la vigilancia del espacio mar\u00edtimo\u00bb, inform\u00f3 el Ministerio de Defensa alem\u00e1n.<\/p>\n<p>\u00abNo es momento de hablar de independencia\u00bb<br \/>\nEn los \u00faltimos d\u00edas, el secretario general de la OTAN, Mark Rutte, ya hab\u00eda avanzado la necesidad de reforzar la presencia aliada en la isla \u00e1rtica, mientras que varios pa\u00edses europeos, como Alemania y Reino Unido, hab\u00edan apuntado a la posibilidad de usar esta f\u00f3rmula para aplacar la supuesta inquietud de Trump por la seguridad de Groenlandia ante Rusia y China, argumento que aduce para justificar la necesidad de una anexi\u00f3n.<\/p>\n<p>El presidente de Groenlandia, Jens-Frederik Nielsen, ha manifestado que la gravedad de la situaci\u00f3n actual obliga a priorizar la unidad dentro del Reino de Dinamarca por encima del debate sobre la independencia.<\/p>\n<p>\u00abNo es momento para hablar de independencia, no es momento para arriesgar nuestro derecho a la autodeterminaci\u00f3n cuando otro pa\u00eds habla de hacerse con nosotros\u00bb, se\u00f1al\u00f3 Nielsen en una entrevista publicada este mi\u00e9rcoles por la televisi\u00f3n p\u00fablica groenlandesa &#8216;KNR&#8217; y el medio digital Sermitsiaq.<\/p>\n<p>Desde Bruselas, la presidenta de la Comisi\u00f3n Europea, Ursula von der Leyen, reafirm\u00f3 el apoyo de la Uni\u00f3n Europea a la isla, subrayando que la seguridad del \u00c1rtico es una prioridad para el bloque.<br \/>\n<em><a href=\"http:\/\/%2A%20fb.me\/steparious\" target=\"_blank\" rel=\"noopener\">* fb.me\/steparious\u00a0<\/a>*\u00a0<a href=\"http:\/\/fb.me\/acapulcopress\" target=\"_blank\" rel=\"noopener\">fb.me\/acapulcopress<\/a><\/em><\/p>\n","protected":false},"excerpt":{"rendered":"<p>La reuni\u00f3n celebrada este mi\u00e9rcoles en Washington entre representantes de Estados Unidos, Dinamarca y Groenlandia finaliz\u00f3 sin lograr un acuerdo sobre el futuro de la isla, m\u00e1s all\u00e1 de la creaci\u00f3n de un grupo de trabajo para abordar \u00abdiscrepancias fundamentales\u00bb, mientras varios pa\u00edses europeos han anunciado el env\u00edo inmediato de tropas para reforzar la presencia aliada.<\/p>\n<p>El vicepresidente de Estados Unidos, JD Vance, y el secretario de Estado, Marco Rubio, recibieron en la Casa Blanca al ministro de Asuntos Exteriores dan\u00e9s, Lars L\u00f8kke Rasmussen, y a su hom\u00f3loga groenlandesa, Vivian Motzfeldt, pero tras un encuentro de aproximadamente 50 minutos, las autoridades danesas confirmaron que las posiciones permanecen enfrentadas <\/p>\n","protected":false},"author":1,"featured_media":1262313,"comment_status":"closed","ping_status":"open","sticky":false,"template":"","format":"standard","meta":{"footnotes":""},"categories":[2009],"tags":[],"class_list":["post-1262312","post","type-post","status-publish","format-standard","has-post-thumbnail","hentry","category-politics"],"_links":{"self":[{"href":"https:\/\/www.acapulcopress.com\/index.php\/wp-json\/wp\/v2\/posts\/1262312","targetHints":{"allow":["GET"]}}],"collection":[{"href":"https:\/\/www.acapulcopress.com\/index.php\/wp-json\/wp\/v2\/posts"}],"about":[{"href":"https:\/\/www.acapulcopress.com\/index.php\/wp-json\/wp\/v2\/types\/post"}],"author":[{"embeddable":true,"href":"https:\/\/www.acapulcopress.com\/index.php\/wp-json\/wp\/v2\/users\/1"}],"replies":[{"embeddable":true,"href":"https:\/\/www.acapulcopress.com\/index.php\/wp-json\/wp\/v2\/comments?post=1262312"}],"version-history":[{"count":5,"href":"https:\/\/www.acapulcopress.com\/index.php\/wp-json\/wp\/v2\/posts\/1262312\/revisions"}],"predecessor-version":[{"id":1262318,"href":"https:\/\/www.acapulcopress.com\/index.php\/wp-json\/wp\/v2\/posts\/1262312\/revisions\/1262318"}],"wp:featuredmedia":[{"embeddable":true,"href":"https:\/\/www.acapulcopress.com\/index.php\/wp-json\/wp\/v2\/media\/1262313"}],"wp:attachment":[{"href":"https:\/\/www.acapulcopress.com\/index.php\/wp-json\/wp\/v2\/media?parent=1262312"}],"wp:term":[{"taxonomy":"category","embeddable":true,"href":"https:\/\/www.acapulcopress.com\/index.php\/wp-json\/wp\/v2\/categories?post=1262312"},{"taxonomy":"post_tag","embeddable":true,"href":"https:\/\/www.acapulcopress.com\/index.php\/wp-json\/wp\/v2\/tags?post=1262312"}],"curies":[{"name":"wp","href":"https:\/\/api.w.org\/{rel}","templated":true}]}}