{"id":1262319,"date":"2026-01-14T19:59:17","date_gmt":"2026-01-15T01:59:17","guid":{"rendered":"https:\/\/www.acapulcopress.com\/?p=1262319"},"modified":"2026-01-14T20:54:13","modified_gmt":"2026-01-15T02:54:13","slug":"anuncia-gobernadora-obras-e-infraestructura-por-35-millones-para-apaxtla-y-cuetzala","status":"publish","type":"post","link":"https:\/\/www.acapulcopress.com\/index.php\/2026\/01\/14\/anuncia-gobernadora-obras-e-infraestructura-por-35-millones-para-apaxtla-y-cuetzala\/","title":{"rendered":"Anuncia Gobernadora obras e infraestructura por 35 millones en Apaxtla  y Cuetzala"},"content":{"rendered":"<p>APAXTLA\/CUETZALA * 14 de enero, 2026.<br \/>\n<em>) Gobierno de Guerrero<br \/>\n<\/em><a href=\"https:\/\/www.acapulcopress.com\/wp-content\/uploads\/2026\/01\/evelyn.apaxtla20.jpeg\"><img loading=\"lazy\" decoding=\"async\" class=\"alignleft wp-image-1262332 size-medium\" src=\"https:\/\/www.acapulcopress.com\/wp-content\/uploads\/2026\/01\/evelyn.apaxtla20-300x200.jpeg\" alt=\"\" width=\"300\" height=\"200\" srcset=\"https:\/\/www.acapulcopress.com\/wp-content\/uploads\/2026\/01\/evelyn.apaxtla20-300x200.jpeg 300w, https:\/\/www.acapulcopress.com\/wp-content\/uploads\/2026\/01\/evelyn.apaxtla20-1024x682.jpeg 1024w, https:\/\/www.acapulcopress.com\/wp-content\/uploads\/2026\/01\/evelyn.apaxtla20-768x512.jpeg 768w, https:\/\/www.acapulcopress.com\/wp-content\/uploads\/2026\/01\/evelyn.apaxtla20-580x387.jpeg 580w, https:\/\/www.acapulcopress.com\/wp-content\/uploads\/2026\/01\/evelyn.apaxtla20-860x573.jpeg 860w, https:\/\/www.acapulcopress.com\/wp-content\/uploads\/2026\/01\/evelyn.apaxtla20-1160x773.jpeg 1160w, https:\/\/www.acapulcopress.com\/wp-content\/uploads\/2026\/01\/evelyn.apaxtla20.jpeg 1280w\" sizes=\"auto, (max-width: 300px) 100vw, 300px\" \/><\/a>Durante una gira de trabajo por la regi\u00f3n Norte del estado, la gobernadora <strong>Evelyn Salgado Pineda<\/strong> anunci\u00f3 m\u00e1s de 35 millones de pesos de inversi\u00f3n en obras y acciones de infraestructura, servicios b\u00e1sicos, vivienda y conectividad para los municipios de Apaxtla de Castrej\u00f3n y Cuetzala del Progreso, con el objetivo de impulsar el desarrollo regional y mejorar la calidad de vida de la poblaci\u00f3n.<\/p>\n<p>La mandataria estatal visit\u00f3 el municipio de Apaxtla de Castrej\u00f3n donde dio el banderazo de inicio a la modernizaci\u00f3n del acceso a la cabecera municipal, obra que contempla una inversi\u00f3n de 15 millones de pesos y beneficiar\u00e1 de manera directa a m\u00e1s de 11 mil habitantes, mediante la intervenci\u00f3n de m\u00e1s de 3 mil metros cuadrados.<\/p>\n<p>El proyecto incluye dos carriles de circulaci\u00f3n, jardineras centrales, banquetas, guarniciones y alumbrado p\u00fablico, lo que permitir\u00e1 un acceso m\u00e1s seguro y digno al municipio. La secretaria de <em>Desarrollo Urbano, Obras P\u00fablicas y Ordenamiento Territorial<\/em>, <strong>Irene Jim\u00e9nez <a href=\"https:\/\/www.acapulcopress.com\/wp-content\/uploads\/2026\/01\/evelyn.apaxtla8.jpeg\"><img loading=\"lazy\" decoding=\"async\" class=\"alignleft wp-image-1262327 size-medium\" src=\"https:\/\/www.acapulcopress.com\/wp-content\/uploads\/2026\/01\/evelyn.apaxtla8-300x200.jpeg\" alt=\"\" width=\"300\" height=\"200\" srcset=\"https:\/\/www.acapulcopress.com\/wp-content\/uploads\/2026\/01\/evelyn.apaxtla8-300x200.jpeg 300w, https:\/\/www.acapulcopress.com\/wp-content\/uploads\/2026\/01\/evelyn.apaxtla8-1024x682.jpeg 1024w, https:\/\/www.acapulcopress.com\/wp-content\/uploads\/2026\/01\/evelyn.apaxtla8-768x512.jpeg 768w, https:\/\/www.acapulcopress.com\/wp-content\/uploads\/2026\/01\/evelyn.apaxtla8-580x387.jpeg 580w, https:\/\/www.acapulcopress.com\/wp-content\/uploads\/2026\/01\/evelyn.apaxtla8-860x573.jpeg 860w, https:\/\/www.acapulcopress.com\/wp-content\/uploads\/2026\/01\/evelyn.apaxtla8-1160x773.jpeg 1160w, https:\/\/www.acapulcopress.com\/wp-content\/uploads\/2026\/01\/evelyn.apaxtla8.jpeg 1280w\" sizes=\"auto, (max-width: 300px) 100vw, 300px\" \/><\/a>Montiel<\/strong>, inform\u00f3 que en Apaxtla se han realizado siete acciones con una inversi\u00f3n acumulada de 28 millones de pesos en lo que va de la administraci\u00f3n.<\/p>\n<p>Asimismo, el titular de la CICAEG,<strong> Mart\u00edn Vega Gonz\u00e1lez<\/strong>, anunci\u00f3 el inicio de la rehabilitaci\u00f3n de la carretera Teloloapan\u2013Apaxtla, en tramos aislados, una v\u00eda que beneficia a m\u00e1s de 25 mil usuarios de la regi\u00f3n.<\/p>\n<p>En materia de agua potable, el director de CAPASEG,<strong> Facundo Gast\u00e9lum<\/strong>, destac\u00f3 que en Apaxtla se han invertido 17.2 millones de pesos para mejorar el servicio, y que para este 2026 se tiene programada una inversi\u00f3n adicional de 5 millones de pesos para fortalecer los servicios b\u00e1sicos en la cabecera municipal.<\/p>\n<p>Posteriormente, la gobernadora se traslad\u00f3 a Cuetzala del Progreso, donde inform\u00f3 que en los \u00faltimos cuatro a\u00f1os se han destinado m\u00e1s de <a href=\"https:\/\/www.acapulcopress.com\/wp-content\/uploads\/2026\/01\/evelyn.apaxtla9.jpeg\"><img loading=\"lazy\" decoding=\"async\" class=\"alignleft wp-image-1262328 size-medium\" src=\"https:\/\/www.acapulcopress.com\/wp-content\/uploads\/2026\/01\/evelyn.apaxtla9-300x450.jpeg\" alt=\"\" width=\"300\" height=\"450\" srcset=\"https:\/\/www.acapulcopress.com\/wp-content\/uploads\/2026\/01\/evelyn.apaxtla9-300x450.jpeg 300w, https:\/\/www.acapulcopress.com\/wp-content\/uploads\/2026\/01\/evelyn.apaxtla9-682x1024.jpeg 682w, https:\/\/www.acapulcopress.com\/wp-content\/uploads\/2026\/01\/evelyn.apaxtla9-768x1152.jpeg 768w, https:\/\/www.acapulcopress.com\/wp-content\/uploads\/2026\/01\/evelyn.apaxtla9-580x870.jpeg 580w, https:\/\/www.acapulcopress.com\/wp-content\/uploads\/2026\/01\/evelyn.apaxtla9.jpeg 853w\" sizes=\"auto, (max-width: 300px) 100vw, 300px\" \/><\/a>46 millones de pesos en obras y acciones que impactan directamente en la infraestructura y bienestar del municipio. Tan solo en obras p\u00fablicas, se han realizado ocho acciones con una inversi\u00f3n de 8.7 millones de pesos.<\/p>\n<p>A trav\u00e9s de CAPASEG, se invirtieron m\u00e1s de 7 millones de pesos en el sistema de agua potable de la localidad de Tianquizolco, beneficiando a cerca de mil habitantes con la instalaci\u00f3n de 241 tomas domiciliarias y siete kil\u00f3metros de red de distribuci\u00f3n.<\/p>\n<p>En el rubro educativo, la gobernadora destac\u00f3 que, mediante el IGIFE, se han invertido m\u00e1s de 288 millones de pesos en la regi\u00f3n Norte, con 181 obras en 112 escuelas, beneficiando a m\u00e1s de 20 mil estudiantes. Adem\u00e1s, el secretario de<em> Educaci\u00f3n Guerrero<\/em>, <strong>Ricardo Castillo Pe\u00f1a<\/strong>, inform\u00f3 que en el \u00faltimo a\u00f1o se realizaron 66 mil ex\u00e1menes visuales y se entregaron 11 mil lentes, como parte del programa Ver bien para aprender mejor.<\/p>\n<p>En Cuetzala tambi\u00e9n dijo que se ha destinado una inversi\u00f3n conjunta superior a 29 millones de pesos para mejorar la conectividad y seguridad del municipio, as\u00ed como la pavimentaci\u00f3n de la calle Aldama, con una inversi\u00f3n de 4 millones de pesos.<\/p>\n<p>En materia de vivienda, a trav\u00e9s del programa <em>Construyendo Bienestar<\/em>, se han realizado 129 acciones en la localidad de Chilacachapa, con la construcci\u00f3n de techos, pisos firmes, cocinas y dormitorios dignos.<\/p>\n<p>Durante la gira, la gobernadora llev\u00f3 ferias de servicios integrales a ambos municipios, con atenci\u00f3n gratuita en salud, educaci\u00f3n, registro civil, DIF Guerrero, IMSS-Bienestar y obras p\u00fablicas, adem\u00e1s de la entrega de paquetes de limpieza y material did\u00e1ctico para escuelas.<\/p>\n<p>Evelyn Salgado inform\u00f3 que solicit\u00f3 de manera directa a la presidenta <strong>Claudia Sheinbaum<\/strong> el apoyo federal para la rehabilitaci\u00f3n integral de la carretera Iguala\u2013Ciudad Altamirano, una demanda hist\u00f3rica de la regi\u00f3n Norte y Tierra Caliente.<\/p>\n<p>\u201cLos recursos son del pueblo y deben regresar al pueblo en obras que se usen todos los d\u00edas. En este 2026 vamos a redoblar esfuerzos para mejorar caminos y fortalecer los servicios b\u00e1sicos\u201d, afirm\u00f3 la mandataria estatal durante esta jornada en la que estuvo acompa\u00f1ada por los alcaldes de Cuetzala, <strong>Jos\u00e9 Luis Aparicio Villanueva<\/strong> y <strong>Juan Salgado Santana<\/strong>, alcalde de Apaxtla.<\/p>\n<p><a href=\"https:\/\/www.acapulcopress.com\/wp-content\/uploads\/2026\/01\/evelyn.apaxtla14.jpeg\"><img loading=\"lazy\" decoding=\"async\" class=\"alignnone wp-image-1262331 size-full\" src=\"https:\/\/www.acapulcopress.com\/wp-content\/uploads\/2026\/01\/evelyn.apaxtla14.jpeg\" alt=\"\" width=\"1280\" height=\"853\" srcset=\"https:\/\/www.acapulcopress.com\/wp-content\/uploads\/2026\/01\/evelyn.apaxtla14.jpeg 1280w, https:\/\/www.acapulcopress.com\/wp-content\/uploads\/2026\/01\/evelyn.apaxtla14-300x200.jpeg 300w, https:\/\/www.acapulcopress.com\/wp-content\/uploads\/2026\/01\/evelyn.apaxtla14-1024x682.jpeg 1024w, https:\/\/www.acapulcopress.com\/wp-content\/uploads\/2026\/01\/evelyn.apaxtla14-768x512.jpeg 768w, https:\/\/www.acapulcopress.com\/wp-content\/uploads\/2026\/01\/evelyn.apaxtla14-580x387.jpeg 580w, https:\/\/www.acapulcopress.com\/wp-content\/uploads\/2026\/01\/evelyn.apaxtla14-860x573.jpeg 860w, https:\/\/www.acapulcopress.com\/wp-content\/uploads\/2026\/01\/evelyn.apaxtla14-1160x773.jpeg 1160w\" sizes=\"auto, (max-width: 1280px) 100vw, 1280px\" \/><\/a><\/p>\n<p><a href=\"https:\/\/www.acapulcopress.com\/wp-content\/uploads\/2026\/01\/evelyn.apaxtla13.jpeg\"><img loading=\"lazy\" decoding=\"async\" class=\"alignnone wp-image-1262330 size-full\" src=\"https:\/\/www.acapulcopress.com\/wp-content\/uploads\/2026\/01\/evelyn.apaxtla13.jpeg\" alt=\"\" width=\"1280\" height=\"853\" srcset=\"https:\/\/www.acapulcopress.com\/wp-content\/uploads\/2026\/01\/evelyn.apaxtla13.jpeg 1280w, https:\/\/www.acapulcopress.com\/wp-content\/uploads\/2026\/01\/evelyn.apaxtla13-300x200.jpeg 300w, https:\/\/www.acapulcopress.com\/wp-content\/uploads\/2026\/01\/evelyn.apaxtla13-1024x682.jpeg 1024w, https:\/\/www.acapulcopress.com\/wp-content\/uploads\/2026\/01\/evelyn.apaxtla13-768x512.jpeg 768w, https:\/\/www.acapulcopress.com\/wp-content\/uploads\/2026\/01\/evelyn.apaxtla13-580x387.jpeg 580w, https:\/\/www.acapulcopress.com\/wp-content\/uploads\/2026\/01\/evelyn.apaxtla13-860x573.jpeg 860w, https:\/\/www.acapulcopress.com\/wp-content\/uploads\/2026\/01\/evelyn.apaxtla13-1160x773.jpeg 1160w\" sizes=\"auto, (max-width: 1280px) 100vw, 1280px\" \/><\/a><\/p>\n<p><a href=\"https:\/\/www.acapulcopress.com\/wp-content\/uploads\/2026\/01\/evelyn.apaxtla11.jpeg\"><img loading=\"lazy\" decoding=\"async\" class=\"alignnone wp-image-1262329 size-full\" src=\"https:\/\/www.acapulcopress.com\/wp-content\/uploads\/2026\/01\/evelyn.apaxtla11.jpeg\" alt=\"\" width=\"1280\" height=\"853\" srcset=\"https:\/\/www.acapulcopress.com\/wp-content\/uploads\/2026\/01\/evelyn.apaxtla11.jpeg 1280w, https:\/\/www.acapulcopress.com\/wp-content\/uploads\/2026\/01\/evelyn.apaxtla11-300x200.jpeg 300w, https:\/\/www.acapulcopress.com\/wp-content\/uploads\/2026\/01\/evelyn.apaxtla11-1024x682.jpeg 1024w, https:\/\/www.acapulcopress.com\/wp-content\/uploads\/2026\/01\/evelyn.apaxtla11-768x512.jpeg 768w, https:\/\/www.acapulcopress.com\/wp-content\/uploads\/2026\/01\/evelyn.apaxtla11-580x387.jpeg 580w, https:\/\/www.acapulcopress.com\/wp-content\/uploads\/2026\/01\/evelyn.apaxtla11-860x573.jpeg 860w, https:\/\/www.acapulcopress.com\/wp-content\/uploads\/2026\/01\/evelyn.apaxtla11-1160x773.jpeg 1160w\" sizes=\"auto, (max-width: 1280px) 100vw, 1280px\" \/><\/a><\/p>\n<p><a href=\"https:\/\/www.acapulcopress.com\/wp-content\/uploads\/2026\/01\/evelyn.apaxtla5.jpeg\"><img loading=\"lazy\" decoding=\"async\" class=\"alignnone wp-image-1262324 size-full\" src=\"https:\/\/www.acapulcopress.com\/wp-content\/uploads\/2026\/01\/evelyn.apaxtla5.jpeg\" alt=\"\" width=\"1280\" height=\"853\" srcset=\"https:\/\/www.acapulcopress.com\/wp-content\/uploads\/2026\/01\/evelyn.apaxtla5.jpeg 1280w, https:\/\/www.acapulcopress.com\/wp-content\/uploads\/2026\/01\/evelyn.apaxtla5-300x200.jpeg 300w, https:\/\/www.acapulcopress.com\/wp-content\/uploads\/2026\/01\/evelyn.apaxtla5-1024x682.jpeg 1024w, https:\/\/www.acapulcopress.com\/wp-content\/uploads\/2026\/01\/evelyn.apaxtla5-768x512.jpeg 768w, https:\/\/www.acapulcopress.com\/wp-content\/uploads\/2026\/01\/evelyn.apaxtla5-580x387.jpeg 580w, https:\/\/www.acapulcopress.com\/wp-content\/uploads\/2026\/01\/evelyn.apaxtla5-860x573.jpeg 860w, https:\/\/www.acapulcopress.com\/wp-content\/uploads\/2026\/01\/evelyn.apaxtla5-1160x773.jpeg 1160w\" sizes=\"auto, (max-width: 1280px) 100vw, 1280px\" \/><\/a><\/p>\n<p><a href=\"https:\/\/www.acapulcopress.com\/wp-content\/uploads\/2026\/01\/evelyn.apaxtla2.jpeg\"><img loading=\"lazy\" decoding=\"async\" class=\"alignnone wp-image-1262321 size-full\" src=\"https:\/\/www.acapulcopress.com\/wp-content\/uploads\/2026\/01\/evelyn.apaxtla2.jpeg\" alt=\"\" width=\"1280\" height=\"853\" srcset=\"https:\/\/www.acapulcopress.com\/wp-content\/uploads\/2026\/01\/evelyn.apaxtla2.jpeg 1280w, https:\/\/www.acapulcopress.com\/wp-content\/uploads\/2026\/01\/evelyn.apaxtla2-300x200.jpeg 300w, https:\/\/www.acapulcopress.com\/wp-content\/uploads\/2026\/01\/evelyn.apaxtla2-1024x682.jpeg 1024w, https:\/\/www.acapulcopress.com\/wp-content\/uploads\/2026\/01\/evelyn.apaxtla2-768x512.jpeg 768w, https:\/\/www.acapulcopress.com\/wp-content\/uploads\/2026\/01\/evelyn.apaxtla2-580x387.jpeg 580w, https:\/\/www.acapulcopress.com\/wp-content\/uploads\/2026\/01\/evelyn.apaxtla2-860x573.jpeg 860w, https:\/\/www.acapulcopress.com\/wp-content\/uploads\/2026\/01\/evelyn.apaxtla2-1160x773.jpeg 1160w\" sizes=\"auto, (max-width: 1280px) 100vw, 1280px\" \/><\/a><\/p>\n<p><a href=\"https:\/\/www.acapulcopress.com\/wp-content\/uploads\/2026\/01\/evelyn.apaxtla.jpeg\"><img loading=\"lazy\" decoding=\"async\" class=\"alignnone wp-image-1262320 size-full\" src=\"https:\/\/www.acapulcopress.com\/wp-content\/uploads\/2026\/01\/evelyn.apaxtla.jpeg\" alt=\"\" width=\"1280\" height=\"853\" srcset=\"https:\/\/www.acapulcopress.com\/wp-content\/uploads\/2026\/01\/evelyn.apaxtla.jpeg 1280w, https:\/\/www.acapulcopress.com\/wp-content\/uploads\/2026\/01\/evelyn.apaxtla-300x200.jpeg 300w, https:\/\/www.acapulcopress.com\/wp-content\/uploads\/2026\/01\/evelyn.apaxtla-1024x682.jpeg 1024w, https:\/\/www.acapulcopress.com\/wp-content\/uploads\/2026\/01\/evelyn.apaxtla-768x512.jpeg 768w, https:\/\/www.acapulcopress.com\/wp-content\/uploads\/2026\/01\/evelyn.apaxtla-580x387.jpeg 580w, https:\/\/www.acapulcopress.com\/wp-content\/uploads\/2026\/01\/evelyn.apaxtla-860x573.jpeg 860w, https:\/\/www.acapulcopress.com\/wp-content\/uploads\/2026\/01\/evelyn.apaxtla-1160x773.jpeg 1160w\" sizes=\"auto, (max-width: 1280px) 100vw, 1280px\" \/><\/a><\/p>\n<p><a href=\"https:\/\/www.acapulcopress.com\/wp-content\/uploads\/2026\/01\/evelyn.apaxtla3.jpeg\"><img loading=\"lazy\" decoding=\"async\" class=\"alignnone wp-image-1262322 size-full\" src=\"https:\/\/www.acapulcopress.com\/wp-content\/uploads\/2026\/01\/evelyn.apaxtla3.jpeg\" alt=\"\" width=\"1280\" height=\"853\" srcset=\"https:\/\/www.acapulcopress.com\/wp-content\/uploads\/2026\/01\/evelyn.apaxtla3.jpeg 1280w, https:\/\/www.acapulcopress.com\/wp-content\/uploads\/2026\/01\/evelyn.apaxtla3-300x200.jpeg 300w, https:\/\/www.acapulcopress.com\/wp-content\/uploads\/2026\/01\/evelyn.apaxtla3-1024x682.jpeg 1024w, https:\/\/www.acapulcopress.com\/wp-content\/uploads\/2026\/01\/evelyn.apaxtla3-768x512.jpeg 768w, https:\/\/www.acapulcopress.com\/wp-content\/uploads\/2026\/01\/evelyn.apaxtla3-580x387.jpeg 580w, https:\/\/www.acapulcopress.com\/wp-content\/uploads\/2026\/01\/evelyn.apaxtla3-860x573.jpeg 860w, https:\/\/www.acapulcopress.com\/wp-content\/uploads\/2026\/01\/evelyn.apaxtla3-1160x773.jpeg 1160w\" sizes=\"auto, (max-width: 1280px) 100vw, 1280px\" \/><\/a><\/p>\n<p><a href=\"https:\/\/www.acapulcopress.com\/wp-content\/uploads\/2026\/01\/evelyn.apaxtla4.jpeg\"><img loading=\"lazy\" decoding=\"async\" class=\"alignnone wp-image-1262323 size-full\" src=\"https:\/\/www.acapulcopress.com\/wp-content\/uploads\/2026\/01\/evelyn.apaxtla4.jpeg\" alt=\"\" width=\"1280\" height=\"853\" srcset=\"https:\/\/www.acapulcopress.com\/wp-content\/uploads\/2026\/01\/evelyn.apaxtla4.jpeg 1280w, https:\/\/www.acapulcopress.com\/wp-content\/uploads\/2026\/01\/evelyn.apaxtla4-300x200.jpeg 300w, https:\/\/www.acapulcopress.com\/wp-content\/uploads\/2026\/01\/evelyn.apaxtla4-1024x682.jpeg 1024w, https:\/\/www.acapulcopress.com\/wp-content\/uploads\/2026\/01\/evelyn.apaxtla4-768x512.jpeg 768w, https:\/\/www.acapulcopress.com\/wp-content\/uploads\/2026\/01\/evelyn.apaxtla4-580x387.jpeg 580w, https:\/\/www.acapulcopress.com\/wp-content\/uploads\/2026\/01\/evelyn.apaxtla4-860x573.jpeg 860w, https:\/\/www.acapulcopress.com\/wp-content\/uploads\/2026\/01\/evelyn.apaxtla4-1160x773.jpeg 1160w\" sizes=\"auto, (max-width: 1280px) 100vw, 1280px\" \/><\/a><\/p>\n<p><a href=\"https:\/\/www.acapulcopress.com\/wp-content\/uploads\/2026\/01\/evelyn.apaxtla7.jpeg\"><img loading=\"lazy\" decoding=\"async\" class=\"alignnone wp-image-1262326 size-full\" src=\"https:\/\/www.acapulcopress.com\/wp-content\/uploads\/2026\/01\/evelyn.apaxtla7.jpeg\" alt=\"\" width=\"1280\" height=\"720\" srcset=\"https:\/\/www.acapulcopress.com\/wp-content\/uploads\/2026\/01\/evelyn.apaxtla7.jpeg 1280w, https:\/\/www.acapulcopress.com\/wp-content\/uploads\/2026\/01\/evelyn.apaxtla7-300x169.jpeg 300w, https:\/\/www.acapulcopress.com\/wp-content\/uploads\/2026\/01\/evelyn.apaxtla7-1024x576.jpeg 1024w, https:\/\/www.acapulcopress.com\/wp-content\/uploads\/2026\/01\/evelyn.apaxtla7-768x432.jpeg 768w, https:\/\/www.acapulcopress.com\/wp-content\/uploads\/2026\/01\/evelyn.apaxtla7-580x326.jpeg 580w, https:\/\/www.acapulcopress.com\/wp-content\/uploads\/2026\/01\/evelyn.apaxtla7-860x484.jpeg 860w, https:\/\/www.acapulcopress.com\/wp-content\/uploads\/2026\/01\/evelyn.apaxtla7-1160x653.jpeg 1160w\" sizes=\"auto, (max-width: 1280px) 100vw, 1280px\" \/><\/a><\/p>\n<p><em><a href=\"http:\/\/%2A%20fb.me\/steparious\" target=\"_blank\" rel=\"noopener\">* fb.me\/steparious\u00a0<\/a>*\u00a0<a href=\"http:\/\/fb.me\/acapulcopress\" target=\"_blank\" rel=\"noopener\">fb.me\/acapulcopress<\/a><\/em><\/p>\n","protected":false},"excerpt":{"rendered":"<p>APAXTLA\/CUETZALA * 14 de enero, 2026. ) Gobierno de Guerrero Durante una gira de trabajo por la regi\u00f3n Norte del estado, la gobernadora Evelyn Salgado Pineda anunci\u00f3 m\u00e1s de 35 millones de pesos de inversi\u00f3n en obras y acciones de infraestructura, servicios b\u00e1sicos, vivienda y conectividad para los municipios de Apaxtla de Castrej\u00f3n y Cuetzala&#8230;<\/p>\n","protected":false},"author":1,"featured_media":1262325,"comment_status":"closed","ping_status":"open","sticky":false,"template":"","format":"standard","meta":{"footnotes":""},"categories":[1980,1983],"tags":[5851,19063,8251,8345,10416,19072,19073,12762,15576],"class_list":["post-1262319","post","type-post","status-publish","format-standard","has-post-thumbnail","hentry","category-goverment-2","category-guerrerogob","tag-claudia-sheinbaum","tag-construyendo-bienestar","tag-evelyn-salgado-pineda","tag-facundo-gastelum","tag-irene-jimenez-montiel","tag-jose-luis-aparicio-villanueva","tag-juan-salgado-santana","tag-martin-vega-gonzalez","tag-ricardo-castillo-pena"],"_links":{"self":[{"href":"https:\/\/www.acapulcopress.com\/index.php\/wp-json\/wp\/v2\/posts\/1262319","targetHints":{"allow":["GET"]}}],"collection":[{"href":"https:\/\/www.acapulcopress.com\/index.php\/wp-json\/wp\/v2\/posts"}],"about":[{"href":"https:\/\/www.acapulcopress.com\/index.php\/wp-json\/wp\/v2\/types\/post"}],"author":[{"embeddable":true,"href":"https:\/\/www.acapulcopress.com\/index.php\/wp-json\/wp\/v2\/users\/1"}],"replies":[{"embeddable":true,"href":"https:\/\/www.acapulcopress.com\/index.php\/wp-json\/wp\/v2\/comments?post=1262319"}],"version-history":[{"count":2,"href":"https:\/\/www.acapulcopress.com\/index.php\/wp-json\/wp\/v2\/posts\/1262319\/revisions"}],"predecessor-version":[{"id":1262341,"href":"https:\/\/www.acapulcopress.com\/index.php\/wp-json\/wp\/v2\/posts\/1262319\/revisions\/1262341"}],"wp:featuredmedia":[{"embeddable":true,"href":"https:\/\/www.acapulcopress.com\/index.php\/wp-json\/wp\/v2\/media\/1262325"}],"wp:attachment":[{"href":"https:\/\/www.acapulcopress.com\/index.php\/wp-json\/wp\/v2\/media?parent=1262319"}],"wp:term":[{"taxonomy":"category","embeddable":true,"href":"https:\/\/www.acapulcopress.com\/index.php\/wp-json\/wp\/v2\/categories?post=1262319"},{"taxonomy":"post_tag","embeddable":true,"href":"https:\/\/www.acapulcopress.com\/index.php\/wp-json\/wp\/v2\/tags?post=1262319"}],"curies":[{"name":"wp","href":"https:\/\/api.w.org\/{rel}","templated":true}]}}