{"id":1262381,"date":"2026-01-15T17:33:44","date_gmt":"2026-01-15T23:33:44","guid":{"rendered":"https:\/\/www.acapulcopress.com\/?p=1262381"},"modified":"2026-01-15T17:37:20","modified_gmt":"2026-01-15T23:37:20","slug":"dimitio-primer-ministro-de-yemen-salem-bin-breik","status":"publish","type":"post","link":"https:\/\/www.acapulcopress.com\/index.php\/2026\/01\/15\/dimitio-primer-ministro-de-yemen-salem-bin-breik\/","title":{"rendered":"Dimiti\u00f3 primer ministro de Yemen, Salem bin Breik"},"content":{"rendered":"<p>ARABIA SAUDITA * 15 de enero, 2026.<br \/>\n<em>) <a href=\"https:\/\/www.reuters.com\/world\/middle-east\/yemen-accepts-prime-ministers-resignation-appoints-foreign-minister-new-pm-2026-01-15\/\" target=\"_blank\" rel=\"noopener\">Reuters<\/a><\/em><br \/>\nEl consejo de liderazgo presidencial de Yemen, respaldado por Arabia Saudita, acept\u00f3 la renuncia del primer ministro <strong>Salem bin Breik<\/strong> y nombr\u00f3 al ministro de Relaciones Exteriores, <strong>Shaya Mohsen Zindani<\/strong>, como nuevo primer ministro del pa\u00eds, inform\u00f3 el jueves la agencia estatal de noticias Saba.<\/p>\n<p>Bin Breik present\u00f3 formalmente su renuncia, que fue aprobada por el consejo, antes de que Zindani fuera nombrado para formar el pr\u00f3ximo gabinete, dijo Saba.<\/p>\n<p>Yemen ha sido una fuente de tensiones intensificadas en los \u00faltimos meses entre Arabia Saudita y los Emiratos \u00c1rabes Unidos.<\/p>\n<p>Un grupo separatista respaldado por los Emiratos \u00c1rabes Unidos, el <em>Consejo de Transici\u00f3n del Sur,<\/em> tom\u00f3 el control de zonas del sur y el este de Yemen en diciembre, avanzando hasta alcanzar la frontera saud\u00ed, que el reino consideraba una amenaza para su seguridad nacional. Desde entonces, los combatientes respaldados por Arabia Saud\u00ed han recuperado en gran medida esas zonas.<\/p>\n<p>Las marcadas diferencias en una serie de cuestiones, desde la geopol\u00edtica hasta la producci\u00f3n de petr\u00f3leo, tambi\u00e9n han sido causa de fricci\u00f3n entre las dos potencias del Golfo.<\/p>\n<p>Arabia Saudita y los Emiratos \u00c1rabes Unidos hab\u00edan trabajado previamente juntos en una coalici\u00f3n para luchar contra los hut\u00edes respaldados por Ir\u00e1n en la guerra civil de Yemen, que provoc\u00f3 una de las peores crisis humanitarias del mundo.<br \/>\n<em>* )\u00a0<a href=\"http:\/\/fb.me\/steparious\" target=\"_blank\" rel=\"noopener\">fb.me\/steparious\u00a0<\/a>| * )\u00a0<a href=\"http:\/\/fb.me\/acapulcopress\" target=\"_blank\" rel=\"noopener\">fb.me\/acapulcopress<\/a><\/em><\/p>\n","protected":false},"excerpt":{"rendered":"<p>El consejo de liderazgo presidencial de Yemen, respaldado por Arabia Saudita, acept\u00f3 la renuncia del primer ministro Salem bin Breik<\/p>\n","protected":false},"author":1,"featured_media":1262382,"comment_status":"closed","ping_status":"open","sticky":false,"template":"","format":"standard","meta":{"footnotes":""},"categories":[1969],"tags":[19074,19075],"class_list":["post-1262381","post","type-post","status-publish","format-standard","has-post-thumbnail","hentry","category-trending","tag-salem-bin-breik","tag-shaya-mohsen-zindani"],"_links":{"self":[{"href":"https:\/\/www.acapulcopress.com\/index.php\/wp-json\/wp\/v2\/posts\/1262381","targetHints":{"allow":["GET"]}}],"collection":[{"href":"https:\/\/www.acapulcopress.com\/index.php\/wp-json\/wp\/v2\/posts"}],"about":[{"href":"https:\/\/www.acapulcopress.com\/index.php\/wp-json\/wp\/v2\/types\/post"}],"author":[{"embeddable":true,"href":"https:\/\/www.acapulcopress.com\/index.php\/wp-json\/wp\/v2\/users\/1"}],"replies":[{"embeddable":true,"href":"https:\/\/www.acapulcopress.com\/index.php\/wp-json\/wp\/v2\/comments?post=1262381"}],"version-history":[{"count":2,"href":"https:\/\/www.acapulcopress.com\/index.php\/wp-json\/wp\/v2\/posts\/1262381\/revisions"}],"predecessor-version":[{"id":1262384,"href":"https:\/\/www.acapulcopress.com\/index.php\/wp-json\/wp\/v2\/posts\/1262381\/revisions\/1262384"}],"wp:featuredmedia":[{"embeddable":true,"href":"https:\/\/www.acapulcopress.com\/index.php\/wp-json\/wp\/v2\/media\/1262382"}],"wp:attachment":[{"href":"https:\/\/www.acapulcopress.com\/index.php\/wp-json\/wp\/v2\/media?parent=1262381"}],"wp:term":[{"taxonomy":"category","embeddable":true,"href":"https:\/\/www.acapulcopress.com\/index.php\/wp-json\/wp\/v2\/categories?post=1262381"},{"taxonomy":"post_tag","embeddable":true,"href":"https:\/\/www.acapulcopress.com\/index.php\/wp-json\/wp\/v2\/tags?post=1262381"}],"curies":[{"name":"wp","href":"https:\/\/api.w.org\/{rel}","templated":true}]}}