{"id":1262385,"date":"2026-01-15T18:31:39","date_gmt":"2026-01-16T00:31:39","guid":{"rendered":"https:\/\/www.acapulcopress.com\/?p=1262385"},"modified":"2026-01-15T18:33:45","modified_gmt":"2026-01-16T00:33:45","slug":"machado-entrego-a-trump-medalla-nobel-de-la-paz","status":"publish","type":"post","link":"https:\/\/www.acapulcopress.com\/index.php\/2026\/01\/15\/machado-entrego-a-trump-medalla-nobel-de-la-paz\/","title":{"rendered":"Machado entreg\u00f3 a Trump medalla Nobel de la Paz"},"content":{"rendered":"<p>WASHINGTON * 15 de enero, 2026.<br \/>\n<em>) <a href=\"https:\/\/es.wired.com\/articulos\/maria-corina-machado-dice-que-le-entrego-a-donald-trump-su-premio-nobel-de-la-paz\" target=\"_blank\" rel=\"noopener\">Es.Wired<\/a><br \/>\n<\/em>La l\u00edder opositora venezolana, <strong>Mar\u00eda Corina Machado<\/strong>, dijo que entreg\u00f3 al presidente estadounidense <strong>Donald Trump<\/strong> su medalla del <em>Premio Nobel de la Paz<\/em> durante su reuni\u00f3n del jueves. No respondi\u00f3 a las preguntas de los periodistas sobre si la hab\u00eda aceptado.<\/p>\n<p><a href=\"https:\/\/www.acapulcopress.com\/wp-content\/uploads\/2026\/01\/CORINA-MACHADO.jpg\"><img loading=\"lazy\" decoding=\"async\" class=\"alignleft wp-image-1262387 size-medium\" src=\"https:\/\/www.acapulcopress.com\/wp-content\/uploads\/2026\/01\/CORINA-MACHADO-300x169.jpg\" alt=\"\" width=\"300\" height=\"169\" srcset=\"https:\/\/www.acapulcopress.com\/wp-content\/uploads\/2026\/01\/CORINA-MACHADO-300x169.jpg 300w, https:\/\/www.acapulcopress.com\/wp-content\/uploads\/2026\/01\/CORINA-MACHADO-1024x576.jpg 1024w, https:\/\/www.acapulcopress.com\/wp-content\/uploads\/2026\/01\/CORINA-MACHADO-768x432.jpg 768w, https:\/\/www.acapulcopress.com\/wp-content\/uploads\/2026\/01\/CORINA-MACHADO-580x326.jpg 580w, https:\/\/www.acapulcopress.com\/wp-content\/uploads\/2026\/01\/CORINA-MACHADO-860x483.jpg 860w, https:\/\/www.acapulcopress.com\/wp-content\/uploads\/2026\/01\/CORINA-MACHADO.jpg 1110w\" sizes=\"auto, (max-width: 300px) 100vw, 300px\" \/><\/a>Este jueves 15 de enero se llev\u00f3 a cabo en la <em>Casa Blanca<\/em> una reuni\u00f3n a puerta cerrada entre Mar\u00eda Corina Machado y Donald Trump. Fue el primer encuentro cara a cara entre el presidente de Estados Unidos y la l\u00edder de la oposici\u00f3n venezolana. Al concluir su visita, Machado declar\u00f3 a los medios que le entreg\u00f3 su Premio Nobel de la Paz a Trump, tal como indic\u00f3 que lo har\u00eda hace una semana.<\/p>\n<p>\u201cLe entregu\u00e9 al presidente de los Estados Unidos la medalla del Premio Nobel de la Paz\u201d, dijo Machado. La activista tambi\u00e9n intent\u00f3 transmitirle al mandatario el peso hist\u00f3rico del gesto. \u201cHace 200 a\u00f1os, el general (Marqu\u00e9s de) La Fayette le entreg\u00f3 a Sim\u00f3n Bol\u00edvar una medalla con la imagen de George Washington. Desde entonces, Bol\u00edvar conserv\u00f3 esa medalla por el resto de su vida. Y, 200 a\u00f1os despu\u00e9s, el pueblo de Bol\u00edvar le entrega una medalla al heredero de Washington, en reconocimiento a su singular compromiso con nuestra libertad\u201d.<\/p>\n<p>Al cierre de esta edici\u00f3n, la <em>Casa Blanca<\/em> no ha confirmado si Donald Trump acept\u00f3 la medalla.<\/p>\n<p><strong>Venezuela en la jaula digital<\/strong><\/p>\n<p>Si algo han aprendido los venezolanos durante dos d\u00e9cadas de chavismo es la resiliencia digital. A\u00f1os de censura, desinformaci\u00f3n y represi\u00f3n han llevado a ingeniarse mecanismos para mantenerse informados en tiempos oscuros, sobre todo tras el ataque de Estados Unidos.<\/p>\n<p>A la vez que Machado se reun\u00eda con el presidente Trump y con legisladores de ambos partidos, Delcy Rodr\u00edguez, presidenta encargada de Venezuela, dio un discurso ante la Asamblea Nacional en el que aludi\u00f3 al encuentro: \u201cSi alg\u00fan d\u00eda me tocase, como presidenta encargada, ir a Washington, lo har\u00e9 de pie, caminando, no arrastrada, lo har\u00e9 con la bandera tricolor\u201d.<\/p>\n<p>La visita de Machado a la Casa Blanca cobr\u00f3 mayor relevancia esta ma\u00f1ana, ya que un d\u00eda antes, Rodr\u00edguez obtuvo un importante voto de confianza de parte del presidente de Estados Unidos. \u201cAcabamos de tener una gran conversaci\u00f3n [telef\u00f3nica] hoy, y ella es una persona genial\u201d, dijo Trump. \u201cQuiero decir que es alguien con quien hemos trabajado muy bien. Marco Rubio est\u00e1 tratando con ella, yo la trat\u00e9 esta ma\u00f1ana. Tuvimos una larga llamada y hablamos de muchas cosas, y creo que nos estamos llevando muy bien\u201d.<\/p>\n<p>Aparte de presentarle a Trump la medalla del Nobel, Machado busc\u00f3 resaltar ante Trump la importancia de consolidar la transici\u00f3n democr\u00e1tica en su pa\u00eds. \u00abContamos con el presidente Trump para la libertad de Venezuela\u00bb, dijo a los medios.<\/p>\n<p><strong>El Nobel no se puede compartir ni transferir<\/strong><\/p>\n<p>Si bien los ganadores del Premio Nobel tienen la libertad de hacer lo que quieran con la medalla como objeto f\u00edsico, la distinci\u00f3n del Premio de la Paz le sigue perteneciendo a Mar\u00eda Corina Machado. Hace unos d\u00edas, cuando se divulgaron las intenciones de la pol\u00edtica venezolana de entregarle el laurel a Trump, el Comit\u00e9 Noruego del Nobel y el Instituto Nobel Noruego aclararon que el Premio Nobel, \u201cno puede revocarse, compartirse ni transferirse a otros\u201d. A\u00f1adieron que \u00abla decisi\u00f3n es definitiva y perdura para siempre\u201d.<\/p>\n<p>Desde hace varios meses, Donald Trump cabilde\u00f3 vigorosamente para recibir el Premio Nobel de la Paz. En el primer a\u00f1o de su segundo mandato, el presidente estadounidense se atribuy\u00f3 el cr\u00e9dito de resolver varios conflictos alrededor del mundo y recibi\u00f3 el respaldo de algunos l\u00edderes, como Benjamin Netanyahu y el primer ministro de Pakist\u00e1n.<\/p>\n<p>Sin embargo, el 10 de octubre de 2025, el Comit\u00e9 Noruego del Nobel anunci\u00f3 a Machado como la ganadora del Premio Nobel de la Paz \u00abpor su incansable labor en la promoci\u00f3n de los derechos democr\u00e1ticos del pueblo de Venezuela y por su lucha para lograr una transici\u00f3n justa y pac\u00edfica de la dictadura a la democracia\u00bb.<\/p>\n<p>Machado, quien se encontraba en un lugar clandestino al momento de escuchar la noticia, dedic\u00f3 el premio a Trump: \u00abEstamos a las puertas de la victoria y hoy m\u00e1s que nunca contamos con el presidente Trump, el pueblo de Estados Unidos, los pueblos de Am\u00e9rica Latina y las naciones democr\u00e1ticas del mundo como nuestros principales aliados para lograr la libertad y la democracia\u00bb.<\/p>\n<p>Aunque Trump presuntamente llam\u00f3 a Machado para felicitarla por el reconocimiento, Washington hizo p\u00fablico el descontento del presidente con la decisi\u00f3n.<br \/>\n<em>* )\u00a0<a href=\"http:\/\/fb.me\/steparious\" target=\"_blank\" rel=\"noopener\">fb.me\/steparious\u00a0<\/a>| * )\u00a0<a href=\"http:\/\/fb.me\/acapulcopress\" target=\"_blank\" rel=\"noopener\">fb.me\/acapulcopress<\/a><\/em><\/p>\n","protected":false},"excerpt":{"rendered":"<p>La l\u00edder opositora venezolana Corina Machado dijo que entreg\u00f3 a Donald Trump su medalla del Premio Nobel de la Paz<\/p>\n","protected":false},"author":1,"featured_media":1262386,"comment_status":"closed","ping_status":"open","sticky":false,"template":"","format":"standard","meta":{"footnotes":""},"categories":[2020],"tags":[5327,7450,19046,19045],"class_list":["post-1262385","post","type-post","status-publish","format-standard","has-post-thumbnail","hentry","category-world-news","tag-casa-blanca","tag-donald-trump","tag-maria-corina-machado","tag-premio-nobel-de-la-paz"],"_links":{"self":[{"href":"https:\/\/www.acapulcopress.com\/index.php\/wp-json\/wp\/v2\/posts\/1262385","targetHints":{"allow":["GET"]}}],"collection":[{"href":"https:\/\/www.acapulcopress.com\/index.php\/wp-json\/wp\/v2\/posts"}],"about":[{"href":"https:\/\/www.acapulcopress.com\/index.php\/wp-json\/wp\/v2\/types\/post"}],"author":[{"embeddable":true,"href":"https:\/\/www.acapulcopress.com\/index.php\/wp-json\/wp\/v2\/users\/1"}],"replies":[{"embeddable":true,"href":"https:\/\/www.acapulcopress.com\/index.php\/wp-json\/wp\/v2\/comments?post=1262385"}],"version-history":[{"count":5,"href":"https:\/\/www.acapulcopress.com\/index.php\/wp-json\/wp\/v2\/posts\/1262385\/revisions"}],"predecessor-version":[{"id":1262393,"href":"https:\/\/www.acapulcopress.com\/index.php\/wp-json\/wp\/v2\/posts\/1262385\/revisions\/1262393"}],"wp:featuredmedia":[{"embeddable":true,"href":"https:\/\/www.acapulcopress.com\/index.php\/wp-json\/wp\/v2\/media\/1262386"}],"wp:attachment":[{"href":"https:\/\/www.acapulcopress.com\/index.php\/wp-json\/wp\/v2\/media?parent=1262385"}],"wp:term":[{"taxonomy":"category","embeddable":true,"href":"https:\/\/www.acapulcopress.com\/index.php\/wp-json\/wp\/v2\/categories?post=1262385"},{"taxonomy":"post_tag","embeddable":true,"href":"https:\/\/www.acapulcopress.com\/index.php\/wp-json\/wp\/v2\/tags?post=1262385"}],"curies":[{"name":"wp","href":"https:\/\/api.w.org\/{rel}","templated":true}]}}