{"id":1262405,"date":"2026-01-15T19:57:58","date_gmt":"2026-01-16T01:57:58","guid":{"rendered":"https:\/\/www.acapulcopress.com\/?p=1262405"},"modified":"2026-01-15T19:58:20","modified_gmt":"2026-01-16T01:58:20","slug":"gracias-a-confianza-de-inversionistas-se-reactiva-el-vuelo-cancun-acapulco-de-viva-aerobus","status":"publish","type":"post","link":"https:\/\/www.acapulcopress.com\/index.php\/2026\/01\/15\/gracias-a-confianza-de-inversionistas-se-reactiva-el-vuelo-cancun-acapulco-de-viva-aerobus\/","title":{"rendered":"Gracias a confianza de inversionistas se reactiva el vuelo Canc\u00fan-Acapulco de Viva"},"content":{"rendered":"<p>CIUDAD DE M\u00c9XICO * 15 de enero, 2026.<br \/>\n<em>)\u00a0 Sectur Acapulco<\/em><br \/>\nGracias a la confianza de los inversionistas y a meses de trabajo y gestiones constantes, se logr\u00f3 el regreso del vuelo Canc\u00fan\u2013Acapulco con <a href=\"https:\/\/www.acapulcopress.com\/wp-content\/uploads\/2026\/01\/cancun-vuelo4.jpg\"><img loading=\"lazy\" decoding=\"async\" class=\"alignleft wp-image-1262409 size-medium\" src=\"https:\/\/www.acapulcopress.com\/wp-content\/uploads\/2026\/01\/cancun-vuelo4-300x169.jpg\" alt=\"\" width=\"300\" height=\"169\" srcset=\"https:\/\/www.acapulcopress.com\/wp-content\/uploads\/2026\/01\/cancun-vuelo4-300x169.jpg 300w, https:\/\/www.acapulcopress.com\/wp-content\/uploads\/2026\/01\/cancun-vuelo4-1024x576.jpg 1024w, https:\/\/www.acapulcopress.com\/wp-content\/uploads\/2026\/01\/cancun-vuelo4-768x432.jpg 768w, https:\/\/www.acapulcopress.com\/wp-content\/uploads\/2026\/01\/cancun-vuelo4-1536x864.jpg 1536w, https:\/\/www.acapulcopress.com\/wp-content\/uploads\/2026\/01\/cancun-vuelo4-580x326.jpg 580w, https:\/\/www.acapulcopress.com\/wp-content\/uploads\/2026\/01\/cancun-vuelo4-860x484.jpg 860w, https:\/\/www.acapulcopress.com\/wp-content\/uploads\/2026\/01\/cancun-vuelo4-1160x653.jpg 1160w, https:\/\/www.acapulcopress.com\/wp-content\/uploads\/2026\/01\/cancun-vuelo4-1320x743.jpg 1320w, https:\/\/www.acapulcopress.com\/wp-content\/uploads\/2026\/01\/cancun-vuelo4.jpg 1600w\" sizes=\"auto, (max-width: 300px) 100vw, 300px\" \/><\/a>\u00abViva Aerob\u00fas\u00bb, que inicia operaciones el pr\u00f3ximo mes de abril.<\/p>\n<p>La reactivaci\u00f3n del vuelo Canc\u00fan\u2013Acapulco con la aerol\u00ednea <em>Viva Aerobus<\/em>, que celebr\u00f3 como \u00abbuena noticia\u00bb la gobernadora<strong> Evelyn Salgado Pineda<\/strong>, marca un nuevo impulso a la conectividad a\u00e9rea del puerto y es resultado del trabajo conjunto y coordinado entre el <em>Gobierno de Acapulco, que preside <\/em><strong>Abelina L\u00f3pez Rodr\u00edguez<\/strong><em>,<\/em> y el <em>Gobierno de Guerrero<\/em>, a trav\u00e9s de la <em>Sectur Guerrero<\/em>,\u00a0 el <em>Fideicomiso para la Promoci\u00f3n Tur\u00edstica<\/em> de Acapulco,\u00a0 y <strong>Ricardo Due\u00f1as Esp\u00edritu<\/strong>, CEO de Grupo OMA, inform\u00f3 el secretario de turismo municipal, <strong>No\u00e9 Peralta Herrera<\/strong>, quien junto con su equipo de colaboradores sostuvo este d\u00eda en la Ciudad de M\u00e9xico una reuni\u00f3n de trabajo con directivos de <em>Viva Aerobus<\/em>, en la que participaron<strong> Rub\u00e9n L\u00f3pez<\/strong>, director de <em>Planeaci\u00f3n de Rutas<\/em>; <strong>Eliuh Jacobo Mart\u00ednez Mora<\/strong>, gerente de <em>Rutas <a href=\"https:\/\/www.acapulcopress.com\/wp-content\/uploads\/2026\/01\/cancun-vuelo3.jpg\"><img loading=\"lazy\" decoding=\"async\" class=\"alignleft wp-image-1262408 size-medium\" src=\"https:\/\/www.acapulcopress.com\/wp-content\/uploads\/2026\/01\/cancun-vuelo3-300x169.jpg\" alt=\"\" width=\"300\" height=\"169\" srcset=\"https:\/\/www.acapulcopress.com\/wp-content\/uploads\/2026\/01\/cancun-vuelo3-300x169.jpg 300w, https:\/\/www.acapulcopress.com\/wp-content\/uploads\/2026\/01\/cancun-vuelo3-1024x576.jpg 1024w, https:\/\/www.acapulcopress.com\/wp-content\/uploads\/2026\/01\/cancun-vuelo3-768x432.jpg 768w, https:\/\/www.acapulcopress.com\/wp-content\/uploads\/2026\/01\/cancun-vuelo3-1536x864.jpg 1536w, https:\/\/www.acapulcopress.com\/wp-content\/uploads\/2026\/01\/cancun-vuelo3-580x326.jpg 580w, https:\/\/www.acapulcopress.com\/wp-content\/uploads\/2026\/01\/cancun-vuelo3-860x484.jpg 860w, https:\/\/www.acapulcopress.com\/wp-content\/uploads\/2026\/01\/cancun-vuelo3-1160x653.jpg 1160w, https:\/\/www.acapulcopress.com\/wp-content\/uploads\/2026\/01\/cancun-vuelo3-1320x743.jpg 1320w, https:\/\/www.acapulcopress.com\/wp-content\/uploads\/2026\/01\/cancun-vuelo3.jpg 1600w\" sizes=\"auto, (max-width: 300px) 100vw, 300px\" \/><\/a>Nacionales<\/em>; <strong>Lenin Zazueta Gonz\u00e1lez<\/strong>, director de<em> Relaciones Gubernamentales,<\/em> y <strong>Sandra del Valle Jim\u00e9nez<\/strong>, analista de <em>Viva Aerobus.<br \/>\n<\/em><br \/>\nEl vuelo Canc\u00fan\u2013Acapulco con Viva Aerobus iniciar\u00e1 el jueves 2 de abril de 2026, con dos frecuencias semanale: \u00abjueves y domingo\u00bb, operando bajo el esquema Canc\u00fan \u2013 AIFA (escala expr\u00e9s) \u2013 Acapulco.<\/p>\n<p>En la escala expr\u00e9s el pasajero no desciende del avi\u00f3n y documenta su equipaje desde el origen hasta el destino final, a\u00f1adi\u00f3 Peralta Herrera.<\/p>\n<p>El itinerario detallado ser\u00e1 el siguiente:<\/p>\n<p><strong>Canc\u00fan &#8211; Acapulco<\/strong> (v\u00eda AIFA)<\/p>\n<p>\u2022 Sale de Canc\u00fan 13:40 horas<br \/>\n\u2022 Llega a AIFA 15:00 horas<br \/>\n\u2022 Sale de AIFA 15:35 horas<br \/>\n\u2022 Llega a Acapulco 16:35 horas<\/p>\n<p><strong>Regreso Acapulco \u2192 Canc\u00fan<\/strong> (v\u00eda AIFA)<\/p>\n<p>\u2022 Sale de Acapulco 17:15 horas<br \/>\n\u2022 Llega a AIFA 18:25 horas<br \/>\n\u2022 Sale de AIFA 19:00 horas<br \/>\n\u2022 Llega a Canc\u00fan 22:05 horas<\/p>\n<p>Las reservaciones pueden realizarse en la siguiente p\u00e1gina digital: <a href=\"https:\/\/www.vivaaerobus.com\" target=\"_blank\" rel=\"noopener\">https:\/\/www.vivaaerobus.com<\/a><\/p>\n<p><a href=\"https:\/\/www.acapulcopress.com\/wp-content\/uploads\/2026\/01\/cancun-vuelo.jpg\"><img loading=\"lazy\" decoding=\"async\" class=\"alignleft wp-image-1262406 size-medium\" src=\"https:\/\/www.acapulcopress.com\/wp-content\/uploads\/2026\/01\/cancun-vuelo-300x176.jpg\" alt=\"\" width=\"300\" height=\"176\" srcset=\"https:\/\/www.acapulcopress.com\/wp-content\/uploads\/2026\/01\/cancun-vuelo-300x176.jpg 300w, https:\/\/www.acapulcopress.com\/wp-content\/uploads\/2026\/01\/cancun-vuelo-1024x600.jpg 1024w, https:\/\/www.acapulcopress.com\/wp-content\/uploads\/2026\/01\/cancun-vuelo-768x450.jpg 768w, https:\/\/www.acapulcopress.com\/wp-content\/uploads\/2026\/01\/cancun-vuelo-1536x900.jpg 1536w, https:\/\/www.acapulcopress.com\/wp-content\/uploads\/2026\/01\/cancun-vuelo-580x340.jpg 580w, https:\/\/www.acapulcopress.com\/wp-content\/uploads\/2026\/01\/cancun-vuelo-860x504.jpg 860w, https:\/\/www.acapulcopress.com\/wp-content\/uploads\/2026\/01\/cancun-vuelo-1160x679.jpg 1160w, https:\/\/www.acapulcopress.com\/wp-content\/uploads\/2026\/01\/cancun-vuelo-1320x773.jpg 1320w, https:\/\/www.acapulcopress.com\/wp-content\/uploads\/2026\/01\/cancun-vuelo.jpg 1600w\" sizes=\"auto, (max-width: 300px) 100vw, 300px\" \/><\/a>La reactivaci\u00f3n del vuelo Canc\u00fan\u2013Acapulco con <em>Viva Aerobus<\/em> tiene previsto cocretarse antes del <em>Tianguis Tur\u00edstico<\/em>, que celebrar\u00e1 su edici\u00f3n n\u00famero 50 este a\u00f1o en el puerto que lo vio nacer; con esta reactivaci\u00f3n tur\u00edstica se tiene prevista tambi\u00e9n aprovechar el <em>Mundial de F\u00fatgolf<\/em> y y el <em>Mundial de F\u00fatbol<\/em>, asegurando una ventana estrat\u00e9gica de alta exposici\u00f3n internacional, ya que esta ruta enlaza al puerto con uno de los <em>hubs<\/em> tur\u00edsticos m\u00e1s importantes del mundo, facilitando la llegada de visitantes provenientes de Nueva York, Los \u00c1ngeles, Miami, Toronto, Madrid, Par\u00eds y Londres, entre otras ciudades clave, impulsando la ocupaci\u00f3n hotelera, la derrama econ\u00f3mica y consolidando a Acapulco como un destino competitivo, accesible y conectado con el mundo, concluy\u00f3 el titular de la Sectur Acapulco.<\/p>\n<p><a href=\"https:\/\/www.acapulcopress.com\/wp-content\/uploads\/2026\/01\/cancun-vuelo2.jpg\"><img loading=\"lazy\" decoding=\"async\" class=\"alignnone wp-image-1262407 size-full\" src=\"https:\/\/www.acapulcopress.com\/wp-content\/uploads\/2026\/01\/cancun-vuelo2.jpg\" alt=\"\" width=\"1440\" height=\"1116\" srcset=\"https:\/\/www.acapulcopress.com\/wp-content\/uploads\/2026\/01\/cancun-vuelo2.jpg 1440w, https:\/\/www.acapulcopress.com\/wp-content\/uploads\/2026\/01\/cancun-vuelo2-300x233.jpg 300w, https:\/\/www.acapulcopress.com\/wp-content\/uploads\/2026\/01\/cancun-vuelo2-1024x794.jpg 1024w, https:\/\/www.acapulcopress.com\/wp-content\/uploads\/2026\/01\/cancun-vuelo2-768x595.jpg 768w, https:\/\/www.acapulcopress.com\/wp-content\/uploads\/2026\/01\/cancun-vuelo2-580x450.jpg 580w, https:\/\/www.acapulcopress.com\/wp-content\/uploads\/2026\/01\/cancun-vuelo2-860x667.jpg 860w, https:\/\/www.acapulcopress.com\/wp-content\/uploads\/2026\/01\/cancun-vuelo2-1160x899.jpg 1160w, https:\/\/www.acapulcopress.com\/wp-content\/uploads\/2026\/01\/cancun-vuelo2-1320x1023.jpg 1320w\" sizes=\"auto, (max-width: 1440px) 100vw, 1440px\" \/><\/a><\/p>\n<p><em>* )\u00a0<a href=\"http:\/\/fb.me\/steparious\" target=\"_blank\" rel=\"noopener\">fb.me\/steparious\u00a0<\/a>| * )\u00a0<a href=\"http:\/\/fb.me\/acapulcopress\" target=\"_blank\" rel=\"noopener\">fb.me\/acapulcopress<\/a><\/em><\/p>\n","protected":false},"excerpt":{"rendered":"<p>CIUDAD DE M\u00c9XICO * 15 de enero, 2026. )\u00a0 Sectur Acapulco Gracias a la confianza de los inversionistas y a meses de trabajo y gestiones constantes, se logr\u00f3 el regreso del vuelo Canc\u00fan\u2013Acapulco con \u00abViva Aerob\u00fas\u00bb, que inicia operaciones el pr\u00f3ximo mes de abril. La reactivaci\u00f3n del vuelo Canc\u00fan\u2013Acapulco con la aerol\u00ednea Viva Aerobus, que&#8230;<\/p>\n","protected":false},"author":1,"featured_media":1262410,"comment_status":"closed","ping_status":"open","sticky":false,"template":"","format":"standard","meta":{"footnotes":""},"categories":[1980,1981],"tags":[19090,3077,19087,8251,19085,19088,19092,19091,13711,19084,19086,19089,16334,16336,17966],"class_list":["post-1262405","post","type-post","status-publish","format-standard","has-post-thumbnail","hentry","category-goverment-2","category-acapulco","tag-50-tianguis-turistico","tag-abelina-lopez-rodriguez","tag-eliuh-jacobo-martinez-mora","tag-evelyn-salgado-pineda","tag-grupo-oma","tag-lenin-zazueta-gonzalez","tag-mundial-de-futbol","tag-mundial-de-futgolf","tag-noe-peralta-herrera","tag-ricardo-duenas-espiritu","tag-ruben-lopez","tag-sandra-del-valle-jimenez","tag-sectur-acapulco","tag-sectur-guerrero","tag-viva-aerobus"],"_links":{"self":[{"href":"https:\/\/www.acapulcopress.com\/index.php\/wp-json\/wp\/v2\/posts\/1262405","targetHints":{"allow":["GET"]}}],"collection":[{"href":"https:\/\/www.acapulcopress.com\/index.php\/wp-json\/wp\/v2\/posts"}],"about":[{"href":"https:\/\/www.acapulcopress.com\/index.php\/wp-json\/wp\/v2\/types\/post"}],"author":[{"embeddable":true,"href":"https:\/\/www.acapulcopress.com\/index.php\/wp-json\/wp\/v2\/users\/1"}],"replies":[{"embeddable":true,"href":"https:\/\/www.acapulcopress.com\/index.php\/wp-json\/wp\/v2\/comments?post=1262405"}],"version-history":[{"count":2,"href":"https:\/\/www.acapulcopress.com\/index.php\/wp-json\/wp\/v2\/posts\/1262405\/revisions"}],"predecessor-version":[{"id":1262412,"href":"https:\/\/www.acapulcopress.com\/index.php\/wp-json\/wp\/v2\/posts\/1262405\/revisions\/1262412"}],"wp:featuredmedia":[{"embeddable":true,"href":"https:\/\/www.acapulcopress.com\/index.php\/wp-json\/wp\/v2\/media\/1262410"}],"wp:attachment":[{"href":"https:\/\/www.acapulcopress.com\/index.php\/wp-json\/wp\/v2\/media?parent=1262405"}],"wp:term":[{"taxonomy":"category","embeddable":true,"href":"https:\/\/www.acapulcopress.com\/index.php\/wp-json\/wp\/v2\/categories?post=1262405"},{"taxonomy":"post_tag","embeddable":true,"href":"https:\/\/www.acapulcopress.com\/index.php\/wp-json\/wp\/v2\/tags?post=1262405"}],"curies":[{"name":"wp","href":"https:\/\/api.w.org\/{rel}","templated":true}]}}