{"id":1262421,"date":"2026-01-15T20:50:53","date_gmt":"2026-01-16T02:50:53","guid":{"rendered":"https:\/\/www.acapulcopress.com\/?p=1262421"},"modified":"2026-01-15T20:50:53","modified_gmt":"2026-01-16T02:50:53","slug":"desde-hoy-queda-prohibido-que-menores-de-12-anos-viajen-como-pasajeros-en-motos","status":"publish","type":"post","link":"https:\/\/www.acapulcopress.com\/index.php\/2026\/01\/15\/desde-hoy-queda-prohibido-que-menores-de-12-anos-viajen-como-pasajeros-en-motos\/","title":{"rendered":"Desde hoy queda prohibido que menores de 12 a\u00f1os viajen como pasajeros en motos"},"content":{"rendered":"<p>CHILPANCINGO * 15 de enero, 2026.<br \/>\n<em>) LXIV Legislatura | Guerrero<br \/>\n<\/em>El Pleno del Congreso local aprob\u00f3 un dictamen por el que se adiciona la fracci\u00f3n XIV y se recorre la actual del art\u00edculo 53 de la<em> Ley 849 de Movilidad y Seguridad Vial del Estado,<\/em> para prohibir que menores de doce a\u00f1os viajen como pasajeros en motocicletas, salvo que el veh\u00edculo <a href=\"https:\/\/www.acapulcopress.com\/wp-content\/uploads\/2026\/01\/menores-en-moto.jpg\"><img loading=\"lazy\" decoding=\"async\" class=\"alignleft wp-image-1262423 size-medium\" src=\"https:\/\/www.acapulcopress.com\/wp-content\/uploads\/2026\/01\/menores-en-moto-300x193.jpg\" alt=\"\" width=\"300\" height=\"193\" srcset=\"https:\/\/www.acapulcopress.com\/wp-content\/uploads\/2026\/01\/menores-en-moto-300x193.jpg 300w, https:\/\/www.acapulcopress.com\/wp-content\/uploads\/2026\/01\/menores-en-moto-1024x658.jpg 1024w, https:\/\/www.acapulcopress.com\/wp-content\/uploads\/2026\/01\/menores-en-moto-768x493.jpg 768w, https:\/\/www.acapulcopress.com\/wp-content\/uploads\/2026\/01\/menores-en-moto-1536x987.jpg 1536w, https:\/\/www.acapulcopress.com\/wp-content\/uploads\/2026\/01\/menores-en-moto-580x373.jpg 580w, https:\/\/www.acapulcopress.com\/wp-content\/uploads\/2026\/01\/menores-en-moto-860x552.jpg 860w, https:\/\/www.acapulcopress.com\/wp-content\/uploads\/2026\/01\/menores-en-moto-1160x745.jpg 1160w, https:\/\/www.acapulcopress.com\/wp-content\/uploads\/2026\/01\/menores-en-moto-1320x848.jpg 1320w, https:\/\/www.acapulcopress.com\/wp-content\/uploads\/2026\/01\/menores-en-moto.jpg 1756w\" sizes=\"auto, (max-width: 300px) 100vw, 300px\" \/><\/a>sea de transporte p\u00fablico y cuente con cabina y cinturones de seguridad.<\/p>\n<p>En tribuna, el diputado Joaqu\u00edn Badillo Escamilla, integrante de la Comisi\u00f3n de Transporte y promovente de la iniciativa, explic\u00f3 que, una vez concluido el proceso legislativo, la comisi\u00f3n dictaminadora aprob\u00f3 la propuesta en sentido positivo al considerar que la modificaci\u00f3n es congruente con el marco constitucional y con los tratados internacionales en materia de derechos humanos, movilidad y seguridad vial, y se alinea con las pol\u00edticas p\u00fablicas impulsadas a nivel nacional e internacional para reducir muertes y lesiones por siniestros viales.<\/p>\n<p>Asimismo, atiende una problem\u00e1tica social creciente y prioriza el inter\u00e9s superior de la ni\u00f1ez, cuyo objetivo principal es proteger la integridad f\u00edsica y la vida de las infancias ante el incremento de accidentes viales relacionados con el uso de motocicletas.<\/p>\n<p>El diputado, integrante del Grupo Parlamentario de Morena, dijo que el dictamen aprobado otorga facultades a los municipios para establecer sanciones en sus reglamentos de tr\u00e1nsito y fortalecer las acciones de supervisi\u00f3n, con el fin de prevenir conductas de riesgo y fomentar una cultura de movilidad segura; adem\u00e1s, proh\u00edbe transportar en motocicletas a personas que no puedan sostenerse por s\u00ed mismas, con el prop\u00f3sito de salvaguardar su integridad.<\/p>\n<p>Por \u00faltimo, se destac\u00f3 que esta reforma representa un avance significativo hacia una movilidad m\u00e1s segura, incluyente y responsable, colocando la protecci\u00f3n de la vida y la salud de ni\u00f1as, ni\u00f1os y personas vulnerables como eje central de la legislaci\u00f3n en Guerrero.<br \/>\n<em>* )\u00a0<a href=\"http:\/\/fb.me\/steparious\" target=\"_blank\" rel=\"noopener\">fb.me\/steparious\u00a0<\/a>| * )\u00a0<a href=\"http:\/\/fb.me\/acapulcopress\" target=\"_blank\" rel=\"noopener\">fb.me\/acapulcopress<\/a><\/em><\/p>\n","protected":false},"excerpt":{"rendered":"<p>CHILPANCINGO * 15 de enero, 2026. ) LXIV Legislatura | Guerrero El Pleno del Congreso local aprob\u00f3 un dictamen por el que se adiciona la fracci\u00f3n XIV y se recorre la actual del art\u00edculo 53 de la Ley 849 de Movilidad y Seguridad Vial del Estado, para prohibir que menores de doce a\u00f1os viajen como&#8230;<\/p>\n","protected":false},"author":1,"featured_media":1262424,"comment_status":"closed","ping_status":"open","sticky":false,"template":"","format":"standard","meta":{"footnotes":""},"categories":[2037,61],"tags":[19093,12256],"class_list":["post-1262421","post","type-post","status-publish","format-standard","has-post-thumbnail","hentry","category-congreso-de-guerrero","category-legislacion","tag-ley-849-de-movilidad-y-seguridad-vial-del-estado","tag-lxiv-legislatura-guerrero"],"_links":{"self":[{"href":"https:\/\/www.acapulcopress.com\/index.php\/wp-json\/wp\/v2\/posts\/1262421","targetHints":{"allow":["GET"]}}],"collection":[{"href":"https:\/\/www.acapulcopress.com\/index.php\/wp-json\/wp\/v2\/posts"}],"about":[{"href":"https:\/\/www.acapulcopress.com\/index.php\/wp-json\/wp\/v2\/types\/post"}],"author":[{"embeddable":true,"href":"https:\/\/www.acapulcopress.com\/index.php\/wp-json\/wp\/v2\/users\/1"}],"replies":[{"embeddable":true,"href":"https:\/\/www.acapulcopress.com\/index.php\/wp-json\/wp\/v2\/comments?post=1262421"}],"version-history":[{"count":1,"href":"https:\/\/www.acapulcopress.com\/index.php\/wp-json\/wp\/v2\/posts\/1262421\/revisions"}],"predecessor-version":[{"id":1262425,"href":"https:\/\/www.acapulcopress.com\/index.php\/wp-json\/wp\/v2\/posts\/1262421\/revisions\/1262425"}],"wp:featuredmedia":[{"embeddable":true,"href":"https:\/\/www.acapulcopress.com\/index.php\/wp-json\/wp\/v2\/media\/1262424"}],"wp:attachment":[{"href":"https:\/\/www.acapulcopress.com\/index.php\/wp-json\/wp\/v2\/media?parent=1262421"}],"wp:term":[{"taxonomy":"category","embeddable":true,"href":"https:\/\/www.acapulcopress.com\/index.php\/wp-json\/wp\/v2\/categories?post=1262421"},{"taxonomy":"post_tag","embeddable":true,"href":"https:\/\/www.acapulcopress.com\/index.php\/wp-json\/wp\/v2\/tags?post=1262421"}],"curies":[{"name":"wp","href":"https:\/\/api.w.org\/{rel}","templated":true}]}}