{"id":1262426,"date":"2026-01-16T18:18:00","date_gmt":"2026-01-17T00:18:00","guid":{"rendered":"https:\/\/www.acapulcopress.com\/?p=1262426"},"modified":"2026-01-16T18:20:39","modified_gmt":"2026-01-17T00:20:39","slug":"abelina-lopez-absuelta-de-su-responsabilidad-constitucional","status":"publish","type":"post","link":"https:\/\/www.acapulcopress.com\/index.php\/2026\/01\/16\/abelina-lopez-absuelta-de-su-responsabilidad-constitucional\/","title":{"rendered":"Abelina L\u00f3pez, \u00bfabsuelta de su responsabilidad constitucional?"},"content":{"rendered":"<p>Si la alcaldesa de Acapulco, <strong><span class=\"xv78j7m\" spellcheck=\"false\">Abelina L\u00f3pez Rodr\u00edguez<\/span><\/strong>, cree o piensa que por el blindaje arbitrario otorgado ayer por los famosos \u00abMinistros del Acorde\u00f3n\u00bb que operan en la <em><span class=\"xv78j7m\" spellcheck=\"false\">Suprema Corte de Justicia de la Naci\u00f3n<\/span> (SCJN)<\/em> ya nadie puede decirle o reclamarle nada y queda eximida de su obligaci\u00f3n constitucional de la \u00abrendici\u00f3n de cuenta p\u00fablica\u00bb por el presunto manejo irregular de \u00abm\u00e1s de 898 millones de pesos de recursos federales\u00bb del <em>Fondo de Aportaciones para la Infraestructura Social Municipal (Faismun),<\/em> correspondientes al Ejercicio Fiscal 2023 , lo cual, por tratarse de un Da\u00f1o al Patrimonio Federal se constituye en un delito contemplado en el C\u00f3digo Penal Federal y la <em>Ley General de Responsabilidades Administrativas<\/em> (peculado, abuso de autoridad, etc.), el cual se castiga con \u00abinhabilitaci\u00f3n, destituci\u00f3n y prisi\u00f3n\u00bb desde 2 hasta 8 a\u00f1os, \u00abdependiendo del dinero malversado\u00bb, \u00a1est\u00e1 usted muy equivocada!:<\/p>\n<p>\u00abSe\u00f1ora deliberadamente omisa, sobradamente arrogante, negligente, corrupta e intransparente, \u00a1p\u00f3ngase a trabajar y deje de cantar victoria y so\u00f1ar despierta, porque en 2027 a\u00fan hay un pueblo que la ama tanto que le quiere demostrar c\u00f3mo se ejerce y\/o aplica el eslogan morenista de \u201camor con amor se paga!\u201d.<\/p>\n<p>Que conste:<\/p>\n<p>Nadie le est\u00e1 obstruyendo ni cuestionando sus aspiraciones pol\u00edticas&#8230; para que no vaya a salir que se le &#8216;violenta pol\u00edticamente su g\u00e9nero&#8217;. La Consituci\u00f3n le permite el derecho de pretender cualquier cargo de elecci\u00f3n popular que desee. \u00a1Solo que lejos de gozar del amor que tanto presume tener del pueblo que supuestamente hasta le regala collares <em><span class=\"xv78j7m\" spellcheck=\"false\">Van Cleef &amp; Arpels<\/span><\/em>, modelo <em>Vintage Alhambra<\/em> en oro amarillo y n\u00e1car, valuado en aproximadamente 227,000 pesos mexicanos, en redes sociales el malestar del pueblo tiene otro mensaje y otro contexto! Y en 2027, advierte, le pagar\u00e1n con el mismo amor que ella le ha pagado a los acapulque\u00f1os por m\u00e1s de cuatro a\u00f1os, los mismos que Acapulco lleva sin obra p\u00fablica ni acciones sociales, pese a los recursos puntuales que han llegado de la Federaci\u00f3n desde 2021 hasta 2025 para tal fin, inclusive la dotaci\u00f3n de agua potable, recolecci\u00f3n de basura, reparaci\u00f3n de calles, alumbrado p\u00fablico y la reparaci\u00f3n de la obsoleta y colapsada red hidrosanitaria del municipio.<\/p>\n<p>) Sin da\u00f1os a terceros.<br \/>\n<em>* ) <a class=\"x1fey0fg xmper1u x1edh9d7\" href=\"https:\/\/fb.me\/steparious\">fb.me\/steparious<\/a>\u00a0| * ) <a class=\"x1fey0fg xmper1u x1edh9d7\" href=\"https:\/\/fb.me\/acapulcopress\">fb.me\/acapulcopress<\/a><\/em><\/p>\n","protected":false},"excerpt":{"rendered":"<p>Si Abelina L\u00f3pez Rodr\u00edguez cree o piensa que por el blindaje arbitrario otorgado ayer por los famosos \u00abMinistros del Acorde\u00f3n\u00bb<\/p>\n","protected":false},"author":1,"featured_media":1262427,"comment_status":"closed","ping_status":"open","sticky":false,"template":"","format":"standard","meta":{"footnotes":""},"categories":[1991,2008],"tags":[3077,18662,11889,16935,19094,19095],"class_list":["post-1262426","post","type-post","status-publish","format-standard","has-post-thumbnail","hentry","category-libertad-de-expresion","category-editorial","tag-abelina-lopez-rodriguez","tag-fondo-de-aportaciones-para-la-infraestructura-social-municipal-faismun","tag-ley-general-de-responsabilidades-administrativas","tag-suprema-corte-de-justicia-de-la-nacion-scjn","tag-van-cleef-arpels","tag-vintage-alhambra"],"_links":{"self":[{"href":"https:\/\/www.acapulcopress.com\/index.php\/wp-json\/wp\/v2\/posts\/1262426","targetHints":{"allow":["GET"]}}],"collection":[{"href":"https:\/\/www.acapulcopress.com\/index.php\/wp-json\/wp\/v2\/posts"}],"about":[{"href":"https:\/\/www.acapulcopress.com\/index.php\/wp-json\/wp\/v2\/types\/post"}],"author":[{"embeddable":true,"href":"https:\/\/www.acapulcopress.com\/index.php\/wp-json\/wp\/v2\/users\/1"}],"replies":[{"embeddable":true,"href":"https:\/\/www.acapulcopress.com\/index.php\/wp-json\/wp\/v2\/comments?post=1262426"}],"version-history":[{"count":3,"href":"https:\/\/www.acapulcopress.com\/index.php\/wp-json\/wp\/v2\/posts\/1262426\/revisions"}],"predecessor-version":[{"id":1262430,"href":"https:\/\/www.acapulcopress.com\/index.php\/wp-json\/wp\/v2\/posts\/1262426\/revisions\/1262430"}],"wp:featuredmedia":[{"embeddable":true,"href":"https:\/\/www.acapulcopress.com\/index.php\/wp-json\/wp\/v2\/media\/1262427"}],"wp:attachment":[{"href":"https:\/\/www.acapulcopress.com\/index.php\/wp-json\/wp\/v2\/media?parent=1262426"}],"wp:term":[{"taxonomy":"category","embeddable":true,"href":"https:\/\/www.acapulcopress.com\/index.php\/wp-json\/wp\/v2\/categories?post=1262426"},{"taxonomy":"post_tag","embeddable":true,"href":"https:\/\/www.acapulcopress.com\/index.php\/wp-json\/wp\/v2\/tags?post=1262426"}],"curies":[{"name":"wp","href":"https:\/\/api.w.org\/{rel}","templated":true}]}}