{"id":1262431,"date":"2026-01-16T19:00:16","date_gmt":"2026-01-17T01:00:16","guid":{"rendered":"https:\/\/www.acapulcopress.com\/?p=1262431"},"modified":"2026-01-16T19:04:27","modified_gmt":"2026-01-17T01:04:27","slug":"celebro-evelyn-salgado-el-dia-del-policia-estatal-destacando-su-compromiso-por-guerrero","status":"publish","type":"post","link":"https:\/\/www.acapulcopress.com\/index.php\/2026\/01\/16\/celebro-evelyn-salgado-el-dia-del-policia-estatal-destacando-su-compromiso-por-guerrero\/","title":{"rendered":"Celebr\u00f3 Evelyn Salgado el \u00abD\u00eda del Polic\u00eda Estatal\u00bb, destacando su compromiso por Guerrero"},"content":{"rendered":"<p>CHILPANCINGO * 16 de enero, 2026.<br \/>\n<em>) Seguridad Guerrero<\/em><br \/>\nAl celebrar el<em> D\u00eda del Polic\u00eda Estatal,<\/em> la gobernadora<strong> Evelyn Salgado Pineda<\/strong> reconoci\u00f3 la labor, entrega y compromiso de los <a href=\"https:\/\/www.acapulcopress.com\/wp-content\/uploads\/2026\/01\/Dia-del-Policia-Estatal-Guerrero18.jpeg\"><img loading=\"lazy\" decoding=\"async\" class=\"alignleft wp-image-1262449 size-medium\" src=\"https:\/\/www.acapulcopress.com\/wp-content\/uploads\/2026\/01\/Dia-del-Policia-Estatal-Guerrero18-300x450.jpeg\" alt=\"\" width=\"300\" height=\"450\" srcset=\"https:\/\/www.acapulcopress.com\/wp-content\/uploads\/2026\/01\/Dia-del-Policia-Estatal-Guerrero18-300x450.jpeg 300w, https:\/\/www.acapulcopress.com\/wp-content\/uploads\/2026\/01\/Dia-del-Policia-Estatal-Guerrero18-682x1024.jpeg 682w, https:\/\/www.acapulcopress.com\/wp-content\/uploads\/2026\/01\/Dia-del-Policia-Estatal-Guerrero18-768x1152.jpeg 768w, https:\/\/www.acapulcopress.com\/wp-content\/uploads\/2026\/01\/Dia-del-Policia-Estatal-Guerrero18-580x870.jpeg 580w, https:\/\/www.acapulcopress.com\/wp-content\/uploads\/2026\/01\/Dia-del-Policia-Estatal-Guerrero18.jpeg 853w\" sizes=\"auto, (max-width: 300px) 100vw, 300px\" \/><\/a>elementos de las diversas unidades que conforman a la corporaci\u00f3n, a quienes reiter\u00f3 el respaldo absoluto de su gobierno para fortalecer su capacidad operativa, dignificar su profesi\u00f3n y consolidar la paz en Guerrero con trabajo diario en el territorio.<\/p>\n<p>\u201cMe siento muy orgullosa de nuestra Polic\u00eda Estatal; los he visto en todos lados, cumpliendo tareas de apoyo, movilidad y respuesta. La seguridad y la paz se construyen en el territorio, con trabajo permanente\u201d, expres\u00f3 la mandataria estatal durante el festejo en las instalaciones de la Universidad Policial.<\/p>\n<p>En su mensaje, la mandataria estatal subray\u00f3 que Guerrero registra resultados hist\u00f3ricos en materia de seguridad en los \u00faltimos diez a\u00f1os, reflejo del esfuerzo coordinado y constante de la fuerza estatal.<\/p>\n<p>Como parte del reconocimiento institucional, la gobernadora inform\u00f3 que se han entregado bonos de 5 mil pesos a 4 mil 309 elementos, as\u00ed como est\u00edmulos por actos destacados en el servicio a 582 polic\u00edas, adem\u00e1s del bono de perseverancia y antig\u00fcedad, con una inversi\u00f3n superior a 25 millones de pesos, acciones orientadas a mejorar salarios, incentivos y condiciones laborales.<\/p>\n<p>En el marco de este evento, tambi\u00e9n se realiz\u00f3 el fortalecimiento operativo de la corporaci\u00f3n con la entrega de veh\u00edculos, adem\u00e1s del compromiso de continuar dotando de uniformes, equipo, prestaciones e incentivos que permitan a las y los polic\u00edas desempe\u00f1ar mejor su labor.<\/p>\n<p>Evelyn Salgado reiter\u00f3 que su administraci\u00f3n mantiene una pol\u00edtica de respeto, respaldo y dignificaci\u00f3n del servicio policial, reconociendo a <a href=\"https:\/\/www.acapulcopress.com\/wp-content\/uploads\/2026\/01\/Dia-del-Policia-Estatal-Guerrero15.jpeg\"><img loading=\"lazy\" decoding=\"async\" class=\"alignleft wp-image-1262446 size-medium\" src=\"https:\/\/www.acapulcopress.com\/wp-content\/uploads\/2026\/01\/Dia-del-Policia-Estatal-Guerrero15-300x200.jpeg\" alt=\"\" width=\"300\" height=\"200\" srcset=\"https:\/\/www.acapulcopress.com\/wp-content\/uploads\/2026\/01\/Dia-del-Policia-Estatal-Guerrero15-300x200.jpeg 300w, https:\/\/www.acapulcopress.com\/wp-content\/uploads\/2026\/01\/Dia-del-Policia-Estatal-Guerrero15-1024x682.jpeg 1024w, https:\/\/www.acapulcopress.com\/wp-content\/uploads\/2026\/01\/Dia-del-Policia-Estatal-Guerrero15-768x512.jpeg 768w, https:\/\/www.acapulcopress.com\/wp-content\/uploads\/2026\/01\/Dia-del-Policia-Estatal-Guerrero15-580x387.jpeg 580w, https:\/\/www.acapulcopress.com\/wp-content\/uploads\/2026\/01\/Dia-del-Policia-Estatal-Guerrero15-860x573.jpeg 860w, https:\/\/www.acapulcopress.com\/wp-content\/uploads\/2026\/01\/Dia-del-Policia-Estatal-Guerrero15-1160x773.jpeg 1160w, https:\/\/www.acapulcopress.com\/wp-content\/uploads\/2026\/01\/Dia-del-Policia-Estatal-Guerrero15.jpeg 1280w\" sizes=\"auto, (max-width: 300px) 100vw, 300px\" \/><\/a>todas las coordinaciones operativas desplegadas en las ocho regiones del estado, as\u00ed como a unidades especializadas como la <em>Polic\u00eda Violeta, Polic\u00eda de G\u00e9nero, Fuerzas Especiales, Aerom\u00f3vil, Polic\u00eda Rural, Unidad de Proximidad Social, Grupo Jaguar, Unidad de Reacci\u00f3n Inmediata, Polic\u00eda Ecol\u00f3gica, Montada, Canina y Tr\u00e1nsito<\/em>, entre otras.<\/p>\n<p>Durante la ceremonia se rindi\u00f3 un homenaje a las y los elementos que perdieron la vida en el cumplimiento de su deber, con un emotivo aplauso en su memoria y el compromiso de redoblar esfuerzos para honrar su legado con mejores condiciones y mayor protecci\u00f3n institucional.<\/p>\n<p>Por su parte, el secretario de<em> Seguridad P\u00fablica<\/em> estatal, <strong>Daniel Antonio Ledesma Ozuna<\/strong>, afirm\u00f3 que las y los polic\u00edas \u201cNo est\u00e1n solos\u201d, pues cuentan con el respaldo del gobierno, de la instituci\u00f3n y del pueblo de Guerrero, destacando que los \u00edndices delictivos han disminuido de manera significativa, gracias al trabajo coordinado y al fortalecimiento de las capacidades policiales.<\/p>\n<p>La celebraci\u00f3n incluy\u00f3 una rifa y entrega de regalos a los elementos estatales, as\u00ed como reconocimientos por antig\u00fcedad y actos destacados en el servicio.<\/p>\n<p>Al evento asistieron la encargada de la Secretar\u00eda General de Gobierno, Anacleta L\u00f3pez Vega; el presidente de la Mesa Directiva del Congreso del Estado, Alejandro Carabias; el presidente del Tribunal Superior de Justicia, Ricardo Salinas Sandoval; el comandante de la 35 Zona Militar, Jos\u00e9 Francisco Moreno Barrera; la presidenta de la Comisi\u00f3n de Derechos Humanos del Estado, Cecilia Narciso Gayt\u00e1n; el fiscal general del Estado, Zipacn\u00e1 Torres Ojeda, as\u00ed como mandos navales y militares.<\/p>\n<p><a href=\"https:\/\/www.acapulcopress.com\/wp-content\/uploads\/2026\/01\/Dia-del-Policia-Estatal-Guerrero14.jpeg\"><img loading=\"lazy\" decoding=\"async\" class=\"alignnone wp-image-1262445 size-full\" src=\"https:\/\/www.acapulcopress.com\/wp-content\/uploads\/2026\/01\/Dia-del-Policia-Estatal-Guerrero14.jpeg\" alt=\"\" width=\"886\" height=\"1280\" srcset=\"https:\/\/www.acapulcopress.com\/wp-content\/uploads\/2026\/01\/Dia-del-Policia-Estatal-Guerrero14.jpeg 886w, https:\/\/www.acapulcopress.com\/wp-content\/uploads\/2026\/01\/Dia-del-Policia-Estatal-Guerrero14-300x433.jpeg 300w, https:\/\/www.acapulcopress.com\/wp-content\/uploads\/2026\/01\/Dia-del-Policia-Estatal-Guerrero14-709x1024.jpeg 709w, https:\/\/www.acapulcopress.com\/wp-content\/uploads\/2026\/01\/Dia-del-Policia-Estatal-Guerrero14-768x1110.jpeg 768w, https:\/\/www.acapulcopress.com\/wp-content\/uploads\/2026\/01\/Dia-del-Policia-Estatal-Guerrero14-580x838.jpeg 580w, https:\/\/www.acapulcopress.com\/wp-content\/uploads\/2026\/01\/Dia-del-Policia-Estatal-Guerrero14-860x1242.jpeg 860w\" sizes=\"auto, (max-width: 886px) 100vw, 886px\" \/><\/a><\/p>\n<p><a href=\"https:\/\/www.acapulcopress.com\/wp-content\/uploads\/2026\/01\/Dia-del-Policia-Estatal-Guerrero7.jpeg\"><img loading=\"lazy\" decoding=\"async\" class=\"alignnone wp-image-1262438 size-full\" src=\"https:\/\/www.acapulcopress.com\/wp-content\/uploads\/2026\/01\/Dia-del-Policia-Estatal-Guerrero7.jpeg\" alt=\"\" width=\"1280\" height=\"853\" srcset=\"https:\/\/www.acapulcopress.com\/wp-content\/uploads\/2026\/01\/Dia-del-Policia-Estatal-Guerrero7.jpeg 1280w, https:\/\/www.acapulcopress.com\/wp-content\/uploads\/2026\/01\/Dia-del-Policia-Estatal-Guerrero7-300x200.jpeg 300w, https:\/\/www.acapulcopress.com\/wp-content\/uploads\/2026\/01\/Dia-del-Policia-Estatal-Guerrero7-1024x682.jpeg 1024w, https:\/\/www.acapulcopress.com\/wp-content\/uploads\/2026\/01\/Dia-del-Policia-Estatal-Guerrero7-768x512.jpeg 768w, https:\/\/www.acapulcopress.com\/wp-content\/uploads\/2026\/01\/Dia-del-Policia-Estatal-Guerrero7-580x387.jpeg 580w, https:\/\/www.acapulcopress.com\/wp-content\/uploads\/2026\/01\/Dia-del-Policia-Estatal-Guerrero7-860x573.jpeg 860w, https:\/\/www.acapulcopress.com\/wp-content\/uploads\/2026\/01\/Dia-del-Policia-Estatal-Guerrero7-1160x773.jpeg 1160w\" sizes=\"auto, (max-width: 1280px) 100vw, 1280px\" \/><\/a><\/p>\n<p><a href=\"https:\/\/www.acapulcopress.com\/wp-content\/uploads\/2026\/01\/Dia-del-Policia-Estatal-Guerrero8.jpeg\"><img loading=\"lazy\" decoding=\"async\" class=\"alignnone wp-image-1262439 size-full\" src=\"https:\/\/www.acapulcopress.com\/wp-content\/uploads\/2026\/01\/Dia-del-Policia-Estatal-Guerrero8.jpeg\" alt=\"\" width=\"1280\" height=\"853\" srcset=\"https:\/\/www.acapulcopress.com\/wp-content\/uploads\/2026\/01\/Dia-del-Policia-Estatal-Guerrero8.jpeg 1280w, https:\/\/www.acapulcopress.com\/wp-content\/uploads\/2026\/01\/Dia-del-Policia-Estatal-Guerrero8-300x200.jpeg 300w, https:\/\/www.acapulcopress.com\/wp-content\/uploads\/2026\/01\/Dia-del-Policia-Estatal-Guerrero8-1024x682.jpeg 1024w, https:\/\/www.acapulcopress.com\/wp-content\/uploads\/2026\/01\/Dia-del-Policia-Estatal-Guerrero8-768x512.jpeg 768w, https:\/\/www.acapulcopress.com\/wp-content\/uploads\/2026\/01\/Dia-del-Policia-Estatal-Guerrero8-580x387.jpeg 580w, https:\/\/www.acapulcopress.com\/wp-content\/uploads\/2026\/01\/Dia-del-Policia-Estatal-Guerrero8-860x573.jpeg 860w, https:\/\/www.acapulcopress.com\/wp-content\/uploads\/2026\/01\/Dia-del-Policia-Estatal-Guerrero8-1160x773.jpeg 1160w\" sizes=\"auto, (max-width: 1280px) 100vw, 1280px\" \/><\/a><\/p>\n<p><a href=\"https:\/\/www.acapulcopress.com\/wp-content\/uploads\/2026\/01\/Dia-del-Policia-Estatal-Guerrero3.jpeg\"><img loading=\"lazy\" decoding=\"async\" class=\"alignnone wp-image-1262434 size-full\" src=\"https:\/\/www.acapulcopress.com\/wp-content\/uploads\/2026\/01\/Dia-del-Policia-Estatal-Guerrero3.jpeg\" alt=\"\" width=\"1280\" height=\"1260\" srcset=\"https:\/\/www.acapulcopress.com\/wp-content\/uploads\/2026\/01\/Dia-del-Policia-Estatal-Guerrero3.jpeg 1280w, https:\/\/www.acapulcopress.com\/wp-content\/uploads\/2026\/01\/Dia-del-Policia-Estatal-Guerrero3-300x295.jpeg 300w, https:\/\/www.acapulcopress.com\/wp-content\/uploads\/2026\/01\/Dia-del-Policia-Estatal-Guerrero3-1024x1008.jpeg 1024w, https:\/\/www.acapulcopress.com\/wp-content\/uploads\/2026\/01\/Dia-del-Policia-Estatal-Guerrero3-768x756.jpeg 768w, https:\/\/www.acapulcopress.com\/wp-content\/uploads\/2026\/01\/Dia-del-Policia-Estatal-Guerrero3-70x70.jpeg 70w, https:\/\/www.acapulcopress.com\/wp-content\/uploads\/2026\/01\/Dia-del-Policia-Estatal-Guerrero3-580x571.jpeg 580w, https:\/\/www.acapulcopress.com\/wp-content\/uploads\/2026\/01\/Dia-del-Policia-Estatal-Guerrero3-860x847.jpeg 860w, https:\/\/www.acapulcopress.com\/wp-content\/uploads\/2026\/01\/Dia-del-Policia-Estatal-Guerrero3-1160x1142.jpeg 1160w\" sizes=\"auto, (max-width: 1280px) 100vw, 1280px\" \/><\/a><\/p>\n<p><a href=\"https:\/\/www.acapulcopress.com\/wp-content\/uploads\/2026\/01\/Dia-del-Policia-Estatal-Guerrero.jpeg\"><img loading=\"lazy\" decoding=\"async\" class=\"alignnone wp-image-1262432 size-full\" src=\"https:\/\/www.acapulcopress.com\/wp-content\/uploads\/2026\/01\/Dia-del-Policia-Estatal-Guerrero.jpeg\" alt=\"\" width=\"1280\" height=\"909\" srcset=\"https:\/\/www.acapulcopress.com\/wp-content\/uploads\/2026\/01\/Dia-del-Policia-Estatal-Guerrero.jpeg 1280w, https:\/\/www.acapulcopress.com\/wp-content\/uploads\/2026\/01\/Dia-del-Policia-Estatal-Guerrero-300x213.jpeg 300w, https:\/\/www.acapulcopress.com\/wp-content\/uploads\/2026\/01\/Dia-del-Policia-Estatal-Guerrero-1024x727.jpeg 1024w, https:\/\/www.acapulcopress.com\/wp-content\/uploads\/2026\/01\/Dia-del-Policia-Estatal-Guerrero-768x545.jpeg 768w, https:\/\/www.acapulcopress.com\/wp-content\/uploads\/2026\/01\/Dia-del-Policia-Estatal-Guerrero-580x412.jpeg 580w, https:\/\/www.acapulcopress.com\/wp-content\/uploads\/2026\/01\/Dia-del-Policia-Estatal-Guerrero-860x611.jpeg 860w, https:\/\/www.acapulcopress.com\/wp-content\/uploads\/2026\/01\/Dia-del-Policia-Estatal-Guerrero-1160x824.jpeg 1160w\" sizes=\"auto, (max-width: 1280px) 100vw, 1280px\" \/><\/a><\/p>\n<p><a href=\"https:\/\/www.acapulcopress.com\/wp-content\/uploads\/2026\/01\/Dia-del-Policia-Estatal-Guerrero2.jpeg\"><img loading=\"lazy\" decoding=\"async\" class=\"alignnone wp-image-1262433 \" src=\"https:\/\/www.acapulcopress.com\/wp-content\/uploads\/2026\/01\/Dia-del-Policia-Estatal-Guerrero2.jpeg\" alt=\"\" width=\"997\" height=\"1496\" srcset=\"https:\/\/www.acapulcopress.com\/wp-content\/uploads\/2026\/01\/Dia-del-Policia-Estatal-Guerrero2.jpeg 853w, https:\/\/www.acapulcopress.com\/wp-content\/uploads\/2026\/01\/Dia-del-Policia-Estatal-Guerrero2-300x450.jpeg 300w, https:\/\/www.acapulcopress.com\/wp-content\/uploads\/2026\/01\/Dia-del-Policia-Estatal-Guerrero2-682x1024.jpeg 682w, https:\/\/www.acapulcopress.com\/wp-content\/uploads\/2026\/01\/Dia-del-Policia-Estatal-Guerrero2-768x1152.jpeg 768w, https:\/\/www.acapulcopress.com\/wp-content\/uploads\/2026\/01\/Dia-del-Policia-Estatal-Guerrero2-580x870.jpeg 580w\" sizes=\"auto, (max-width: 997px) 100vw, 997px\" \/><\/a><\/p>\n<p><a href=\"https:\/\/www.acapulcopress.com\/wp-content\/uploads\/2026\/01\/Dia-del-Policia-Estatal-Guerrero5.jpeg\"><img loading=\"lazy\" decoding=\"async\" class=\"alignnone wp-image-1262436 size-full\" src=\"https:\/\/www.acapulcopress.com\/wp-content\/uploads\/2026\/01\/Dia-del-Policia-Estatal-Guerrero5.jpeg\" alt=\"\" width=\"1280\" height=\"853\" srcset=\"https:\/\/www.acapulcopress.com\/wp-content\/uploads\/2026\/01\/Dia-del-Policia-Estatal-Guerrero5.jpeg 1280w, https:\/\/www.acapulcopress.com\/wp-content\/uploads\/2026\/01\/Dia-del-Policia-Estatal-Guerrero5-300x200.jpeg 300w, https:\/\/www.acapulcopress.com\/wp-content\/uploads\/2026\/01\/Dia-del-Policia-Estatal-Guerrero5-1024x682.jpeg 1024w, https:\/\/www.acapulcopress.com\/wp-content\/uploads\/2026\/01\/Dia-del-Policia-Estatal-Guerrero5-768x512.jpeg 768w, https:\/\/www.acapulcopress.com\/wp-content\/uploads\/2026\/01\/Dia-del-Policia-Estatal-Guerrero5-580x387.jpeg 580w, https:\/\/www.acapulcopress.com\/wp-content\/uploads\/2026\/01\/Dia-del-Policia-Estatal-Guerrero5-860x573.jpeg 860w, https:\/\/www.acapulcopress.com\/wp-content\/uploads\/2026\/01\/Dia-del-Policia-Estatal-Guerrero5-1160x773.jpeg 1160w\" sizes=\"auto, (max-width: 1280px) 100vw, 1280px\" \/><\/a><\/p>\n<p><a href=\"https:\/\/www.acapulcopress.com\/wp-content\/uploads\/2026\/01\/Dia-del-Policia-Estatal-Guerrero6.jpeg\"><img loading=\"lazy\" decoding=\"async\" class=\"alignnone wp-image-1262437 size-full\" src=\"https:\/\/www.acapulcopress.com\/wp-content\/uploads\/2026\/01\/Dia-del-Policia-Estatal-Guerrero6.jpeg\" alt=\"\" width=\"1280\" height=\"853\" srcset=\"https:\/\/www.acapulcopress.com\/wp-content\/uploads\/2026\/01\/Dia-del-Policia-Estatal-Guerrero6.jpeg 1280w, https:\/\/www.acapulcopress.com\/wp-content\/uploads\/2026\/01\/Dia-del-Policia-Estatal-Guerrero6-300x200.jpeg 300w, https:\/\/www.acapulcopress.com\/wp-content\/uploads\/2026\/01\/Dia-del-Policia-Estatal-Guerrero6-1024x682.jpeg 1024w, https:\/\/www.acapulcopress.com\/wp-content\/uploads\/2026\/01\/Dia-del-Policia-Estatal-Guerrero6-768x512.jpeg 768w, https:\/\/www.acapulcopress.com\/wp-content\/uploads\/2026\/01\/Dia-del-Policia-Estatal-Guerrero6-580x387.jpeg 580w, https:\/\/www.acapulcopress.com\/wp-content\/uploads\/2026\/01\/Dia-del-Policia-Estatal-Guerrero6-860x573.jpeg 860w, https:\/\/www.acapulcopress.com\/wp-content\/uploads\/2026\/01\/Dia-del-Policia-Estatal-Guerrero6-1160x773.jpeg 1160w\" sizes=\"auto, (max-width: 1280px) 100vw, 1280px\" \/><\/a><\/p>\n<p><a href=\"https:\/\/www.acapulcopress.com\/wp-content\/uploads\/2026\/01\/Dia-del-Policia-Estatal-Guerrero4.jpeg\"><img loading=\"lazy\" decoding=\"async\" class=\"alignnone wp-image-1262435 size-full\" src=\"https:\/\/www.acapulcopress.com\/wp-content\/uploads\/2026\/01\/Dia-del-Policia-Estatal-Guerrero4.jpeg\" alt=\"\" width=\"1280\" height=\"1007\" srcset=\"https:\/\/www.acapulcopress.com\/wp-content\/uploads\/2026\/01\/Dia-del-Policia-Estatal-Guerrero4.jpeg 1280w, https:\/\/www.acapulcopress.com\/wp-content\/uploads\/2026\/01\/Dia-del-Policia-Estatal-Guerrero4-300x236.jpeg 300w, https:\/\/www.acapulcopress.com\/wp-content\/uploads\/2026\/01\/Dia-del-Policia-Estatal-Guerrero4-1024x806.jpeg 1024w, https:\/\/www.acapulcopress.com\/wp-content\/uploads\/2026\/01\/Dia-del-Policia-Estatal-Guerrero4-768x604.jpeg 768w, https:\/\/www.acapulcopress.com\/wp-content\/uploads\/2026\/01\/Dia-del-Policia-Estatal-Guerrero4-580x456.jpeg 580w, https:\/\/www.acapulcopress.com\/wp-content\/uploads\/2026\/01\/Dia-del-Policia-Estatal-Guerrero4-860x677.jpeg 860w, https:\/\/www.acapulcopress.com\/wp-content\/uploads\/2026\/01\/Dia-del-Policia-Estatal-Guerrero4-1160x913.jpeg 1160w\" sizes=\"auto, (max-width: 1280px) 100vw, 1280px\" \/><\/a><\/p>\n<p><a href=\"https:\/\/www.acapulcopress.com\/wp-content\/uploads\/2026\/01\/Dia-del-Policia-Estatal-Guerrero9.jpeg\"><img loading=\"lazy\" decoding=\"async\" class=\"alignnone wp-image-1262440 size-full\" src=\"https:\/\/www.acapulcopress.com\/wp-content\/uploads\/2026\/01\/Dia-del-Policia-Estatal-Guerrero9.jpeg\" alt=\"\" width=\"1280\" height=\"853\" srcset=\"https:\/\/www.acapulcopress.com\/wp-content\/uploads\/2026\/01\/Dia-del-Policia-Estatal-Guerrero9.jpeg 1280w, https:\/\/www.acapulcopress.com\/wp-content\/uploads\/2026\/01\/Dia-del-Policia-Estatal-Guerrero9-300x200.jpeg 300w, https:\/\/www.acapulcopress.com\/wp-content\/uploads\/2026\/01\/Dia-del-Policia-Estatal-Guerrero9-1024x682.jpeg 1024w, https:\/\/www.acapulcopress.com\/wp-content\/uploads\/2026\/01\/Dia-del-Policia-Estatal-Guerrero9-768x512.jpeg 768w, https:\/\/www.acapulcopress.com\/wp-content\/uploads\/2026\/01\/Dia-del-Policia-Estatal-Guerrero9-580x387.jpeg 580w, https:\/\/www.acapulcopress.com\/wp-content\/uploads\/2026\/01\/Dia-del-Policia-Estatal-Guerrero9-860x573.jpeg 860w, https:\/\/www.acapulcopress.com\/wp-content\/uploads\/2026\/01\/Dia-del-Policia-Estatal-Guerrero9-1160x773.jpeg 1160w\" sizes=\"auto, (max-width: 1280px) 100vw, 1280px\" \/><\/a><\/p>\n<p><a href=\"https:\/\/www.acapulcopress.com\/wp-content\/uploads\/2026\/01\/Dia-del-Policia-Estatal-Guerrero12.jpeg\"><img loading=\"lazy\" decoding=\"async\" class=\"alignnone wp-image-1262443 size-full\" src=\"https:\/\/www.acapulcopress.com\/wp-content\/uploads\/2026\/01\/Dia-del-Policia-Estatal-Guerrero12.jpeg\" alt=\"\" width=\"1280\" height=\"874\" srcset=\"https:\/\/www.acapulcopress.com\/wp-content\/uploads\/2026\/01\/Dia-del-Policia-Estatal-Guerrero12.jpeg 1280w, https:\/\/www.acapulcopress.com\/wp-content\/uploads\/2026\/01\/Dia-del-Policia-Estatal-Guerrero12-300x205.jpeg 300w, https:\/\/www.acapulcopress.com\/wp-content\/uploads\/2026\/01\/Dia-del-Policia-Estatal-Guerrero12-1024x699.jpeg 1024w, https:\/\/www.acapulcopress.com\/wp-content\/uploads\/2026\/01\/Dia-del-Policia-Estatal-Guerrero12-768x524.jpeg 768w, https:\/\/www.acapulcopress.com\/wp-content\/uploads\/2026\/01\/Dia-del-Policia-Estatal-Guerrero12-580x396.jpeg 580w, https:\/\/www.acapulcopress.com\/wp-content\/uploads\/2026\/01\/Dia-del-Policia-Estatal-Guerrero12-860x587.jpeg 860w, https:\/\/www.acapulcopress.com\/wp-content\/uploads\/2026\/01\/Dia-del-Policia-Estatal-Guerrero12-1160x792.jpeg 1160w\" sizes=\"auto, (max-width: 1280px) 100vw, 1280px\" \/><\/a><\/p>\n<p><a href=\"https:\/\/www.acapulcopress.com\/wp-content\/uploads\/2026\/01\/Dia-del-Policia-Estatal-Guerrero11.jpeg\"><img loading=\"lazy\" decoding=\"async\" class=\"alignnone wp-image-1262442 size-full\" src=\"https:\/\/www.acapulcopress.com\/wp-content\/uploads\/2026\/01\/Dia-del-Policia-Estatal-Guerrero11.jpeg\" alt=\"\" width=\"1280\" height=\"853\" srcset=\"https:\/\/www.acapulcopress.com\/wp-content\/uploads\/2026\/01\/Dia-del-Policia-Estatal-Guerrero11.jpeg 1280w, https:\/\/www.acapulcopress.com\/wp-content\/uploads\/2026\/01\/Dia-del-Policia-Estatal-Guerrero11-300x200.jpeg 300w, https:\/\/www.acapulcopress.com\/wp-content\/uploads\/2026\/01\/Dia-del-Policia-Estatal-Guerrero11-1024x682.jpeg 1024w, https:\/\/www.acapulcopress.com\/wp-content\/uploads\/2026\/01\/Dia-del-Policia-Estatal-Guerrero11-768x512.jpeg 768w, https:\/\/www.acapulcopress.com\/wp-content\/uploads\/2026\/01\/Dia-del-Policia-Estatal-Guerrero11-580x387.jpeg 580w, https:\/\/www.acapulcopress.com\/wp-content\/uploads\/2026\/01\/Dia-del-Policia-Estatal-Guerrero11-860x573.jpeg 860w, https:\/\/www.acapulcopress.com\/wp-content\/uploads\/2026\/01\/Dia-del-Policia-Estatal-Guerrero11-1160x773.jpeg 1160w\" sizes=\"auto, (max-width: 1280px) 100vw, 1280px\" \/><\/a><\/p>\n<p><a href=\"https:\/\/www.acapulcopress.com\/wp-content\/uploads\/2026\/01\/Dia-del-Policia-Estatal-Guerrero13.jpeg\"><img loading=\"lazy\" decoding=\"async\" class=\"alignnone wp-image-1262444 size-full\" src=\"https:\/\/www.acapulcopress.com\/wp-content\/uploads\/2026\/01\/Dia-del-Policia-Estatal-Guerrero13.jpeg\" alt=\"\" width=\"1280\" height=\"853\" srcset=\"https:\/\/www.acapulcopress.com\/wp-content\/uploads\/2026\/01\/Dia-del-Policia-Estatal-Guerrero13.jpeg 1280w, https:\/\/www.acapulcopress.com\/wp-content\/uploads\/2026\/01\/Dia-del-Policia-Estatal-Guerrero13-300x200.jpeg 300w, https:\/\/www.acapulcopress.com\/wp-content\/uploads\/2026\/01\/Dia-del-Policia-Estatal-Guerrero13-1024x682.jpeg 1024w, https:\/\/www.acapulcopress.com\/wp-content\/uploads\/2026\/01\/Dia-del-Policia-Estatal-Guerrero13-768x512.jpeg 768w, https:\/\/www.acapulcopress.com\/wp-content\/uploads\/2026\/01\/Dia-del-Policia-Estatal-Guerrero13-580x387.jpeg 580w, https:\/\/www.acapulcopress.com\/wp-content\/uploads\/2026\/01\/Dia-del-Policia-Estatal-Guerrero13-860x573.jpeg 860w, https:\/\/www.acapulcopress.com\/wp-content\/uploads\/2026\/01\/Dia-del-Policia-Estatal-Guerrero13-1160x773.jpeg 1160w\" sizes=\"auto, (max-width: 1280px) 100vw, 1280px\" \/><\/a><\/p>\n<p><a href=\"https:\/\/www.acapulcopress.com\/wp-content\/uploads\/2026\/01\/Dia-del-Policia-Estatal-Guerrero10.jpeg\"><img loading=\"lazy\" decoding=\"async\" class=\"alignnone wp-image-1262441 size-full\" src=\"https:\/\/www.acapulcopress.com\/wp-content\/uploads\/2026\/01\/Dia-del-Policia-Estatal-Guerrero10.jpeg\" alt=\"\" width=\"1280\" height=\"853\" srcset=\"https:\/\/www.acapulcopress.com\/wp-content\/uploads\/2026\/01\/Dia-del-Policia-Estatal-Guerrero10.jpeg 1280w, https:\/\/www.acapulcopress.com\/wp-content\/uploads\/2026\/01\/Dia-del-Policia-Estatal-Guerrero10-300x200.jpeg 300w, https:\/\/www.acapulcopress.com\/wp-content\/uploads\/2026\/01\/Dia-del-Policia-Estatal-Guerrero10-1024x682.jpeg 1024w, https:\/\/www.acapulcopress.com\/wp-content\/uploads\/2026\/01\/Dia-del-Policia-Estatal-Guerrero10-768x512.jpeg 768w, https:\/\/www.acapulcopress.com\/wp-content\/uploads\/2026\/01\/Dia-del-Policia-Estatal-Guerrero10-580x387.jpeg 580w, https:\/\/www.acapulcopress.com\/wp-content\/uploads\/2026\/01\/Dia-del-Policia-Estatal-Guerrero10-860x573.jpeg 860w, https:\/\/www.acapulcopress.com\/wp-content\/uploads\/2026\/01\/Dia-del-Policia-Estatal-Guerrero10-1160x773.jpeg 1160w\" sizes=\"auto, (max-width: 1280px) 100vw, 1280px\" \/><\/a><\/p>\n<p><em>* )\u00a0<a class=\"x1fey0fg xmper1u x1edh9d7\" href=\"https:\/\/fb.me\/steparious\">fb.me\/steparious<\/a>\u00a0| * )\u00a0<a class=\"x1fey0fg xmper1u x1edh9d7\" href=\"https:\/\/fb.me\/acapulcopress\">fb.me\/acapulcopress<\/a><\/em><\/p>\n","protected":false},"excerpt":{"rendered":"<p>CHILPANCINGO * 16 de enero, 2026. ) Seguridad Guerrero Al celebrar el D\u00eda del Polic\u00eda Estatal, la gobernadora Evelyn Salgado Pineda reconoci\u00f3 la labor, entrega y compromiso de los elementos de las diversas unidades que conforman a la corporaci\u00f3n, a quienes reiter\u00f3 el respaldo absoluto de su gobierno para fortalecer su capacidad operativa, dignificar su&#8230;<\/p>\n","protected":false},"author":1,"featured_media":1262447,"comment_status":"closed","ping_status":"open","sticky":false,"template":"","format":"standard","meta":{"footnotes":""},"categories":[1980,1983],"tags":[19096,7207,8251],"class_list":["post-1262431","post","type-post","status-publish","format-standard","has-post-thumbnail","hentry","category-goverment-2","category-guerrerogob","tag-daniel-antonio-ledesma-ozuna","tag-dia-del-policia-estatal","tag-evelyn-salgado-pineda"],"_links":{"self":[{"href":"https:\/\/www.acapulcopress.com\/index.php\/wp-json\/wp\/v2\/posts\/1262431","targetHints":{"allow":["GET"]}}],"collection":[{"href":"https:\/\/www.acapulcopress.com\/index.php\/wp-json\/wp\/v2\/posts"}],"about":[{"href":"https:\/\/www.acapulcopress.com\/index.php\/wp-json\/wp\/v2\/types\/post"}],"author":[{"embeddable":true,"href":"https:\/\/www.acapulcopress.com\/index.php\/wp-json\/wp\/v2\/users\/1"}],"replies":[{"embeddable":true,"href":"https:\/\/www.acapulcopress.com\/index.php\/wp-json\/wp\/v2\/comments?post=1262431"}],"version-history":[{"count":2,"href":"https:\/\/www.acapulcopress.com\/index.php\/wp-json\/wp\/v2\/posts\/1262431\/revisions"}],"predecessor-version":[{"id":1262451,"href":"https:\/\/www.acapulcopress.com\/index.php\/wp-json\/wp\/v2\/posts\/1262431\/revisions\/1262451"}],"wp:featuredmedia":[{"embeddable":true,"href":"https:\/\/www.acapulcopress.com\/index.php\/wp-json\/wp\/v2\/media\/1262447"}],"wp:attachment":[{"href":"https:\/\/www.acapulcopress.com\/index.php\/wp-json\/wp\/v2\/media?parent=1262431"}],"wp:term":[{"taxonomy":"category","embeddable":true,"href":"https:\/\/www.acapulcopress.com\/index.php\/wp-json\/wp\/v2\/categories?post=1262431"},{"taxonomy":"post_tag","embeddable":true,"href":"https:\/\/www.acapulcopress.com\/index.php\/wp-json\/wp\/v2\/tags?post=1262431"}],"curies":[{"name":"wp","href":"https:\/\/api.w.org\/{rel}","templated":true}]}}