{"id":1262455,"date":"2026-01-16T19:42:45","date_gmt":"2026-01-17T01:42:45","guid":{"rendered":"https:\/\/www.acapulcopress.com\/?p=1262455"},"modified":"2026-01-16T19:45:04","modified_gmt":"2026-01-17T01:45:04","slug":"anuncia-gobernadora-coordinacion-con-gobierno-federal-para-consolidar-la-paz-en-guerrero","status":"publish","type":"post","link":"https:\/\/www.acapulcopress.com\/index.php\/2026\/01\/16\/anuncia-gobernadora-coordinacion-con-gobierno-federal-para-consolidar-la-paz-en-guerrero\/","title":{"rendered":"Anuncia Gobernadora coordinaci\u00f3n con Gobierno federal para consolidar la paz"},"content":{"rendered":"<p>CHILPANCINGO * 16 de enero, 2026.<br \/>\n<em>) Seguridad Guerrero<\/em><br \/>\nDurante la sesi\u00f3n de la<em> Mesa de Coordinaci\u00f3n para la Construcci\u00f3n de la Paz,<\/em> la gobernadora <strong>Evelyn Salgado Pineda<\/strong>, se anunci\u00f3 el <a href=\"https:\/\/www.acapulcopress.com\/wp-content\/uploads\/2026\/01\/COORDINACION-GRO3.jpeg\"><img loading=\"lazy\" decoding=\"async\" class=\"alignleft wp-image-1262458 size-medium\" src=\"https:\/\/www.acapulcopress.com\/wp-content\/uploads\/2026\/01\/COORDINACION-GRO3-300x200.jpeg\" alt=\"\" width=\"300\" height=\"200\" srcset=\"https:\/\/www.acapulcopress.com\/wp-content\/uploads\/2026\/01\/COORDINACION-GRO3-300x200.jpeg 300w, https:\/\/www.acapulcopress.com\/wp-content\/uploads\/2026\/01\/COORDINACION-GRO3-1024x682.jpeg 1024w, https:\/\/www.acapulcopress.com\/wp-content\/uploads\/2026\/01\/COORDINACION-GRO3-768x512.jpeg 768w, https:\/\/www.acapulcopress.com\/wp-content\/uploads\/2026\/01\/COORDINACION-GRO3-580x387.jpeg 580w, https:\/\/www.acapulcopress.com\/wp-content\/uploads\/2026\/01\/COORDINACION-GRO3-860x573.jpeg 860w, https:\/\/www.acapulcopress.com\/wp-content\/uploads\/2026\/01\/COORDINACION-GRO3-1160x773.jpeg 1160w, https:\/\/www.acapulcopress.com\/wp-content\/uploads\/2026\/01\/COORDINACION-GRO3.jpeg 1280w\" sizes=\"auto, (max-width: 300px) 100vw, 300px\" \/><\/a>reforzamiento del trabajo conjunto con el Gobierno de M\u00e9xico para avanzar en la pacificaci\u00f3n del estado y la atenci\u00f3n a las causas que generan la violencia.<\/p>\n<p>En la sesi\u00f3n se present\u00f3 la estrategia que impulsa el Gobierno de M\u00e9xico a trav\u00e9s de los Consejos de Paz y Justicia C\u00edvica, orientada a fortalecer la participaci\u00f3n social y a atender de manera integral las causas estructurales de la violencia, con el objetivo de consolidar acciones coordinadas entre los tres \u00f3rdenes de gobierno y la sociedad.<\/p>\n<p>Asimismo, la gobernadora Evelyn Salgado dio seguimiento al informe del secretario de<em> Gesti\u00f3n Integral de Riesgos y Protecci\u00f3n Civil<\/em>, <strong>Roberto Arroyo Matus<\/strong>, respecto al sismo registrado la madrugada de este viernes, con epicentro en San Marcos, el cual no dej\u00f3 da\u00f1os hasta el momento. Se instruy\u00f3 mantener las labores de revisi\u00f3n y monitoreo preventivo en los 85 municipios del estado.<\/p>\n<p><a href=\"https:\/\/www.acapulcopress.com\/wp-content\/uploads\/2026\/01\/COORDINACION-GRO5.jpeg\"><img loading=\"lazy\" decoding=\"async\" class=\"alignleft wp-image-1262460 size-medium\" src=\"https:\/\/www.acapulcopress.com\/wp-content\/uploads\/2026\/01\/COORDINACION-GRO5-300x229.jpeg\" alt=\"\" width=\"300\" height=\"229\" srcset=\"https:\/\/www.acapulcopress.com\/wp-content\/uploads\/2026\/01\/COORDINACION-GRO5-300x229.jpeg 300w, https:\/\/www.acapulcopress.com\/wp-content\/uploads\/2026\/01\/COORDINACION-GRO5-1024x782.jpeg 1024w, https:\/\/www.acapulcopress.com\/wp-content\/uploads\/2026\/01\/COORDINACION-GRO5-768x586.jpeg 768w, https:\/\/www.acapulcopress.com\/wp-content\/uploads\/2026\/01\/COORDINACION-GRO5-860x656.jpeg 860w, https:\/\/www.acapulcopress.com\/wp-content\/uploads\/2026\/01\/COORDINACION-GRO5-580x443.jpeg 580w, https:\/\/www.acapulcopress.com\/wp-content\/uploads\/2026\/01\/COORDINACION-GRO5-1160x885.jpeg 1160w, https:\/\/www.acapulcopress.com\/wp-content\/uploads\/2026\/01\/COORDINACION-GRO5.jpeg 1280w\" sizes=\"auto, (max-width: 300px) 100vw, 300px\" \/><\/a>Con responsabilidad, coordinaci\u00f3n y compromiso permanente, el gobierno del estado que encabeza Evelyn Salgado Pineda, contin\u00faa trabajando diariamente para garantizar la paz, la seguridad y el bienestar de las familias guerrerenses.<\/p>\n<p>Participaron en la reuni\u00f3n la subsecretaria de <em>Construcci\u00f3n de Paz y Participaci\u00f3n Social,<\/em> Roc\u00edo B\u00e1rcena Molina; la titular de la <em>Unidad de Asuntos Religiosos, Prevenci\u00f3n Social y Reconstrucci\u00f3n del Tejido Social<\/em>, Clara Luz Flores; as\u00ed como Santiago Segui Amortegui, titular de la <em>Unidad de las Mesas de Paz<\/em> de la Secretar\u00eda de Gobernaci\u00f3n.<br \/>\n<em>* )\u00a0<a class=\"x1fey0fg xmper1u x1edh9d7\" href=\"https:\/\/fb.me\/steparious\">fb.me\/steparious<\/a>\u00a0| * )\u00a0<a class=\"x1fey0fg xmper1u x1edh9d7\" href=\"https:\/\/fb.me\/acapulcopress\">fb.me\/acapulcopress<\/a><\/em><\/p>\n","protected":false},"excerpt":{"rendered":"<p>CHILPANCINGO * 16 de enero, 2026. ) Seguridad Guerrero Durante la sesi\u00f3n de la Mesa de Coordinaci\u00f3n para la Construcci\u00f3n de la Paz, la gobernadora Evelyn Salgado Pineda, se anunci\u00f3 el reforzamiento del trabajo conjunto con el Gobierno de M\u00e9xico para avanzar en la pacificaci\u00f3n del estado y la atenci\u00f3n a las causas que generan&#8230;<\/p>\n","protected":false},"author":1,"featured_media":1262456,"comment_status":"closed","ping_status":"open","sticky":false,"template":"","format":"standard","meta":{"footnotes":""},"categories":[2080],"tags":[8251,12964,15667],"class_list":["post-1262455","post","type-post","status-publish","format-standard","has-post-thumbnail","hentry","category-regiones-de-guerrero","tag-evelyn-salgado-pineda","tag-mesa-de-coordinacion-para-la-construccion-de-la-paz","tag-roberto-arroyo-matus"],"_links":{"self":[{"href":"https:\/\/www.acapulcopress.com\/index.php\/wp-json\/wp\/v2\/posts\/1262455","targetHints":{"allow":["GET"]}}],"collection":[{"href":"https:\/\/www.acapulcopress.com\/index.php\/wp-json\/wp\/v2\/posts"}],"about":[{"href":"https:\/\/www.acapulcopress.com\/index.php\/wp-json\/wp\/v2\/types\/post"}],"author":[{"embeddable":true,"href":"https:\/\/www.acapulcopress.com\/index.php\/wp-json\/wp\/v2\/users\/1"}],"replies":[{"embeddable":true,"href":"https:\/\/www.acapulcopress.com\/index.php\/wp-json\/wp\/v2\/comments?post=1262455"}],"version-history":[{"count":3,"href":"https:\/\/www.acapulcopress.com\/index.php\/wp-json\/wp\/v2\/posts\/1262455\/revisions"}],"predecessor-version":[{"id":1262463,"href":"https:\/\/www.acapulcopress.com\/index.php\/wp-json\/wp\/v2\/posts\/1262455\/revisions\/1262463"}],"wp:featuredmedia":[{"embeddable":true,"href":"https:\/\/www.acapulcopress.com\/index.php\/wp-json\/wp\/v2\/media\/1262456"}],"wp:attachment":[{"href":"https:\/\/www.acapulcopress.com\/index.php\/wp-json\/wp\/v2\/media?parent=1262455"}],"wp:term":[{"taxonomy":"category","embeddable":true,"href":"https:\/\/www.acapulcopress.com\/index.php\/wp-json\/wp\/v2\/categories?post=1262455"},{"taxonomy":"post_tag","embeddable":true,"href":"https:\/\/www.acapulcopress.com\/index.php\/wp-json\/wp\/v2\/tags?post=1262455"}],"curies":[{"name":"wp","href":"https:\/\/api.w.org\/{rel}","templated":true}]}}