{"id":1262464,"date":"2026-01-19T17:57:38","date_gmt":"2026-01-19T23:57:38","guid":{"rendered":"https:\/\/www.acapulcopress.com\/?p=1262464"},"modified":"2026-01-19T17:57:38","modified_gmt":"2026-01-19T23:57:38","slug":"destaca-sheinbaum-resultados-de-guerrero-en-materia-de-seguridad","status":"publish","type":"post","link":"https:\/\/www.acapulcopress.com\/index.php\/2026\/01\/19\/destaca-sheinbaum-resultados-de-guerrero-en-materia-de-seguridad\/","title":{"rendered":"Destaca Sheinbaum resultados de Guerrero en materia de seguridad"},"content":{"rendered":"<p>CIUDAD DE M\u00c9XICO * 19 de enero, 2026.<br \/>\n<em>)\u00a0 La Ma\u00f1anera del Pueblo<\/em><br \/>\nComo resultado del trabajo coordinado impulsado por la gobernadora<strong> Evelyn Salgado Pineda<\/strong> con el Gobierno de M\u00e9xico, Guerrero se <a href=\"https:\/\/www.acapulcopress.com\/wp-content\/uploads\/2026\/01\/seguridad-gro2.jpeg\"><img loading=\"lazy\" decoding=\"async\" class=\"alignleft wp-image-1262466 size-medium\" src=\"https:\/\/www.acapulcopress.com\/wp-content\/uploads\/2026\/01\/seguridad-gro2-300x168.jpeg\" alt=\"\" width=\"300\" height=\"168\" srcset=\"https:\/\/www.acapulcopress.com\/wp-content\/uploads\/2026\/01\/seguridad-gro2-300x168.jpeg 300w, https:\/\/www.acapulcopress.com\/wp-content\/uploads\/2026\/01\/seguridad-gro2-1024x574.jpeg 1024w, https:\/\/www.acapulcopress.com\/wp-content\/uploads\/2026\/01\/seguridad-gro2-768x431.jpeg 768w, https:\/\/www.acapulcopress.com\/wp-content\/uploads\/2026\/01\/seguridad-gro2-580x325.jpeg 580w, https:\/\/www.acapulcopress.com\/wp-content\/uploads\/2026\/01\/seguridad-gro2-860x482.jpeg 860w, https:\/\/www.acapulcopress.com\/wp-content\/uploads\/2026\/01\/seguridad-gro2.jpeg 1063w\" sizes=\"auto, (max-width: 300px) 100vw, 300px\" \/><\/a>posiciona como referente nacional en la disminuci\u00f3n de la violencia, al registrar durante diciembre de 2025 la cifra m\u00e1s baja de homicidios dolosos desde 2014.<\/p>\n<p>Durante la conferencia matutina la presidenta<strong> Claudia Sheinbaum Pardo<\/strong>, destac\u00f3 los avances alcanzados en Guerrero como parte de la estrategia nacional de seguridad, subrayando la estrecha coordinaci\u00f3n con el gobierno que encabeza la gobernadora Evelyn Salgado Pineda.<\/p>\n<p>De acuerdo con las cifras presentadas, Guerrero logr\u00f3 una reducci\u00f3n del 65 por ciento en el promedio diario de homicidios, en comparaci\u00f3n con octubre de 2024, uno de los descensos m\u00e1s significativos a nivel nacional, consolidando una tendencia sostenida a la baja en la incidencia delictiva.<\/p>\n<p>En el acumulado de enero a diciembre de 2025, la entidad registr\u00f3 1,312 homicidios dolosos, equivalente al 5.4 por ciento del total nacional.<\/p>\n<p>Sin embargo, en el reporte espec\u00edfico de diciembre, Guerrero concentr\u00f3 \u00fanicamente el 4.4 por ciento de los homicidios a nivel nacional, reflejando el impacto positivo de las acciones conjuntas de seguridad.<\/p>\n<p>Asimismo, el informe sobre la variaci\u00f3n del promedio diario de homicidios por entidad coloca a Guerrero con una reducci\u00f3n del 24.3 por ciento, situ\u00e1ndolo en el lugar 15 nacional, resultado de la estrategia integral de seguridad implementada de manera coordinada entre autoridades federales, estatales y municipales.<\/p>\n<p>Las cifras confirman que Guerrero avanza de manera firme en la ruta de la pacificaci\u00f3n, destacando a nivel nacional por el trabajo que encabeza la gobernadora Evelyn Salgado Pineda en coordinaci\u00f3n con el Gobierno de M\u00e9xico para inhibir los delitos, fortalecer la seguridad y recuperar la paz en beneficio de las y los guerrerenses.<br \/>\n<em>* )\u00a0<a href=\"http:\/\/fb.me\/steparious\" target=\"_blank\" rel=\"noopener\">fb.me\/steparious\u00a0<\/a>| * )\u00a0<a href=\"http:\/\/fb.me\/acapulcopress\" target=\"_blank\" rel=\"noopener\">fb.me\/acapulcopress<\/a><\/em><\/p>\n","protected":false},"excerpt":{"rendered":"<p>CIUDAD DE M\u00c9XICO * 19 de enero, 2026. )\u00a0 La Ma\u00f1anera del Pueblo Como resultado del trabajo coordinado impulsado por la gobernadora Evelyn Salgado Pineda con el Gobierno de M\u00e9xico, Guerrero se posiciona como referente nacional en la disminuci\u00f3n de la violencia, al registrar durante diciembre de 2025 la cifra m\u00e1s baja de homicidios dolosos&#8230;<\/p>\n","protected":false},"author":1,"featured_media":1262465,"comment_status":"closed","ping_status":"open","sticky":false,"template":"","format":"standard","meta":{"footnotes":""},"categories":[2080],"tags":[5853,8251],"class_list":["post-1262464","post","type-post","status-publish","format-standard","has-post-thumbnail","hentry","category-regiones-de-guerrero","tag-claudia-sheinbaum-pardo","tag-evelyn-salgado-pineda"],"_links":{"self":[{"href":"https:\/\/www.acapulcopress.com\/index.php\/wp-json\/wp\/v2\/posts\/1262464","targetHints":{"allow":["GET"]}}],"collection":[{"href":"https:\/\/www.acapulcopress.com\/index.php\/wp-json\/wp\/v2\/posts"}],"about":[{"href":"https:\/\/www.acapulcopress.com\/index.php\/wp-json\/wp\/v2\/types\/post"}],"author":[{"embeddable":true,"href":"https:\/\/www.acapulcopress.com\/index.php\/wp-json\/wp\/v2\/users\/1"}],"replies":[{"embeddable":true,"href":"https:\/\/www.acapulcopress.com\/index.php\/wp-json\/wp\/v2\/comments?post=1262464"}],"version-history":[{"count":1,"href":"https:\/\/www.acapulcopress.com\/index.php\/wp-json\/wp\/v2\/posts\/1262464\/revisions"}],"predecessor-version":[{"id":1262467,"href":"https:\/\/www.acapulcopress.com\/index.php\/wp-json\/wp\/v2\/posts\/1262464\/revisions\/1262467"}],"wp:featuredmedia":[{"embeddable":true,"href":"https:\/\/www.acapulcopress.com\/index.php\/wp-json\/wp\/v2\/media\/1262465"}],"wp:attachment":[{"href":"https:\/\/www.acapulcopress.com\/index.php\/wp-json\/wp\/v2\/media?parent=1262464"}],"wp:term":[{"taxonomy":"category","embeddable":true,"href":"https:\/\/www.acapulcopress.com\/index.php\/wp-json\/wp\/v2\/categories?post=1262464"},{"taxonomy":"post_tag","embeddable":true,"href":"https:\/\/www.acapulcopress.com\/index.php\/wp-json\/wp\/v2\/tags?post=1262464"}],"curies":[{"name":"wp","href":"https:\/\/api.w.org\/{rel}","templated":true}]}}