{"id":1262468,"date":"2026-01-19T18:16:18","date_gmt":"2026-01-20T00:16:18","guid":{"rendered":"https:\/\/www.acapulcopress.com\/?p=1262468"},"modified":"2026-01-19T18:28:59","modified_gmt":"2026-01-20T00:28:59","slug":"avances-relevantes-en-procuracion-de-justicia-en-guerrero","status":"publish","type":"post","link":"https:\/\/www.acapulcopress.com\/index.php\/2026\/01\/19\/avances-relevantes-en-procuracion-de-justicia-en-guerrero\/","title":{"rendered":"Avances relevantes en procuraci\u00f3n de justicia Guerrero"},"content":{"rendered":"<p>CHILPANCINGO * 19 de enero, 2026.<br \/>\n) <em>Coordinaci\u00f3n para la Paz en Guerrero<br \/>\n<\/em>Derivado del trabajo permanente y coordinado entre autoridades estatales y federales, el vocero de la <em>Mesa de Coordinaci\u00f3n para la Construcci\u00f3n de Paz en Guerrero,<\/em><strong> Randy Suastegui Cebrero<\/strong>, dio a conocer los avances relevantes en materia de seguridad y procuraci\u00f3n de justicia, como resultado de las acciones implementadas del 12 al 18 de enero del presente a\u00f1o.<\/p>\n<p>La Secretar\u00eda de Seguridad P\u00fablica estatal inform\u00f3 que, durante este periodo, se logr\u00f3 la detenci\u00f3n de 26 personas, cinco del fuero federal y 21 del fuero com\u00fan, adem\u00e1s del aseguramiento y recuperaci\u00f3n de 37 veh\u00edculos, entre autom\u00f3viles y motocicletas, de los cuales 6 autom\u00f3viles y 7 motocicletas contaban reporte de robo, as\u00ed como 15 autom\u00f3viles y 9 motocicletas presuntamente vinculados a actividades delictivas.<\/p>\n<p>Indic\u00f3 tambi\u00e9n que se asegur\u00f3 armamento consistente en un arma larga, siete armas cortas, seis cargadores y 392 cartuchos \u00fatiles, as\u00ed como 8.8 kilogramos de marihuana y 318 dosis de cristal, lo que gener\u00f3 una afectaci\u00f3n econ\u00f3mica estimada en un mill\u00f3n 51 mil 350 pesos a los grupos delictivos.<\/p>\n<p>Por su parte, la Fiscal\u00eda General del Estado de Guerrero inform\u00f3 que, en el mismo periodo, agentes de la Polic\u00eda Investigadora Ministerial ejecutaron 25 \u00f3rdenes de aprehensi\u00f3n por delitos de alto impacto, entre ellos homicidio calificado, secuestro agravado, violaci\u00f3n en diversas modalidades, abuso sexual, robo y violencia familiar<\/p>\n<p>Asimismo, se realizaron ocho detenciones en flagrancia, se obtuvieron 12 vinculaciones a proceso y se dictaron 11 sentencias condenatorias, con penas que van de 8 meses hasta 60 a\u00f1os de prisi\u00f3n, destacando sentencias por secuestro y desaparici\u00f3n cometida por particulares<\/p>\n<p>Adem\u00e1s, como parte de la estrategia integral, tambi\u00e9n se report\u00f3 la atenci\u00f3n oportuna de tentativas de extorsi\u00f3n y secuestros virtuales, evitando pagos por m\u00e1s de 810 mil pesos, as\u00ed como la cancelaci\u00f3n de 49 l\u00edneas telef\u00f3nicas utilizadas para este tipo de delitos, asimismo, a trav\u00e9s de los Centros de Justicia Alternativa, se lograron 26 acuerdos reparatorios, con una recuperaci\u00f3n econ\u00f3mica superior a 820 mil pesos a favor de las v\u00edctimas<\/p>\n<p>Suastegui Cebrero, destac\u00f3 que estos resultados reflejan la efectividad de la coordinaci\u00f3n interinstitucional y el fortalecimiento de los operativos en zonas prioritarias, con el objetivo de reducir la incidencia delictiva y garantizar entornos m\u00e1s seguros para las y los guerrerenses.<br \/>\n<em>* )\u00a0<a href=\"http:\/\/fb.me\/steparious\" target=\"_blank\" rel=\"noopener\">fb.me\/steparious\u00a0<\/a>| * )\u00a0<a href=\"http:\/\/fb.me\/acapulcopress\" target=\"_blank\" rel=\"noopener\">fb.me\/acapulcopress<\/a><\/em><\/p>\n","protected":false},"excerpt":{"rendered":"<p>Derivado del trabajo permanente y coordinado entre autoridades estatales y federales<\/p>\n","protected":false},"author":1,"featured_media":1262469,"comment_status":"closed","ping_status":"open","sticky":false,"template":"","format":"standard","meta":{"footnotes":""},"categories":[1969],"tags":[12969,15272],"class_list":["post-1262468","post","type-post","status-publish","format-standard","has-post-thumbnail","hentry","category-trending","tag-mesa-de-coordinacion-para-la-construccion-de-paz-en-guerrero","tag-randy-suastegui-cebrero"],"_links":{"self":[{"href":"https:\/\/www.acapulcopress.com\/index.php\/wp-json\/wp\/v2\/posts\/1262468","targetHints":{"allow":["GET"]}}],"collection":[{"href":"https:\/\/www.acapulcopress.com\/index.php\/wp-json\/wp\/v2\/posts"}],"about":[{"href":"https:\/\/www.acapulcopress.com\/index.php\/wp-json\/wp\/v2\/types\/post"}],"author":[{"embeddable":true,"href":"https:\/\/www.acapulcopress.com\/index.php\/wp-json\/wp\/v2\/users\/1"}],"replies":[{"embeddable":true,"href":"https:\/\/www.acapulcopress.com\/index.php\/wp-json\/wp\/v2\/comments?post=1262468"}],"version-history":[{"count":5,"href":"https:\/\/www.acapulcopress.com\/index.php\/wp-json\/wp\/v2\/posts\/1262468\/revisions"}],"predecessor-version":[{"id":1262474,"href":"https:\/\/www.acapulcopress.com\/index.php\/wp-json\/wp\/v2\/posts\/1262468\/revisions\/1262474"}],"wp:featuredmedia":[{"embeddable":true,"href":"https:\/\/www.acapulcopress.com\/index.php\/wp-json\/wp\/v2\/media\/1262469"}],"wp:attachment":[{"href":"https:\/\/www.acapulcopress.com\/index.php\/wp-json\/wp\/v2\/media?parent=1262468"}],"wp:term":[{"taxonomy":"category","embeddable":true,"href":"https:\/\/www.acapulcopress.com\/index.php\/wp-json\/wp\/v2\/categories?post=1262468"},{"taxonomy":"post_tag","embeddable":true,"href":"https:\/\/www.acapulcopress.com\/index.php\/wp-json\/wp\/v2\/tags?post=1262468"}],"curies":[{"name":"wp","href":"https:\/\/api.w.org\/{rel}","templated":true}]}}