{"id":1262475,"date":"2026-01-19T19:21:04","date_gmt":"2026-01-20T01:21:04","guid":{"rendered":"https:\/\/www.acapulcopress.com\/?p=1262475"},"modified":"2026-01-19T20:13:50","modified_gmt":"2026-01-20T02:13:50","slug":"gobernadora-entrego-titulos-de-propiedad-a-163-familias-de-guerrero","status":"publish","type":"post","link":"https:\/\/www.acapulcopress.com\/index.php\/2026\/01\/19\/gobernadora-entrego-titulos-de-propiedad-a-163-familias-de-guerrero\/","title":{"rendered":"Gobernadora entreg\u00f3 t\u00edtulos de propiedad a 163 familias de Guerrero"},"content":{"rendered":"<p>CHILPANCINGO * 19 de enero, 2026.<br \/>\n<em>) Gobierno de Guerrero<br \/>\n<\/em> <a href=\"https:\/\/www.acapulcopress.com\/wp-content\/uploads\/2026\/01\/esp.propiedad12.jpeg\"><img loading=\"lazy\" decoding=\"async\" class=\"alignleft wp-image-1262487 size-medium\" src=\"https:\/\/www.acapulcopress.com\/wp-content\/uploads\/2026\/01\/esp.propiedad12-300x200.jpeg\" alt=\"\" width=\"300\" height=\"200\" srcset=\"https:\/\/www.acapulcopress.com\/wp-content\/uploads\/2026\/01\/esp.propiedad12-300x200.jpeg 300w, https:\/\/www.acapulcopress.com\/wp-content\/uploads\/2026\/01\/esp.propiedad12-1024x682.jpeg 1024w, https:\/\/www.acapulcopress.com\/wp-content\/uploads\/2026\/01\/esp.propiedad12-768x512.jpeg 768w, https:\/\/www.acapulcopress.com\/wp-content\/uploads\/2026\/01\/esp.propiedad12-580x387.jpeg 580w, https:\/\/www.acapulcopress.com\/wp-content\/uploads\/2026\/01\/esp.propiedad12-860x573.jpeg 860w, https:\/\/www.acapulcopress.com\/wp-content\/uploads\/2026\/01\/esp.propiedad12-1160x773.jpeg 1160w, https:\/\/www.acapulcopress.com\/wp-content\/uploads\/2026\/01\/esp.propiedad12.jpeg 1280w\" sizes=\"auto, (max-width: 300px) 100vw, 300px\" \/><\/a>Como parte de la pol\u00edtica de justicia social para consolidar la transformaci\u00f3n en Guerrero, la gobernadora <strong>Evelyn Salgado Pineda<\/strong> entreg\u00f3 163 t\u00edtulos de propiedad a igual n\u00famero de familias de distintas regiones del estado, otorg\u00e1ndoles certeza jur\u00eddica sobre su patrimonio y tranquilidad para su futuro.<\/p>\n<p>A trav\u00e9s del <em>Programa de Regularizaci\u00f3n de la Tenencia de la Tierra<\/em>, familias de las regiones Costa Chica, Costa Grande, Centro, Norte y Tierra Caliente recibieron el documento que acredita legalmente la propiedad de sus viviendas, un paso hist\u00f3rico que representa seguridad patrimonial y reconocimiento a una vida de esfuerzo.<\/p>\n<p>\u201cHoy es un d\u00eda de mucha alegr\u00eda para ustedes. Cuando una familia vive con certeza sobre su patrimonio, el estado avanza con mayor estabilidad, fortaleza y esperanza\u201d, expres\u00f3 la mandataria estatal, al tiempo que reiter\u00f3 su compromiso de seguir ampliando este programa en <a href=\"https:\/\/www.acapulcopress.com\/wp-content\/uploads\/2026\/01\/esp.propiedad9.jpeg\"><img loading=\"lazy\" decoding=\"async\" class=\"alignleft wp-image-1262484 size-medium\" src=\"https:\/\/www.acapulcopress.com\/wp-content\/uploads\/2026\/01\/esp.propiedad9-300x200.jpeg\" alt=\"\" width=\"300\" height=\"200\" srcset=\"https:\/\/www.acapulcopress.com\/wp-content\/uploads\/2026\/01\/esp.propiedad9-300x200.jpeg 300w, https:\/\/www.acapulcopress.com\/wp-content\/uploads\/2026\/01\/esp.propiedad9-1024x682.jpeg 1024w, https:\/\/www.acapulcopress.com\/wp-content\/uploads\/2026\/01\/esp.propiedad9-768x512.jpeg 768w, https:\/\/www.acapulcopress.com\/wp-content\/uploads\/2026\/01\/esp.propiedad9-580x387.jpeg 580w, https:\/\/www.acapulcopress.com\/wp-content\/uploads\/2026\/01\/esp.propiedad9-860x573.jpeg 860w, https:\/\/www.acapulcopress.com\/wp-content\/uploads\/2026\/01\/esp.propiedad9-1160x773.jpeg 1160w, https:\/\/www.acapulcopress.com\/wp-content\/uploads\/2026\/01\/esp.propiedad9.jpeg 1280w\" sizes=\"auto, (max-width: 300px) 100vw, 300px\" \/><\/a>todas las regiones de Guerrero.<\/p>\n<p>Evelyn Salgado hizo un llamado a redoblar esfuerzos para continuar con la regularizaci\u00f3n de escrituras de vivienda y asegur\u00f3 que su gobierno no fallar\u00e1 al pueblo. \u201cVamos a seguir trabajando en territorio, con obras y acciones, para que m\u00e1s familias tengan certeza jur\u00eddica sobre su hogar\u201d, afirm\u00f3.<\/p>\n<p>Durante el evento en la S<em>ala de la Rep\u00fablica<\/em> de <em>Casa Guerrero,<\/em> el secretario de<em> Finanzas y Administraci\u00f3n<\/em>,<strong> Raymundo Segura Estrada<\/strong>, destac\u00f3 que la entrega de estos t\u00edtulos es un acto de justicia social que dignifica a las familias, fortalece su arraigo comunitario y abre nuevas oportunidades para mejorar su calidad de vida y la de las futuras generaciones, gracias al impulso de la gobernadora Evelyn Salgado.<\/p>\n<p>Asistieron al evento la presidenta del<em> Sistema DIF Guerrero,<\/em> <strong>Liz Salgado Pineda<\/strong>; la diputada, <strong>Obdulia Naranjo Cabrera<\/strong>; la subsecretaria de Ingresos de la <em>Secretar\u00eda de Finanzas y Administraci\u00f3n<\/em>, <strong>Rub\u00ed D\u00edaz Arreola<\/strong>; el director del <em>Registro P\u00fablico de la Propiedad,<\/em> <strong>Alfonso Lara Mu\u00f1iz<\/strong>, as\u00ed como otras autoridades estatales.<\/p>\n<p><a href=\"https:\/\/www.acapulcopress.com\/wp-content\/uploads\/2026\/01\/esp.propiedad8.jpeg\"><img loading=\"lazy\" decoding=\"async\" class=\"alignnone wp-image-1262483 size-full\" src=\"https:\/\/www.acapulcopress.com\/wp-content\/uploads\/2026\/01\/esp.propiedad8.jpeg\" alt=\"\" width=\"1280\" height=\"853\" srcset=\"https:\/\/www.acapulcopress.com\/wp-content\/uploads\/2026\/01\/esp.propiedad8.jpeg 1280w, https:\/\/www.acapulcopress.com\/wp-content\/uploads\/2026\/01\/esp.propiedad8-300x200.jpeg 300w, https:\/\/www.acapulcopress.com\/wp-content\/uploads\/2026\/01\/esp.propiedad8-1024x682.jpeg 1024w, https:\/\/www.acapulcopress.com\/wp-content\/uploads\/2026\/01\/esp.propiedad8-768x512.jpeg 768w, https:\/\/www.acapulcopress.com\/wp-content\/uploads\/2026\/01\/esp.propiedad8-580x387.jpeg 580w, https:\/\/www.acapulcopress.com\/wp-content\/uploads\/2026\/01\/esp.propiedad8-860x573.jpeg 860w, https:\/\/www.acapulcopress.com\/wp-content\/uploads\/2026\/01\/esp.propiedad8-1160x773.jpeg 1160w\" sizes=\"auto, (max-width: 1280px) 100vw, 1280px\" \/><\/a><\/p>\n<p><a href=\"https:\/\/www.acapulcopress.com\/wp-content\/uploads\/2026\/01\/esp.propiedad7.jpeg\"><img loading=\"lazy\" decoding=\"async\" class=\"alignnone wp-image-1262482 size-full\" src=\"https:\/\/www.acapulcopress.com\/wp-content\/uploads\/2026\/01\/esp.propiedad7.jpeg\" alt=\"\" width=\"1280\" height=\"853\" srcset=\"https:\/\/www.acapulcopress.com\/wp-content\/uploads\/2026\/01\/esp.propiedad7.jpeg 1280w, https:\/\/www.acapulcopress.com\/wp-content\/uploads\/2026\/01\/esp.propiedad7-300x200.jpeg 300w, https:\/\/www.acapulcopress.com\/wp-content\/uploads\/2026\/01\/esp.propiedad7-1024x682.jpeg 1024w, https:\/\/www.acapulcopress.com\/wp-content\/uploads\/2026\/01\/esp.propiedad7-768x512.jpeg 768w, https:\/\/www.acapulcopress.com\/wp-content\/uploads\/2026\/01\/esp.propiedad7-580x387.jpeg 580w, https:\/\/www.acapulcopress.com\/wp-content\/uploads\/2026\/01\/esp.propiedad7-860x573.jpeg 860w, https:\/\/www.acapulcopress.com\/wp-content\/uploads\/2026\/01\/esp.propiedad7-1160x773.jpeg 1160w\" sizes=\"auto, (max-width: 1280px) 100vw, 1280px\" \/><\/a><\/p>\n<p><a href=\"https:\/\/www.acapulcopress.com\/wp-content\/uploads\/2026\/01\/esp.propiedad3.jpeg\"><img loading=\"lazy\" decoding=\"async\" class=\"alignnone wp-image-1262478 size-full\" src=\"https:\/\/www.acapulcopress.com\/wp-content\/uploads\/2026\/01\/esp.propiedad3.jpeg\" alt=\"\" width=\"1280\" height=\"853\" srcset=\"https:\/\/www.acapulcopress.com\/wp-content\/uploads\/2026\/01\/esp.propiedad3.jpeg 1280w, https:\/\/www.acapulcopress.com\/wp-content\/uploads\/2026\/01\/esp.propiedad3-300x200.jpeg 300w, https:\/\/www.acapulcopress.com\/wp-content\/uploads\/2026\/01\/esp.propiedad3-1024x682.jpeg 1024w, https:\/\/www.acapulcopress.com\/wp-content\/uploads\/2026\/01\/esp.propiedad3-768x512.jpeg 768w, https:\/\/www.acapulcopress.com\/wp-content\/uploads\/2026\/01\/esp.propiedad3-580x387.jpeg 580w, https:\/\/www.acapulcopress.com\/wp-content\/uploads\/2026\/01\/esp.propiedad3-860x573.jpeg 860w, https:\/\/www.acapulcopress.com\/wp-content\/uploads\/2026\/01\/esp.propiedad3-1160x773.jpeg 1160w\" sizes=\"auto, (max-width: 1280px) 100vw, 1280px\" \/><\/a><\/p>\n<p><a href=\"https:\/\/www.acapulcopress.com\/wp-content\/uploads\/2026\/01\/esp.propiedad6.jpeg\"><img loading=\"lazy\" decoding=\"async\" class=\"alignnone wp-image-1262481 size-full\" src=\"https:\/\/www.acapulcopress.com\/wp-content\/uploads\/2026\/01\/esp.propiedad6.jpeg\" alt=\"\" width=\"1280\" height=\"853\" srcset=\"https:\/\/www.acapulcopress.com\/wp-content\/uploads\/2026\/01\/esp.propiedad6.jpeg 1280w, https:\/\/www.acapulcopress.com\/wp-content\/uploads\/2026\/01\/esp.propiedad6-300x200.jpeg 300w, https:\/\/www.acapulcopress.com\/wp-content\/uploads\/2026\/01\/esp.propiedad6-1024x682.jpeg 1024w, https:\/\/www.acapulcopress.com\/wp-content\/uploads\/2026\/01\/esp.propiedad6-768x512.jpeg 768w, https:\/\/www.acapulcopress.com\/wp-content\/uploads\/2026\/01\/esp.propiedad6-580x387.jpeg 580w, https:\/\/www.acapulcopress.com\/wp-content\/uploads\/2026\/01\/esp.propiedad6-860x573.jpeg 860w, https:\/\/www.acapulcopress.com\/wp-content\/uploads\/2026\/01\/esp.propiedad6-1160x773.jpeg 1160w\" sizes=\"auto, (max-width: 1280px) 100vw, 1280px\" \/><\/a><\/p>\n<p><a href=\"https:\/\/www.acapulcopress.com\/wp-content\/uploads\/2026\/01\/esp.propiedad4.jpeg\"><img loading=\"lazy\" decoding=\"async\" class=\"alignnone wp-image-1262479 size-full\" src=\"https:\/\/www.acapulcopress.com\/wp-content\/uploads\/2026\/01\/esp.propiedad4.jpeg\" alt=\"\" width=\"1280\" height=\"853\" srcset=\"https:\/\/www.acapulcopress.com\/wp-content\/uploads\/2026\/01\/esp.propiedad4.jpeg 1280w, https:\/\/www.acapulcopress.com\/wp-content\/uploads\/2026\/01\/esp.propiedad4-300x200.jpeg 300w, https:\/\/www.acapulcopress.com\/wp-content\/uploads\/2026\/01\/esp.propiedad4-1024x682.jpeg 1024w, https:\/\/www.acapulcopress.com\/wp-content\/uploads\/2026\/01\/esp.propiedad4-768x512.jpeg 768w, https:\/\/www.acapulcopress.com\/wp-content\/uploads\/2026\/01\/esp.propiedad4-580x387.jpeg 580w, https:\/\/www.acapulcopress.com\/wp-content\/uploads\/2026\/01\/esp.propiedad4-860x573.jpeg 860w, https:\/\/www.acapulcopress.com\/wp-content\/uploads\/2026\/01\/esp.propiedad4-1160x773.jpeg 1160w\" sizes=\"auto, (max-width: 1280px) 100vw, 1280px\" \/><\/a><\/p>\n<p><a href=\"https:\/\/www.acapulcopress.com\/wp-content\/uploads\/2026\/01\/esp.propiedad11.jpeg\"><img loading=\"lazy\" decoding=\"async\" class=\"alignnone wp-image-1262486 size-full\" src=\"https:\/\/www.acapulcopress.com\/wp-content\/uploads\/2026\/01\/esp.propiedad11.jpeg\" alt=\"\" width=\"1280\" height=\"853\" srcset=\"https:\/\/www.acapulcopress.com\/wp-content\/uploads\/2026\/01\/esp.propiedad11.jpeg 1280w, https:\/\/www.acapulcopress.com\/wp-content\/uploads\/2026\/01\/esp.propiedad11-300x200.jpeg 300w, https:\/\/www.acapulcopress.com\/wp-content\/uploads\/2026\/01\/esp.propiedad11-1024x682.jpeg 1024w, https:\/\/www.acapulcopress.com\/wp-content\/uploads\/2026\/01\/esp.propiedad11-768x512.jpeg 768w, https:\/\/www.acapulcopress.com\/wp-content\/uploads\/2026\/01\/esp.propiedad11-580x387.jpeg 580w, https:\/\/www.acapulcopress.com\/wp-content\/uploads\/2026\/01\/esp.propiedad11-860x573.jpeg 860w, https:\/\/www.acapulcopress.com\/wp-content\/uploads\/2026\/01\/esp.propiedad11-1160x773.jpeg 1160w\" sizes=\"auto, (max-width: 1280px) 100vw, 1280px\" \/><\/a><\/p>\n<p><a href=\"https:\/\/www.acapulcopress.com\/wp-content\/uploads\/2026\/01\/esp.propiedad10.jpeg\"><img loading=\"lazy\" decoding=\"async\" class=\"alignnone wp-image-1262485 size-full\" src=\"https:\/\/www.acapulcopress.com\/wp-content\/uploads\/2026\/01\/esp.propiedad10.jpeg\" alt=\"\" width=\"1280\" height=\"853\" srcset=\"https:\/\/www.acapulcopress.com\/wp-content\/uploads\/2026\/01\/esp.propiedad10.jpeg 1280w, https:\/\/www.acapulcopress.com\/wp-content\/uploads\/2026\/01\/esp.propiedad10-300x200.jpeg 300w, https:\/\/www.acapulcopress.com\/wp-content\/uploads\/2026\/01\/esp.propiedad10-1024x682.jpeg 1024w, https:\/\/www.acapulcopress.com\/wp-content\/uploads\/2026\/01\/esp.propiedad10-768x512.jpeg 768w, https:\/\/www.acapulcopress.com\/wp-content\/uploads\/2026\/01\/esp.propiedad10-580x387.jpeg 580w, https:\/\/www.acapulcopress.com\/wp-content\/uploads\/2026\/01\/esp.propiedad10-860x573.jpeg 860w, https:\/\/www.acapulcopress.com\/wp-content\/uploads\/2026\/01\/esp.propiedad10-1160x773.jpeg 1160w\" sizes=\"auto, (max-width: 1280px) 100vw, 1280px\" \/><\/a><\/p>\n<p><a href=\"https:\/\/www.acapulcopress.com\/wp-content\/uploads\/2026\/01\/esp.propiedad2.jpeg\"><img loading=\"lazy\" decoding=\"async\" class=\"alignnone wp-image-1262477 size-full\" src=\"https:\/\/www.acapulcopress.com\/wp-content\/uploads\/2026\/01\/esp.propiedad2.jpeg\" alt=\"\" width=\"1280\" height=\"853\" srcset=\"https:\/\/www.acapulcopress.com\/wp-content\/uploads\/2026\/01\/esp.propiedad2.jpeg 1280w, https:\/\/www.acapulcopress.com\/wp-content\/uploads\/2026\/01\/esp.propiedad2-300x200.jpeg 300w, https:\/\/www.acapulcopress.com\/wp-content\/uploads\/2026\/01\/esp.propiedad2-1024x682.jpeg 1024w, https:\/\/www.acapulcopress.com\/wp-content\/uploads\/2026\/01\/esp.propiedad2-768x512.jpeg 768w, https:\/\/www.acapulcopress.com\/wp-content\/uploads\/2026\/01\/esp.propiedad2-580x387.jpeg 580w, https:\/\/www.acapulcopress.com\/wp-content\/uploads\/2026\/01\/esp.propiedad2-860x573.jpeg 860w, https:\/\/www.acapulcopress.com\/wp-content\/uploads\/2026\/01\/esp.propiedad2-1160x773.jpeg 1160w\" sizes=\"auto, (max-width: 1280px) 100vw, 1280px\" \/><\/a><\/p>\n<p><a href=\"https:\/\/www.acapulcopress.com\/wp-content\/uploads\/2026\/01\/esp.propiedad5.jpeg\"><img loading=\"lazy\" decoding=\"async\" class=\"alignnone wp-image-1262480 size-full\" src=\"https:\/\/www.acapulcopress.com\/wp-content\/uploads\/2026\/01\/esp.propiedad5.jpeg\" alt=\"\" width=\"1280\" height=\"853\" srcset=\"https:\/\/www.acapulcopress.com\/wp-content\/uploads\/2026\/01\/esp.propiedad5.jpeg 1280w, https:\/\/www.acapulcopress.com\/wp-content\/uploads\/2026\/01\/esp.propiedad5-300x200.jpeg 300w, https:\/\/www.acapulcopress.com\/wp-content\/uploads\/2026\/01\/esp.propiedad5-1024x682.jpeg 1024w, https:\/\/www.acapulcopress.com\/wp-content\/uploads\/2026\/01\/esp.propiedad5-768x512.jpeg 768w, https:\/\/www.acapulcopress.com\/wp-content\/uploads\/2026\/01\/esp.propiedad5-580x387.jpeg 580w, https:\/\/www.acapulcopress.com\/wp-content\/uploads\/2026\/01\/esp.propiedad5-860x573.jpeg 860w, https:\/\/www.acapulcopress.com\/wp-content\/uploads\/2026\/01\/esp.propiedad5-1160x773.jpeg 1160w\" sizes=\"auto, (max-width: 1280px) 100vw, 1280px\" \/><\/a><\/p>\n<p><a href=\"https:\/\/www.acapulcopress.com\/wp-content\/uploads\/2026\/01\/esp.propiedad.jpeg\"><img loading=\"lazy\" decoding=\"async\" class=\"alignnone wp-image-1262476 size-full\" src=\"https:\/\/www.acapulcopress.com\/wp-content\/uploads\/2026\/01\/esp.propiedad.jpeg\" alt=\"\" width=\"1280\" height=\"853\" srcset=\"https:\/\/www.acapulcopress.com\/wp-content\/uploads\/2026\/01\/esp.propiedad.jpeg 1280w, https:\/\/www.acapulcopress.com\/wp-content\/uploads\/2026\/01\/esp.propiedad-300x200.jpeg 300w, https:\/\/www.acapulcopress.com\/wp-content\/uploads\/2026\/01\/esp.propiedad-1024x682.jpeg 1024w, https:\/\/www.acapulcopress.com\/wp-content\/uploads\/2026\/01\/esp.propiedad-768x512.jpeg 768w, https:\/\/www.acapulcopress.com\/wp-content\/uploads\/2026\/01\/esp.propiedad-580x387.jpeg 580w, https:\/\/www.acapulcopress.com\/wp-content\/uploads\/2026\/01\/esp.propiedad-860x573.jpeg 860w, https:\/\/www.acapulcopress.com\/wp-content\/uploads\/2026\/01\/esp.propiedad-1160x773.jpeg 1160w\" sizes=\"auto, (max-width: 1280px) 100vw, 1280px\" \/><\/a><\/p>\n<p><em>* )\u00a0<a href=\"http:\/\/fb.me\/steparious\" target=\"_blank\" rel=\"noopener\">fb.me\/steparious\u00a0<\/a>| * )\u00a0<a href=\"http:\/\/fb.me\/acapulcopress\" target=\"_blank\" rel=\"noopener\">fb.me\/acapulcopress<\/a><\/em><\/p>\n","protected":false},"excerpt":{"rendered":"<p>CHILPANCINGO * 19 de enero, 2026. ) Gobierno de Guerrero Como parte de la pol\u00edtica de justicia social para consolidar la transformaci\u00f3n en Guerrero, la gobernadora Evelyn Salgado Pineda entreg\u00f3 163 t\u00edtulos de propiedad a igual n\u00famero de familias de distintas regiones del estado, otorg\u00e1ndoles certeza jur\u00eddica sobre su patrimonio y tranquilidad para su futuro&#8230;.<\/p>\n","protected":false},"author":1,"featured_media":1262478,"comment_status":"closed","ping_status":"open","sticky":false,"template":"","format":"standard","meta":{"footnotes":""},"categories":[1980,1983],"tags":[5355,12012,19097,15324],"class_list":["post-1262475","post","type-post","status-publish","format-standard","has-post-thumbnail","hentry","category-goverment-2","category-guerrerogob","tag-casa-guerrero","tag-liz-salgado-pineda","tag-programa-de-regularizacion-de-la-tenencia-de-la-tierra-guerrero","tag-raymundo-segura-estrada"],"_links":{"self":[{"href":"https:\/\/www.acapulcopress.com\/index.php\/wp-json\/wp\/v2\/posts\/1262475","targetHints":{"allow":["GET"]}}],"collection":[{"href":"https:\/\/www.acapulcopress.com\/index.php\/wp-json\/wp\/v2\/posts"}],"about":[{"href":"https:\/\/www.acapulcopress.com\/index.php\/wp-json\/wp\/v2\/types\/post"}],"author":[{"embeddable":true,"href":"https:\/\/www.acapulcopress.com\/index.php\/wp-json\/wp\/v2\/users\/1"}],"replies":[{"embeddable":true,"href":"https:\/\/www.acapulcopress.com\/index.php\/wp-json\/wp\/v2\/comments?post=1262475"}],"version-history":[{"count":1,"href":"https:\/\/www.acapulcopress.com\/index.php\/wp-json\/wp\/v2\/posts\/1262475\/revisions"}],"predecessor-version":[{"id":1262488,"href":"https:\/\/www.acapulcopress.com\/index.php\/wp-json\/wp\/v2\/posts\/1262475\/revisions\/1262488"}],"wp:featuredmedia":[{"embeddable":true,"href":"https:\/\/www.acapulcopress.com\/index.php\/wp-json\/wp\/v2\/media\/1262478"}],"wp:attachment":[{"href":"https:\/\/www.acapulcopress.com\/index.php\/wp-json\/wp\/v2\/media?parent=1262475"}],"wp:term":[{"taxonomy":"category","embeddable":true,"href":"https:\/\/www.acapulcopress.com\/index.php\/wp-json\/wp\/v2\/categories?post=1262475"},{"taxonomy":"post_tag","embeddable":true,"href":"https:\/\/www.acapulcopress.com\/index.php\/wp-json\/wp\/v2\/tags?post=1262475"}],"curies":[{"name":"wp","href":"https:\/\/api.w.org\/{rel}","templated":true}]}}