{"id":1262498,"date":"2026-01-20T19:15:49","date_gmt":"2026-01-21T01:15:49","guid":{"rendered":"https:\/\/www.acapulcopress.com\/?p=1262498"},"modified":"2026-01-20T19:50:53","modified_gmt":"2026-01-21T01:50:53","slug":"guerrero-a-la-fitur-2026-en-espana","status":"publish","type":"post","link":"https:\/\/www.acapulcopress.com\/index.php\/2026\/01\/20\/guerrero-a-la-fitur-2026-en-espana\/","title":{"rendered":"Guerrero a la Fitur 2026, en Espa\u00f1a"},"content":{"rendered":"<p>Tercera V\u00eda<br \/>\n\u00bb <a href=\"https:\/\/www.facebook.com\/profile.php?id=100029214670744\" target=\"_blank\" rel=\"noopener\"><strong>ERNESTO<\/strong> |<strong> RIVERA RODR\u00cdGUEZ<\/strong><\/a><\/p>\n<p>La gobernadora Evelyn Cesia Salgado Pineda anunci\u00f3 la participaci\u00f3n de Guerrero en la Fitur Espa\u00f1a 2026, la Feria Tur\u00edstica mas importante del Mundo, del 21 al 26 del presente en la capital espa\u00f1ola, ciudad de Madrid; asi como en el 50 Tianguis Tur\u00edstico, del 27 al 30 de abril pr\u00f3ximo, en el destino tur\u00edstico que lo vio nacer, Acapulco.<\/p>\n<p>La gobernadora Evelyn acompa\u00f1ada del secretario de Turismo Sim\u00f3n Qui\u00f1ones, al presentar los resultados de la temporada de vacaciones 2025-2026 destac\u00f3 el registr\u00f3 de una afluencia hist\u00f3rica la que dejo una derrama econ\u00f3mica superior a las temporadas anteriores, con lo cual, el Hogar del Sol se consolida como potencia tur\u00edstica en el pa\u00eds.<\/p>\n<p>Manteni\u00e9ndose en esta segunda quincena de enero un comportamiento positivo registrando el s\u00e1bado 17 una ocupaci\u00f3n promedio general del 67.6% en Guerrero.<\/p>\n<p><strong>La Fitur<\/strong><\/p>\n<p>Como parte de las actividades previas a Fitur en Espa\u00f1a, el Secretario de Turismo en Guerrero, Sim\u00f3n Qui\u00f1ones Orozco, particip\u00f3 en una reuni\u00f3n de la Uni\u00f3n de Secretar\u00edas y de Secretarios de Turismo de M\u00e9xico con el Consejo Mundial del Viaje y Turismo (WTTC), la Asociaci\u00f3n Nacional de Cadenas Hoteleras en M\u00e9xico y el Consejo Empresarial Tur\u00edstico.<\/p>\n<p>En este encuentro se analizaron estrategias orientadas a fortalecer e impulsar la actividad tur\u00edstica en M\u00e9xico, con el objetivo de consolidar su posicionamiento a nivel internacional y promover el desarrollo tur\u00edstico que genere prosperidad compartida.<\/p>\n<p>Su importancia es de tal trascendencia que la Fidetur-Ifema Espa\u00f1a (Instituci\u00f3n Ferial de Madrid) en su 46 Edici\u00f3n ha sido inaugurada hoy mi\u00e9rcoles 21 (uso horario de Espa\u00f1a) por los Reyes Espa\u00f1oles, Felipe VI y la Reyna Letizia, en la zona tur\u00edstica m\u00e1s importante de Madrid.<br \/>\n<em>* )\u00a0<a href=\"http:\/\/fb.me\/steparious\" target=\"_blank\" rel=\"noopener\">fb.me\/steparious\u00a0<\/a>| * )\u00a0<a href=\"http:\/\/fb.me\/acapulcopress\" target=\"_blank\" rel=\"noopener\">fb.me\/acapulcopress\u00a0<\/a><\/p>\n<p><\/em><\/p>\n","protected":false},"excerpt":{"rendered":"<p>Ernesto Rivera | La gobernadora Evelyn Cesia Salgado Pineda anunci\u00f3 la participaci\u00f3n de Guerrero en la Fitur Espa\u00f1a 2026<\/p>\n","protected":false},"author":1,"featured_media":1262499,"comment_status":"closed","ping_status":"open","sticky":false,"template":"","format":"standard","meta":{"footnotes":""},"categories":[2071,1991],"tags":[8063,19098,17071],"class_list":["post-1262498","post","type-post","status-publish","format-standard","has-post-thumbnail","hentry","category-opinion-analisis-columnas","category-libertad-de-expresion","tag-ernesto-rivera-rodriguez","tag-institucion-ferial-de-madrid","tag-tercera-via"],"_links":{"self":[{"href":"https:\/\/www.acapulcopress.com\/index.php\/wp-json\/wp\/v2\/posts\/1262498","targetHints":{"allow":["GET"]}}],"collection":[{"href":"https:\/\/www.acapulcopress.com\/index.php\/wp-json\/wp\/v2\/posts"}],"about":[{"href":"https:\/\/www.acapulcopress.com\/index.php\/wp-json\/wp\/v2\/types\/post"}],"author":[{"embeddable":true,"href":"https:\/\/www.acapulcopress.com\/index.php\/wp-json\/wp\/v2\/users\/1"}],"replies":[{"embeddable":true,"href":"https:\/\/www.acapulcopress.com\/index.php\/wp-json\/wp\/v2\/comments?post=1262498"}],"version-history":[{"count":4,"href":"https:\/\/www.acapulcopress.com\/index.php\/wp-json\/wp\/v2\/posts\/1262498\/revisions"}],"predecessor-version":[{"id":1262503,"href":"https:\/\/www.acapulcopress.com\/index.php\/wp-json\/wp\/v2\/posts\/1262498\/revisions\/1262503"}],"wp:featuredmedia":[{"embeddable":true,"href":"https:\/\/www.acapulcopress.com\/index.php\/wp-json\/wp\/v2\/media\/1262499"}],"wp:attachment":[{"href":"https:\/\/www.acapulcopress.com\/index.php\/wp-json\/wp\/v2\/media?parent=1262498"}],"wp:term":[{"taxonomy":"category","embeddable":true,"href":"https:\/\/www.acapulcopress.com\/index.php\/wp-json\/wp\/v2\/categories?post=1262498"},{"taxonomy":"post_tag","embeddable":true,"href":"https:\/\/www.acapulcopress.com\/index.php\/wp-json\/wp\/v2\/tags?post=1262498"}],"curies":[{"name":"wp","href":"https:\/\/api.w.org\/{rel}","templated":true}]}}