{"id":1262516,"date":"2026-01-21T20:02:56","date_gmt":"2026-01-22T02:02:56","guid":{"rendered":"https:\/\/www.acapulcopress.com\/?p=1262516"},"modified":"2026-01-21T20:07:26","modified_gmt":"2026-01-22T02:07:26","slug":"gobernadora-refuerza-seguridad-con-trabajo-diario-y-coordinado","status":"publish","type":"post","link":"https:\/\/www.acapulcopress.com\/index.php\/2026\/01\/21\/gobernadora-refuerza-seguridad-con-trabajo-diario-y-coordinado\/","title":{"rendered":"Gobernadora refuerza seguridad con trabajo diario y coordinado"},"content":{"rendered":"<p>CHILPANCINGO * 21 de enero, 2026.<br \/>\n<em>)\u00a0 Seguridad Guerrero<\/em><br \/>\n<a href=\"https:\/\/www.acapulcopress.com\/wp-content\/uploads\/2026\/01\/esp.seguridad3.jpeg\"><img loading=\"lazy\" decoding=\"async\" class=\"alignleft wp-image-1262519 size-medium\" src=\"https:\/\/www.acapulcopress.com\/wp-content\/uploads\/2026\/01\/esp.seguridad3-300x200.jpeg\" alt=\"\" width=\"300\" height=\"200\" srcset=\"https:\/\/www.acapulcopress.com\/wp-content\/uploads\/2026\/01\/esp.seguridad3-300x200.jpeg 300w, https:\/\/www.acapulcopress.com\/wp-content\/uploads\/2026\/01\/esp.seguridad3-1024x682.jpeg 1024w, https:\/\/www.acapulcopress.com\/wp-content\/uploads\/2026\/01\/esp.seguridad3-768x512.jpeg 768w, https:\/\/www.acapulcopress.com\/wp-content\/uploads\/2026\/01\/esp.seguridad3-580x387.jpeg 580w, https:\/\/www.acapulcopress.com\/wp-content\/uploads\/2026\/01\/esp.seguridad3-860x573.jpeg 860w, https:\/\/www.acapulcopress.com\/wp-content\/uploads\/2026\/01\/esp.seguridad3-1160x773.jpeg 1160w, https:\/\/www.acapulcopress.com\/wp-content\/uploads\/2026\/01\/esp.seguridad3.jpeg 1280w\" sizes=\"auto, (max-width: 300px) 100vw, 300px\" \/><\/a>La gobernadora<strong> Evelyn Salgado Pineda<\/strong> encabez\u00f3 la sesi\u00f3n de la <em>Mesa de Coordinaci\u00f3n para la Construcci\u00f3n de la Paz<\/em>, donde se revisaron los avances en materia de seguridad, se analizaron los resultados obtenidos y se reforzaron las acciones que se implementan en Guerrero de manera conjunta con las fuerzas federales, estatales y municipales, con el objetivo de seguir fortaleciendo la estrategia integral de seguridad en la entidad.<\/p>\n<p>Durante la sesi\u00f3n, la mandataria estatal reiter\u00f3 que la paz se construye todos los d\u00edas con trabajo coordinado, responsabilidad y constancia, subrayando el compromiso de su gobierno para cuidar a la poblaci\u00f3n y avanzar hacia un Guerrero con mayor tranquilidad y bienestar para las familias guerrerenses.<br \/>\n<em>* )\u00a0<a href=\"http:\/\/fb.me\/steparious\" target=\"_blank\" rel=\"noopener\">fb.me\/steparious\u00a0<\/a>| * )\u00a0<a href=\"http:\/\/fb.me\/acapulcopress\" target=\"_blank\" rel=\"noopener\">fb.me\/acapulcopress\u00a0<\/a><\/em><\/p>\n","protected":false},"excerpt":{"rendered":"<p>La gobernadora Evelyn Salgado Pineda encabez\u00f3 la sesi\u00f3n de la Mesa de Coordinaci\u00f3n para la Construcci\u00f3n de la Paz<\/p>\n","protected":false},"author":1,"featured_media":1262517,"comment_status":"closed","ping_status":"open","sticky":false,"template":"","format":"standard","meta":{"footnotes":""},"categories":[1969],"tags":[8251,12964],"class_list":["post-1262516","post","type-post","status-publish","format-standard","has-post-thumbnail","hentry","category-trending","tag-evelyn-salgado-pineda","tag-mesa-de-coordinacion-para-la-construccion-de-la-paz"],"_links":{"self":[{"href":"https:\/\/www.acapulcopress.com\/index.php\/wp-json\/wp\/v2\/posts\/1262516","targetHints":{"allow":["GET"]}}],"collection":[{"href":"https:\/\/www.acapulcopress.com\/index.php\/wp-json\/wp\/v2\/posts"}],"about":[{"href":"https:\/\/www.acapulcopress.com\/index.php\/wp-json\/wp\/v2\/types\/post"}],"author":[{"embeddable":true,"href":"https:\/\/www.acapulcopress.com\/index.php\/wp-json\/wp\/v2\/users\/1"}],"replies":[{"embeddable":true,"href":"https:\/\/www.acapulcopress.com\/index.php\/wp-json\/wp\/v2\/comments?post=1262516"}],"version-history":[{"count":2,"href":"https:\/\/www.acapulcopress.com\/index.php\/wp-json\/wp\/v2\/posts\/1262516\/revisions"}],"predecessor-version":[{"id":1262522,"href":"https:\/\/www.acapulcopress.com\/index.php\/wp-json\/wp\/v2\/posts\/1262516\/revisions\/1262522"}],"wp:featuredmedia":[{"embeddable":true,"href":"https:\/\/www.acapulcopress.com\/index.php\/wp-json\/wp\/v2\/media\/1262517"}],"wp:attachment":[{"href":"https:\/\/www.acapulcopress.com\/index.php\/wp-json\/wp\/v2\/media?parent=1262516"}],"wp:term":[{"taxonomy":"category","embeddable":true,"href":"https:\/\/www.acapulcopress.com\/index.php\/wp-json\/wp\/v2\/categories?post=1262516"},{"taxonomy":"post_tag","embeddable":true,"href":"https:\/\/www.acapulcopress.com\/index.php\/wp-json\/wp\/v2\/tags?post=1262516"}],"curies":[{"name":"wp","href":"https:\/\/api.w.org\/{rel}","templated":true}]}}