{"id":1262527,"date":"2026-01-21T20:50:40","date_gmt":"2026-01-22T02:50:40","guid":{"rendered":"https:\/\/www.acapulcopress.com\/?p=1262527"},"modified":"2026-01-21T20:50:40","modified_gmt":"2026-01-22T02:50:40","slug":"trasmitio-ricardo-salinas-reconocimento-de-evelyn-salgado-al-grupo-aca","status":"publish","type":"post","link":"https:\/\/www.acapulcopress.com\/index.php\/2026\/01\/21\/trasmitio-ricardo-salinas-reconocimento-de-evelyn-salgado-al-grupo-aca\/","title":{"rendered":"Trasmiti\u00f3 Ricardo Salinas reconocimento de Evelyn Salgado al Grupo Aca"},"content":{"rendered":"<p>ACAPULCO * 21 de enero, 2026.<br \/>\n<em>) Gobierno de Guerrero<\/em><br \/>\nEn representaci\u00f3n de la gobernadora <strong>Evelyn Salgado Pineda<\/strong>, el Oficial Mayor de la <em>Secretar\u00eda de Finanzas y Administraci\u00f3n (Sefina)<\/em> del <a href=\"https:\/\/www.acapulcopress.com\/wp-content\/uploads\/2026\/01\/ricardo-salinas-mendez6.jpeg\"><img loading=\"lazy\" decoding=\"async\" class=\"alignleft wp-image-1262533 size-medium\" src=\"https:\/\/www.acapulcopress.com\/wp-content\/uploads\/2026\/01\/ricardo-salinas-mendez6-300x216.jpeg\" alt=\"\" width=\"300\" height=\"216\" srcset=\"https:\/\/www.acapulcopress.com\/wp-content\/uploads\/2026\/01\/ricardo-salinas-mendez6-300x216.jpeg 300w, https:\/\/www.acapulcopress.com\/wp-content\/uploads\/2026\/01\/ricardo-salinas-mendez6-1024x738.jpeg 1024w, https:\/\/www.acapulcopress.com\/wp-content\/uploads\/2026\/01\/ricardo-salinas-mendez6-768x554.jpeg 768w, https:\/\/www.acapulcopress.com\/wp-content\/uploads\/2026\/01\/ricardo-salinas-mendez6-580x418.jpeg 580w, https:\/\/www.acapulcopress.com\/wp-content\/uploads\/2026\/01\/ricardo-salinas-mendez6-860x620.jpeg 860w, https:\/\/www.acapulcopress.com\/wp-content\/uploads\/2026\/01\/ricardo-salinas-mendez6-1160x836.jpeg 1160w, https:\/\/www.acapulcopress.com\/wp-content\/uploads\/2026\/01\/ricardo-salinas-mendez6.jpeg 1280w\" sizes=\"auto, (max-width: 300px) 100vw, 300px\" \/><\/a>estado, <strong>Ricardo Salinas M\u00e9ndez<\/strong> acudi\u00f3 a la toma de posesi\u00f3n de <strong>Josefina Verduzco Su\u00e1rez<\/strong>, como presidenta del Consejo Directivo 2026 de la <em>Asociaci\u00f3n Civil de Acapulco, A. C.<\/em> \u2013mejor conocido como <em>Grupo Aca<\/em>-, en donde reconoci\u00f3 la labor relevante de los grupos organizados, como aliados estrat\u00e9gicos en la transformaci\u00f3n de Guerrero y Acapulco.<\/p>\n<p>Con la presencia de autoridades civiles y militares, el oficial mayor de la Sefina destac\u00f3 que el gobierno del estado reconoce y valora profundamente el papel de las asociaciones civiles, por lo que expres\u00f3 su felicitaci\u00f3n a quienes asumen la responsabilidad y el compromiso de encabezar la mesa directiva de este organismo. A la vez, enfatiz\u00f3 la importancia del <em>Grupo ACA<\/em>, que a lo largo de los a\u00f1os, ha sido un espacio desde el que han surgido hombres y mujeres que han contribuido de manera decisiva al desarrollo de la ciudad, mediante liderazgos responsables, \u00e9ticos y profundamente comprometidos con su comunidad.<\/p>\n<p>El representante de la gobernadora tambi\u00e9n se refiri\u00f3 al trabajo coordinado que se ha realizado desde la administraci\u00f3n estatal, para lograr <a href=\"https:\/\/www.acapulcopress.com\/wp-content\/uploads\/2026\/01\/ricardo-salinas-mendez7.jpeg\"><img loading=\"lazy\" decoding=\"async\" class=\"alignleft wp-image-1262534 size-medium\" src=\"https:\/\/www.acapulcopress.com\/wp-content\/uploads\/2026\/01\/ricardo-salinas-mendez7-300x200.jpeg\" alt=\"\" width=\"300\" height=\"200\" srcset=\"https:\/\/www.acapulcopress.com\/wp-content\/uploads\/2026\/01\/ricardo-salinas-mendez7-300x200.jpeg 300w, https:\/\/www.acapulcopress.com\/wp-content\/uploads\/2026\/01\/ricardo-salinas-mendez7-1024x683.jpeg 1024w, https:\/\/www.acapulcopress.com\/wp-content\/uploads\/2026\/01\/ricardo-salinas-mendez7-768x512.jpeg 768w, https:\/\/www.acapulcopress.com\/wp-content\/uploads\/2026\/01\/ricardo-salinas-mendez7-580x387.jpeg 580w, https:\/\/www.acapulcopress.com\/wp-content\/uploads\/2026\/01\/ricardo-salinas-mendez7-860x574.jpeg 860w, https:\/\/www.acapulcopress.com\/wp-content\/uploads\/2026\/01\/ricardo-salinas-mendez7-1160x774.jpeg 1160w, https:\/\/www.acapulcopress.com\/wp-content\/uploads\/2026\/01\/ricardo-salinas-mendez7.jpeg 1280w\" sizes=\"auto, (max-width: 300px) 100vw, 300px\" \/><\/a>resultados favorables para Acapulco en los diferentes rubros.<\/p>\n<p>Durante el evento, se comparti\u00f3 un mensaje en video de la gobernadora Evelyn Salgado, en donde expres\u00f3 su felicitaci\u00f3n a Verduzco Su\u00e1rez por su nueva encomienda. \u201cEstoy segura que esta nueva etapa estar\u00e1 marcada por el trabajo conjunto, la responsabilidad social y el amor por nuestra querida ciudad. Mi reconocimiento a su liderazgo y a la labor que realizan en beneficio de Acapulco. Sigamos sumando esfuerzos por el bienestar de nuestra gente y por el futuro de Guerrero\u201d, se\u00f1al\u00f3.<\/p>\n<p>En su discurso, Josefina Verduzco dijo que la participaci\u00f3n ciudadana constituye el fundamento de toda vida democr\u00e1tica aut\u00e9ntica, no es un elemento accesorio, ni una concesi\u00f3n del poder p\u00fablico, sino una expresi\u00f3n del derecho de las personas a intervenir en los asuntos que afectan su presente y su futuro. En este contexto, destac\u00f3 la coordinaci\u00f3n de la administraci\u00f3n que <a href=\"https:\/\/www.acapulcopress.com\/wp-content\/uploads\/2026\/01\/ricardo-salinas-mendez4.jpeg\"><img loading=\"lazy\" decoding=\"async\" class=\"alignleft wp-image-1262531 size-medium\" src=\"https:\/\/www.acapulcopress.com\/wp-content\/uploads\/2026\/01\/ricardo-salinas-mendez4-300x200.jpeg\" alt=\"\" width=\"300\" height=\"200\" srcset=\"https:\/\/www.acapulcopress.com\/wp-content\/uploads\/2026\/01\/ricardo-salinas-mendez4-300x200.jpeg 300w, https:\/\/www.acapulcopress.com\/wp-content\/uploads\/2026\/01\/ricardo-salinas-mendez4-1024x683.jpeg 1024w, https:\/\/www.acapulcopress.com\/wp-content\/uploads\/2026\/01\/ricardo-salinas-mendez4-768x512.jpeg 768w, https:\/\/www.acapulcopress.com\/wp-content\/uploads\/2026\/01\/ricardo-salinas-mendez4-580x387.jpeg 580w, https:\/\/www.acapulcopress.com\/wp-content\/uploads\/2026\/01\/ricardo-salinas-mendez4-860x574.jpeg 860w, https:\/\/www.acapulcopress.com\/wp-content\/uploads\/2026\/01\/ricardo-salinas-mendez4-1160x774.jpeg 1160w, https:\/\/www.acapulcopress.com\/wp-content\/uploads\/2026\/01\/ricardo-salinas-mendez4.jpeg 1280w\" sizes=\"auto, (max-width: 300px) 100vw, 300px\" \/><\/a>encabeza la gobernadora Evelyn Salgado con las instancias federales y municipales, para lograr un acompa\u00f1amiento en materia de seguridad, econom\u00eda, turismo, as\u00ed como el fortalecimiento de las distintas \u00e1reas.<\/p>\n<p>Expres\u00f3 el compromiso del Grupo ACA para seguir trabajando por el futuro de Acapulco y de Guerrero, como una ciudadan\u00eda activa y organizada, anteponiendo el inter\u00e9s p\u00fablico y promoviendo la colaboraci\u00f3n. Y agreg\u00f3: \u201cLa participaci\u00f3n ciudadana adquiere un valor a\u00fan mayor, es a trav\u00e9s de ella que se canalizan las preocupaciones sociales, se articulan demandas leg\u00edtimas y se generan espacios de reflexi\u00f3n colectiva. La ciudadan\u00eda organizada no sustituye a las instituciones, pero s\u00ed las acompa\u00f1a, las fortalece y cuando es necesario, las interpela con argumento y responsabilidad\u201d.<\/p>\n<p>Enseguida se llev\u00f3 a cabo la toma de protesta a todos los integrantes del Consejo Directivo 2026.<\/p>\n<p>Asistieron a este evento, la presidenta municipal, Abelina L\u00f3pez Rodr\u00edguez, as\u00ed como autoridades civiles y militares.<\/p>\n<p><a href=\"https:\/\/www.acapulcopress.com\/wp-content\/uploads\/2026\/01\/ricardo-salinas-mendez5.jpeg\"><img loading=\"lazy\" decoding=\"async\" class=\"alignnone wp-image-1262532 size-full\" src=\"https:\/\/www.acapulcopress.com\/wp-content\/uploads\/2026\/01\/ricardo-salinas-mendez5.jpeg\" alt=\"\" width=\"1280\" height=\"854\" srcset=\"https:\/\/www.acapulcopress.com\/wp-content\/uploads\/2026\/01\/ricardo-salinas-mendez5.jpeg 1280w, https:\/\/www.acapulcopress.com\/wp-content\/uploads\/2026\/01\/ricardo-salinas-mendez5-300x200.jpeg 300w, https:\/\/www.acapulcopress.com\/wp-content\/uploads\/2026\/01\/ricardo-salinas-mendez5-1024x683.jpeg 1024w, https:\/\/www.acapulcopress.com\/wp-content\/uploads\/2026\/01\/ricardo-salinas-mendez5-768x512.jpeg 768w, https:\/\/www.acapulcopress.com\/wp-content\/uploads\/2026\/01\/ricardo-salinas-mendez5-580x387.jpeg 580w, https:\/\/www.acapulcopress.com\/wp-content\/uploads\/2026\/01\/ricardo-salinas-mendez5-860x574.jpeg 860w, https:\/\/www.acapulcopress.com\/wp-content\/uploads\/2026\/01\/ricardo-salinas-mendez5-1160x774.jpeg 1160w\" sizes=\"auto, (max-width: 1280px) 100vw, 1280px\" \/><\/a><\/p>\n<p><a href=\"https:\/\/www.acapulcopress.com\/wp-content\/uploads\/2026\/01\/ricardo-salinas-mendez.jpeg\"><img loading=\"lazy\" decoding=\"async\" class=\"alignnone wp-image-1262528 size-full\" src=\"https:\/\/www.acapulcopress.com\/wp-content\/uploads\/2026\/01\/ricardo-salinas-mendez.jpeg\" alt=\"\" width=\"1280\" height=\"554\" srcset=\"https:\/\/www.acapulcopress.com\/wp-content\/uploads\/2026\/01\/ricardo-salinas-mendez.jpeg 1280w, https:\/\/www.acapulcopress.com\/wp-content\/uploads\/2026\/01\/ricardo-salinas-mendez-300x130.jpeg 300w, https:\/\/www.acapulcopress.com\/wp-content\/uploads\/2026\/01\/ricardo-salinas-mendez-1024x443.jpeg 1024w, https:\/\/www.acapulcopress.com\/wp-content\/uploads\/2026\/01\/ricardo-salinas-mendez-768x332.jpeg 768w, https:\/\/www.acapulcopress.com\/wp-content\/uploads\/2026\/01\/ricardo-salinas-mendez-580x251.jpeg 580w, https:\/\/www.acapulcopress.com\/wp-content\/uploads\/2026\/01\/ricardo-salinas-mendez-860x372.jpeg 860w, https:\/\/www.acapulcopress.com\/wp-content\/uploads\/2026\/01\/ricardo-salinas-mendez-1160x502.jpeg 1160w\" sizes=\"auto, (max-width: 1280px) 100vw, 1280px\" \/><\/a><\/p>\n<p><em>* )\u00a0<a href=\"http:\/\/fb.me\/steparious\" target=\"_blank\" rel=\"noopener\">fb.me\/steparious\u00a0<\/a>| * )\u00a0<a href=\"http:\/\/fb.me\/acapulcopress\" target=\"_blank\" rel=\"noopener\">fb.me\/acapulcopress\u00a0<\/a><\/em><\/p>\n","protected":false},"excerpt":{"rendered":"<p>ACAPULCO * 21 de enero, 2026. ) Gobierno de Guerrero En representaci\u00f3n de la gobernadora Evelyn Salgado Pineda, el Oficial Mayor de la Secretar\u00eda de Finanzas y Administraci\u00f3n (Sefina) del estado, Ricardo Salinas M\u00e9ndez acudi\u00f3 a la toma de posesi\u00f3n de Josefina Verduzco Su\u00e1rez, como presidenta del Consejo Directivo 2026 de la Asociaci\u00f3n Civil de&#8230;<\/p>\n","protected":false},"author":1,"featured_media":1262529,"comment_status":"closed","ping_status":"open","sticky":false,"template":"","format":"standard","meta":{"footnotes":""},"categories":[1980,1983],"tags":[19101,8251,9302,9417,19100,15598,16182],"class_list":["post-1262527","post","type-post","status-publish","format-standard","has-post-thumbnail","hentry","category-goverment-2","category-guerrerogob","tag-asociacion-civil-de-acapulco","tag-evelyn-salgado-pineda","tag-gobierno-de-guerrero","tag-grupo-aca","tag-josefina-verduzco-suarez","tag-ricardo-salinas-mendez","tag-secretaria-de-finanzas-y-administracion-de-guerrero-sefina"],"_links":{"self":[{"href":"https:\/\/www.acapulcopress.com\/index.php\/wp-json\/wp\/v2\/posts\/1262527","targetHints":{"allow":["GET"]}}],"collection":[{"href":"https:\/\/www.acapulcopress.com\/index.php\/wp-json\/wp\/v2\/posts"}],"about":[{"href":"https:\/\/www.acapulcopress.com\/index.php\/wp-json\/wp\/v2\/types\/post"}],"author":[{"embeddable":true,"href":"https:\/\/www.acapulcopress.com\/index.php\/wp-json\/wp\/v2\/users\/1"}],"replies":[{"embeddable":true,"href":"https:\/\/www.acapulcopress.com\/index.php\/wp-json\/wp\/v2\/comments?post=1262527"}],"version-history":[{"count":1,"href":"https:\/\/www.acapulcopress.com\/index.php\/wp-json\/wp\/v2\/posts\/1262527\/revisions"}],"predecessor-version":[{"id":1262535,"href":"https:\/\/www.acapulcopress.com\/index.php\/wp-json\/wp\/v2\/posts\/1262527\/revisions\/1262535"}],"wp:featuredmedia":[{"embeddable":true,"href":"https:\/\/www.acapulcopress.com\/index.php\/wp-json\/wp\/v2\/media\/1262529"}],"wp:attachment":[{"href":"https:\/\/www.acapulcopress.com\/index.php\/wp-json\/wp\/v2\/media?parent=1262527"}],"wp:term":[{"taxonomy":"category","embeddable":true,"href":"https:\/\/www.acapulcopress.com\/index.php\/wp-json\/wp\/v2\/categories?post=1262527"},{"taxonomy":"post_tag","embeddable":true,"href":"https:\/\/www.acapulcopress.com\/index.php\/wp-json\/wp\/v2\/tags?post=1262527"}],"curies":[{"name":"wp","href":"https:\/\/api.w.org\/{rel}","templated":true}]}}