{"id":1262560,"date":"2026-01-19T22:24:05","date_gmt":"2026-01-20T04:24:05","guid":{"rendered":"https:\/\/www.acapulcopress.com\/?p=1262560"},"modified":"2026-01-22T16:27:13","modified_gmt":"2026-01-22T22:27:13","slug":"exhortan-a-acapulco-implementar-un-programa-de-ordenamiento-vial","status":"publish","type":"post","link":"https:\/\/www.acapulcopress.com\/index.php\/2026\/01\/19\/exhortan-a-acapulco-implementar-un-programa-de-ordenamiento-vial\/","title":{"rendered":"Exhortan a Acapulco implementar un programa de ordenamiento vial"},"content":{"rendered":"<p>CHILPANCINGO * 19 de enero, 2026.<br \/>\n<em>) LXIV Legislatura | Guerrero<\/em><br \/>\nEl diputado <strong>Juli\u00e1n L\u00f3pez Galeana<\/strong> (MC) propuso un punto de acuerdo para exhortar al Ayuntamiento de Acapulco de Ju\u00e1rez a implementar un programa de ordenamiento vial.<\/p>\n<p>El legislador manifest\u00f3 que el objetivo es mejorar la movilidad, reducir los riesgos de accidentes y fortalecer la seguridad vial en el puerto.<\/p>\n<p>Destac\u00f3 que el crecimiento urbano y el aumento del parque vehicular han generado congestionamientos y afectaciones a la movilidad de residentes, trabajadores y turistas, por lo que resulta necesario aplicar acciones t\u00e9cnicas y planificadas, como establecer calles de un solo sentido.<\/p>\n<p>Plantea que, a trav\u00e9s de la Coordinaci\u00f3n de Movilidad y Transporte municipal, se regule el tr\u00e1nsito y se garanticen condiciones adecuadas de desplazamiento, priorizando la seguridad, la eficiencia y la convivencia.<\/p>\n<p>La propuesta fue turnada a la Comisi\u00f3n de Transporte.<br \/>\n<em>* )\u00a0<a href=\"http:\/\/fb.me\/steparious\" target=\"_blank\" rel=\"noopener\">fb.me\/steparious<\/a>\u00a0| * )\u00a0<a href=\"http:\/\/fb.me\/acapulcopress\" target=\"_blank\" rel=\"noopener\">fb.me\/acapulcopress<\/a><\/em><\/p>\n","protected":false},"excerpt":{"rendered":"<p>CHILPANCINGO * 19 de enero, 2026. ) LXIV Legislatura | Guerrero El diputado Juli\u00e1n L\u00f3pez Galeana (MC) propuso un punto de acuerdo para exhortar al Ayuntamiento de Acapulco de Ju\u00e1rez a implementar un programa de ordenamiento vial. El legislador manifest\u00f3 que el objetivo es mejorar la movilidad, reducir los riesgos de accidentes y fortalecer la&#8230;<\/p>\n","protected":false},"author":1,"featured_media":1262561,"comment_status":"closed","ping_status":"open","sticky":false,"template":"","format":"standard","meta":{"footnotes":""},"categories":[2037,61],"tags":[11308,12256],"class_list":["post-1262560","post","type-post","status-publish","format-standard","has-post-thumbnail","hentry","category-congreso-de-guerrero","category-legislacion","tag-julian-lopez-galeana","tag-lxiv-legislatura-guerrero"],"_links":{"self":[{"href":"https:\/\/www.acapulcopress.com\/index.php\/wp-json\/wp\/v2\/posts\/1262560","targetHints":{"allow":["GET"]}}],"collection":[{"href":"https:\/\/www.acapulcopress.com\/index.php\/wp-json\/wp\/v2\/posts"}],"about":[{"href":"https:\/\/www.acapulcopress.com\/index.php\/wp-json\/wp\/v2\/types\/post"}],"author":[{"embeddable":true,"href":"https:\/\/www.acapulcopress.com\/index.php\/wp-json\/wp\/v2\/users\/1"}],"replies":[{"embeddable":true,"href":"https:\/\/www.acapulcopress.com\/index.php\/wp-json\/wp\/v2\/comments?post=1262560"}],"version-history":[{"count":1,"href":"https:\/\/www.acapulcopress.com\/index.php\/wp-json\/wp\/v2\/posts\/1262560\/revisions"}],"predecessor-version":[{"id":1262562,"href":"https:\/\/www.acapulcopress.com\/index.php\/wp-json\/wp\/v2\/posts\/1262560\/revisions\/1262562"}],"wp:featuredmedia":[{"embeddable":true,"href":"https:\/\/www.acapulcopress.com\/index.php\/wp-json\/wp\/v2\/media\/1262561"}],"wp:attachment":[{"href":"https:\/\/www.acapulcopress.com\/index.php\/wp-json\/wp\/v2\/media?parent=1262560"}],"wp:term":[{"taxonomy":"category","embeddable":true,"href":"https:\/\/www.acapulcopress.com\/index.php\/wp-json\/wp\/v2\/categories?post=1262560"},{"taxonomy":"post_tag","embeddable":true,"href":"https:\/\/www.acapulcopress.com\/index.php\/wp-json\/wp\/v2\/tags?post=1262560"}],"curies":[{"name":"wp","href":"https:\/\/api.w.org\/{rel}","templated":true}]}}