{"id":1262568,"date":"2026-01-22T20:07:42","date_gmt":"2026-01-23T02:07:42","guid":{"rendered":"https:\/\/www.acapulcopress.com\/?p=1262568"},"modified":"2026-01-22T20:07:42","modified_gmt":"2026-01-23T02:07:42","slug":"diputado-porpone-crear-el-catalogo-estatal-del-patrimonio-arquitectonico-del-estado-sic","status":"publish","type":"post","link":"https:\/\/www.acapulcopress.com\/index.php\/2026\/01\/22\/diputado-porpone-crear-el-catalogo-estatal-del-patrimonio-arquitectonico-del-estado-sic\/","title":{"rendered":"Diputado porpone crear el \u00abCat\u00e1logo Estatal del Patrimonio Arquitect\u00f3nico del estado\u00bb (sic)"},"content":{"rendered":"<p>CHILPANCINGO * 22 de enero, 2026.<br \/>\n<em>) LXIV Legislatura | Guerrero<\/em><br \/>\nEl diputado<strong> Marco Tulio S\u00e1nchez Alarc\u00f3n<\/strong> (Morena) present\u00f3 una iniciativa para reformar diversas disposiciones de la Ley 444 para la Protecci\u00f3n del Patrimonio Cultural y Natural del Estado, con el objetivo de fortalecer la protecci\u00f3n del patrimonio arquitect\u00f3nico y urbano mediante la ampliaci\u00f3n de la definici\u00f3n de bienes hist\u00f3ricos y la creaci\u00f3n del<em> Cat\u00e1logo Estatal del Patrimonio Arquitect\u00f3nico<\/em> como un instrumento p\u00fablico y digital para su conservaci\u00f3n y puesta en valor.<\/p>\n<p>El legislador explic\u00f3 que la propuesta busca actualizar el marco jur\u00eddico estatal para garantizar una protecci\u00f3n integral del patrimonio arquitect\u00f3nico y urbano de Guerrero, reconoci\u00e9ndolo como un elemento fundamental de la identidad cultural, la memoria hist\u00f3rica y el desarrollo sostenible de la entidad.<\/p>\n<p>Por ello, se propone incluir expresamente tipolog\u00edas arquitect\u00f3nicas como la religiosa, civil, militar, industrial, funeraria, habitacional y vern\u00e1cula, as\u00ed como conjuntos urbanos y rurales con valor arquitect\u00f3nico vinculados al paisaje cultural.<\/p>\n<p>Asimismo, se plantea la creaci\u00f3n del Cat\u00e1logo Estatal del Patrimonio Arquitect\u00f3nico, instrumento p\u00fablico, digital y permanentemente actualizado, integrado al Registro \u00danico del Patrimonio Cultural y Natural del Estado, el cual permitir\u00e1 identificar, clasificar y difundir los inmuebles con valor hist\u00f3rico, cultural o arquitect\u00f3nico, facilitando su conservaci\u00f3n, restauraci\u00f3n y aprovechamiento responsable, en coordinaci\u00f3n con los municipios y las instancias federales competentes.<\/p>\n<p>Tambi\u00e9n se contempla el fortalecimiento de las atribuciones de la Secretar\u00eda de Cultura y de los ayuntamientos para desarrollar pol\u00edticas p\u00fablicas de protecci\u00f3n del patrimonio arquitect\u00f3nico, establecer programas de conservaci\u00f3n urbana, implementar criterios urban\u00edsticos diferenciados en zonas protegidas y fomentar el uso sustentable de los inmuebles patrimoniales, as\u00ed como la creaci\u00f3n de mecanismos de monitoreo y actualizaci\u00f3n permanente del inventario patrimonial, con el fin de identificar bienes en riesgo y planificar acciones de intervenci\u00f3n oportunas.<\/p>\n<p>La iniciativa de reforma fue turnada a la Comisi\u00f3n de Cultura para su an\u00e1lisis y dictaminaci\u00f3n.<br \/>\n<em>* )\u00a0<a href=\"http:\/\/fb.me\/steparious\" target=\"_blank\" rel=\"noopener\">fb.me\/steparious\u00a0<\/a>| * )\u00a0<a href=\"http:\/\/fb.me\/acapulcopress\" target=\"_blank\" rel=\"noopener\">fb.me\/acapulcopress<\/a><\/em><\/p>\n","protected":false},"excerpt":{"rendered":"<p>CHILPANCINGO * 22 de enero, 2026. ) LXIV Legislatura | Guerrero El diputado Marco Tulio S\u00e1nchez Alarc\u00f3n (Morena) present\u00f3 una iniciativa para reformar diversas disposiciones de la Ley 444 para la Protecci\u00f3n del Patrimonio Cultural y Natural del Estado, con el objetivo de fortalecer la protecci\u00f3n del patrimonio arquitect\u00f3nico y urbano mediante la ampliaci\u00f3n de&#8230;<\/p>\n","protected":false},"author":1,"featured_media":1262569,"comment_status":"closed","ping_status":"open","sticky":false,"template":"","format":"standard","meta":{"footnotes":""},"categories":[2037,61],"tags":[12256,12491],"class_list":["post-1262568","post","type-post","status-publish","format-standard","has-post-thumbnail","hentry","category-congreso-de-guerrero","category-legislacion","tag-lxiv-legislatura-guerrero","tag-marco-tulio-sanchez-alarcon"],"_links":{"self":[{"href":"https:\/\/www.acapulcopress.com\/index.php\/wp-json\/wp\/v2\/posts\/1262568","targetHints":{"allow":["GET"]}}],"collection":[{"href":"https:\/\/www.acapulcopress.com\/index.php\/wp-json\/wp\/v2\/posts"}],"about":[{"href":"https:\/\/www.acapulcopress.com\/index.php\/wp-json\/wp\/v2\/types\/post"}],"author":[{"embeddable":true,"href":"https:\/\/www.acapulcopress.com\/index.php\/wp-json\/wp\/v2\/users\/1"}],"replies":[{"embeddable":true,"href":"https:\/\/www.acapulcopress.com\/index.php\/wp-json\/wp\/v2\/comments?post=1262568"}],"version-history":[{"count":1,"href":"https:\/\/www.acapulcopress.com\/index.php\/wp-json\/wp\/v2\/posts\/1262568\/revisions"}],"predecessor-version":[{"id":1262570,"href":"https:\/\/www.acapulcopress.com\/index.php\/wp-json\/wp\/v2\/posts\/1262568\/revisions\/1262570"}],"wp:featuredmedia":[{"embeddable":true,"href":"https:\/\/www.acapulcopress.com\/index.php\/wp-json\/wp\/v2\/media\/1262569"}],"wp:attachment":[{"href":"https:\/\/www.acapulcopress.com\/index.php\/wp-json\/wp\/v2\/media?parent=1262568"}],"wp:term":[{"taxonomy":"category","embeddable":true,"href":"https:\/\/www.acapulcopress.com\/index.php\/wp-json\/wp\/v2\/categories?post=1262568"},{"taxonomy":"post_tag","embeddable":true,"href":"https:\/\/www.acapulcopress.com\/index.php\/wp-json\/wp\/v2\/tags?post=1262568"}],"curies":[{"name":"wp","href":"https:\/\/api.w.org\/{rel}","templated":true}]}}