{"id":1262575,"date":"2026-01-22T21:16:56","date_gmt":"2026-01-23T03:16:56","guid":{"rendered":"https:\/\/www.acapulcopress.com\/?p=1262575"},"modified":"2026-01-22T21:34:02","modified_gmt":"2026-01-23T03:34:02","slug":"inauguro-gobernadora-imagen-monumental-de-la-reina-de-los-mares","status":"publish","type":"post","link":"https:\/\/www.acapulcopress.com\/index.php\/2026\/01\/22\/inauguro-gobernadora-imagen-monumental-de-la-reina-de-los-mares\/","title":{"rendered":"Inaugur\u00f3 Gobernadora imagen monumental de la \u00abReina de los Mares\u00bb"},"content":{"rendered":"<p>ACAPULCO * 22 de enero, 2026.<br \/>\n<em>) Gobierno de Guerrero<\/em><br \/>\nLa gobernadora <strong>Evelyn Salgado Pineda<\/strong> cort\u00f3 el list\u00f3n inaugural de la imagen monumental de la <em>Virgen Reina de los Mares,<\/em> que se encuentra en la isla de la Roqueta, cuya autor\u00eda corresponde al escultor <strong>Froyl\u00e1n Centeno \u00c1ngeles<\/strong>. Se trata de un nuevo atractivo tur\u00edstico con una altura de 7.2 metros, que busca consolidarse como un s\u00edmbolo de paz, esperanza y renovaci\u00f3n, con el que se demuestra que Acapulco est\u00e1 de pie.<\/p>\n<p>\u201cPor eso esta imagen monumental no es s\u00f3lo una escultura, esta imagen es la renovaci\u00f3n p\u00fablica de un pacto de amor entre nuestro pueblo, con nuestra fe y con nuestra esperanza. Esta imagen de m\u00e1s de 7 metros, se levanta por el arte, pero tambi\u00e9n por el amor colectivo de una comunidad\u201d, se\u00f1al\u00f3 en su mensaje.<\/p>\n<p><a href=\"https:\/\/www.acapulcopress.com\/wp-content\/uploads\/2026\/01\/Reina-de-los-Mares7.jpeg\"><img loading=\"lazy\" decoding=\"async\" class=\"alignleft wp-image-1262583 size-medium\" src=\"https:\/\/www.acapulcopress.com\/wp-content\/uploads\/2026\/01\/Reina-de-los-Mares7-300x200.jpeg\" alt=\"\" width=\"300\" height=\"200\" srcset=\"https:\/\/www.acapulcopress.com\/wp-content\/uploads\/2026\/01\/Reina-de-los-Mares7-300x200.jpeg 300w, https:\/\/www.acapulcopress.com\/wp-content\/uploads\/2026\/01\/Reina-de-los-Mares7-1024x682.jpeg 1024w, https:\/\/www.acapulcopress.com\/wp-content\/uploads\/2026\/01\/Reina-de-los-Mares7-768x512.jpeg 768w, https:\/\/www.acapulcopress.com\/wp-content\/uploads\/2026\/01\/Reina-de-los-Mares7-580x387.jpeg 580w, https:\/\/www.acapulcopress.com\/wp-content\/uploads\/2026\/01\/Reina-de-los-Mares7-860x573.jpeg 860w, https:\/\/www.acapulcopress.com\/wp-content\/uploads\/2026\/01\/Reina-de-los-Mares7-1160x773.jpeg 1160w, https:\/\/www.acapulcopress.com\/wp-content\/uploads\/2026\/01\/Reina-de-los-Mares7.jpeg 1280w\" sizes=\"auto, (max-width: 300px) 100vw, 300px\" \/><\/a>Acompa\u00f1ada del Oficial Mayor de la <em>Secretar\u00eda de Finanzas <\/em>del estado, <strong>Ricardo Calinas M\u00e9ndez<\/strong>, y de autoridades eclesi\u00e1sticas, navales y militares, la gobernadora coment\u00f3 que este es un momento muy especial para los acapulque\u00f1os, pero particularmente para todos los pescadores, buzos y marinos, hombres y mujeres del mar que piden la protecci\u00f3n de la Virgen de los Mares. Salgado Pineda record\u00f3 tambi\u00e9n la relevancia que tiene la imagen que se encuentra sumergida y que, desde hace m\u00e1s de 60 a\u00f1os, representa un s\u00edmbolo de fe y respeto.<\/p>\n<p>\u201cAqu\u00ed seguimos de pie, seguimos fortalecidos, seguimos unidos, que es lo m\u00e1s importante, como acapulque\u00f1as, como guerrerenses, reconstruyendo hombro con hombro nuestro maravilloso puerto de Acapulco, con la certeza y con la ilusi\u00f3n de que Acapulco, est\u00e1 vivo; Acapulco est\u00e1 de pie, Acapulco no se rinde\u201d, puntualiz\u00f3.<\/p>\n<p>La jefa del Ejecutivo estatal agradeci\u00f3 a la comunidad, a la sociedad civil organizada, la<em> Asociaci\u00f3n Pro Defensa y Conservaci\u00f3n de la Isla de <a href=\"https:\/\/www.acapulcopress.com\/wp-content\/uploads\/2026\/01\/Reina-de-los-Mares5.jpeg\"><img loading=\"lazy\" decoding=\"async\" class=\"alignleft wp-image-1262581 size-medium\" src=\"https:\/\/www.acapulcopress.com\/wp-content\/uploads\/2026\/01\/Reina-de-los-Mares5-300x204.jpeg\" alt=\"\" width=\"300\" height=\"204\" srcset=\"https:\/\/www.acapulcopress.com\/wp-content\/uploads\/2026\/01\/Reina-de-los-Mares5-300x204.jpeg 300w, https:\/\/www.acapulcopress.com\/wp-content\/uploads\/2026\/01\/Reina-de-los-Mares5-1024x697.jpeg 1024w, https:\/\/www.acapulcopress.com\/wp-content\/uploads\/2026\/01\/Reina-de-los-Mares5-768x523.jpeg 768w, https:\/\/www.acapulcopress.com\/wp-content\/uploads\/2026\/01\/Reina-de-los-Mares5-580x395.jpeg 580w, https:\/\/www.acapulcopress.com\/wp-content\/uploads\/2026\/01\/Reina-de-los-Mares5-860x585.jpeg 860w, https:\/\/www.acapulcopress.com\/wp-content\/uploads\/2026\/01\/Reina-de-los-Mares5-1160x789.jpeg 1160w, https:\/\/www.acapulcopress.com\/wp-content\/uploads\/2026\/01\/Reina-de-los-Mares5.jpeg 1280w\" sizes=\"auto, (max-width: 300px) 100vw, 300px\" \/><\/a>la Roqueta,<\/em> el<em> Colectivo de Prestadores de Servicios Tur\u00edsticos, N\u00e1uticos y Religiosos<\/em> y a todos los que participaron en la consolidaci\u00f3n de este proyecto a favor de Acapulco. Y a\u00f1adi\u00f3: \u201cEsta Virgen ser\u00e1 un faro, ser\u00e1 un refugio. Faro, porque su silueta se ver\u00e1 a la distancia, acompa\u00f1ando a nuestros hombres y mujeres de mar cada madrugada. Y refugio, porque quien llegue a este mirador, va a encontrar un espacio de paz\u201d.<\/p>\n<p>Durante su participaci\u00f3n, el oficial mayor de la Secretar\u00eda de Finanzas y Administraci\u00f3n (Sefina), Ricardo Salinas M\u00e9ndez, explic\u00f3 que esta imagen no representa ning\u00fan peligro ni afectaci\u00f3n para el entorno. Resalt\u00f3 que esta inauguraci\u00f3n se realiz\u00f3 gracias al impulso de la comunidad y con pleno respeto a las creencias religiosas, buscando reforzar un s\u00edmbolo que forma parte de la identidad de los acapulque\u00f1os. \u201cEsta imagen monumental se integra a la isla respetando su entorno natural, aprovechando una plataforma previamente rescatada, un proceso de instalaci\u00f3n que no alter\u00f3 ni la flora ni el proceso natural y es una obra que embellece, <a href=\"https:\/\/www.acapulcopress.com\/wp-content\/uploads\/2026\/01\/Reina-de-los-Mares9.jpeg\"><img loading=\"lazy\" decoding=\"async\" class=\"alignleft wp-image-1262585 size-medium\" src=\"https:\/\/www.acapulcopress.com\/wp-content\/uploads\/2026\/01\/Reina-de-los-Mares9-300x200.jpeg\" alt=\"\" width=\"300\" height=\"200\" srcset=\"https:\/\/www.acapulcopress.com\/wp-content\/uploads\/2026\/01\/Reina-de-los-Mares9-300x200.jpeg 300w, https:\/\/www.acapulcopress.com\/wp-content\/uploads\/2026\/01\/Reina-de-los-Mares9-1024x682.jpeg 1024w, https:\/\/www.acapulcopress.com\/wp-content\/uploads\/2026\/01\/Reina-de-los-Mares9-768x512.jpeg 768w, https:\/\/www.acapulcopress.com\/wp-content\/uploads\/2026\/01\/Reina-de-los-Mares9-580x387.jpeg 580w, https:\/\/www.acapulcopress.com\/wp-content\/uploads\/2026\/01\/Reina-de-los-Mares9-860x573.jpeg 860w, https:\/\/www.acapulcopress.com\/wp-content\/uploads\/2026\/01\/Reina-de-los-Mares9-1160x773.jpeg 1160w, https:\/\/www.acapulcopress.com\/wp-content\/uploads\/2026\/01\/Reina-de-los-Mares9.jpeg 1280w\" sizes=\"auto, (max-width: 300px) 100vw, 300px\" \/><\/a>que representa y que reafirma el v\u00ednculo profundo de Acapulco con su historia y con su mar\u201d, dijo.<\/p>\n<p>A nombre de la Iglesia Cat\u00f3lica, el p\u00e1rroco de Covadonga y Tambuco, <strong>Marco Antonio Galeana Olea<\/strong>, agradeci\u00f3 por ser parte de este momento hist\u00f3rico, en donde esta imagen no es s\u00f3lo un signo de fe para miles de acapulque\u00f1os, sino que, adem\u00e1s, es un signo de identidad para los porte\u00f1os, un faro de esperanza y un emblema, particularmente en honor a las v\u00edctimas del hurac\u00e1n Otis. Esta imagen es obra del escultor Froyl\u00e1n Centeno \u00c1ngeles.<\/p>\n<p>Acompa\u00f1aron a la gobernadora en este evento, la presidenta municipal, Abelina L\u00f3pez Rodr\u00edguez; el comandante de la Octava Regi\u00f3n Militar, Mart\u00edn Enrique Barney Montalvo; la presidenta del DIF Guerrero, Liz Adriana Salgado Pineda; la presidenta de la <em>Asociaci\u00f3n Pro Defensa de la Isla de la Roqueta<\/em>, Robin Sidney; el representante del<em> Colectivo de Prestadores de Servicios Tur\u00edsticos, N\u00e1uticos y Religiosos,<\/em> Mario Silva; el escultor, Froyl\u00e1n Centeno \u00c1ngeles, as\u00ed como residentes y turistas.<\/p>\n<p><a href=\"https:\/\/www.acapulcopress.com\/wp-content\/uploads\/2026\/01\/WhatsApp-Image-2026-01-22-at-4.13.14-PM.jpeg\"><img loading=\"lazy\" decoding=\"async\" class=\"alignnone wp-image-1262591\" src=\"https:\/\/www.acapulcopress.com\/wp-content\/uploads\/2026\/01\/WhatsApp-Image-2026-01-22-at-4.13.14-PM-682x1024.jpeg\" alt=\"\" width=\"996\" height=\"1495\" srcset=\"https:\/\/www.acapulcopress.com\/wp-content\/uploads\/2026\/01\/WhatsApp-Image-2026-01-22-at-4.13.14-PM-682x1024.jpeg 682w, https:\/\/www.acapulcopress.com\/wp-content\/uploads\/2026\/01\/WhatsApp-Image-2026-01-22-at-4.13.14-PM-300x450.jpeg 300w, https:\/\/www.acapulcopress.com\/wp-content\/uploads\/2026\/01\/WhatsApp-Image-2026-01-22-at-4.13.14-PM-768x1152.jpeg 768w, https:\/\/www.acapulcopress.com\/wp-content\/uploads\/2026\/01\/WhatsApp-Image-2026-01-22-at-4.13.14-PM-580x870.jpeg 580w, https:\/\/www.acapulcopress.com\/wp-content\/uploads\/2026\/01\/WhatsApp-Image-2026-01-22-at-4.13.14-PM.jpeg 853w\" sizes=\"auto, (max-width: 996px) 100vw, 996px\" \/><\/a> <a href=\"https:\/\/www.acapulcopress.com\/wp-content\/uploads\/2026\/01\/Reina-de-los-Mares15.jpeg\"><img loading=\"lazy\" decoding=\"async\" class=\"alignnone wp-image-1262590 size-large\" src=\"https:\/\/www.acapulcopress.com\/wp-content\/uploads\/2026\/01\/Reina-de-los-Mares15-1024x682.jpeg\" alt=\"\" width=\"1024\" height=\"682\" srcset=\"https:\/\/www.acapulcopress.com\/wp-content\/uploads\/2026\/01\/Reina-de-los-Mares15-1024x682.jpeg 1024w, https:\/\/www.acapulcopress.com\/wp-content\/uploads\/2026\/01\/Reina-de-los-Mares15-300x200.jpeg 300w, https:\/\/www.acapulcopress.com\/wp-content\/uploads\/2026\/01\/Reina-de-los-Mares15-768x512.jpeg 768w, https:\/\/www.acapulcopress.com\/wp-content\/uploads\/2026\/01\/Reina-de-los-Mares15-580x387.jpeg 580w, https:\/\/www.acapulcopress.com\/wp-content\/uploads\/2026\/01\/Reina-de-los-Mares15-860x573.jpeg 860w, https:\/\/www.acapulcopress.com\/wp-content\/uploads\/2026\/01\/Reina-de-los-Mares15-1160x773.jpeg 1160w, https:\/\/www.acapulcopress.com\/wp-content\/uploads\/2026\/01\/Reina-de-los-Mares15.jpeg 1280w\" sizes=\"auto, (max-width: 1024px) 100vw, 1024px\" \/><\/a><\/p>\n<p><a href=\"https:\/\/www.acapulcopress.com\/wp-content\/uploads\/2026\/01\/Reina-de-los-Mares14.jpeg\"><img loading=\"lazy\" decoding=\"async\" class=\"alignnone wp-image-1262589 size-large\" src=\"https:\/\/www.acapulcopress.com\/wp-content\/uploads\/2026\/01\/Reina-de-los-Mares14-1024x682.jpeg\" alt=\"\" width=\"1024\" height=\"682\" srcset=\"https:\/\/www.acapulcopress.com\/wp-content\/uploads\/2026\/01\/Reina-de-los-Mares14-1024x682.jpeg 1024w, https:\/\/www.acapulcopress.com\/wp-content\/uploads\/2026\/01\/Reina-de-los-Mares14-300x200.jpeg 300w, https:\/\/www.acapulcopress.com\/wp-content\/uploads\/2026\/01\/Reina-de-los-Mares14-768x512.jpeg 768w, https:\/\/www.acapulcopress.com\/wp-content\/uploads\/2026\/01\/Reina-de-los-Mares14-580x387.jpeg 580w, https:\/\/www.acapulcopress.com\/wp-content\/uploads\/2026\/01\/Reina-de-los-Mares14-860x573.jpeg 860w, https:\/\/www.acapulcopress.com\/wp-content\/uploads\/2026\/01\/Reina-de-los-Mares14-1160x773.jpeg 1160w, https:\/\/www.acapulcopress.com\/wp-content\/uploads\/2026\/01\/Reina-de-los-Mares14.jpeg 1280w\" sizes=\"auto, (max-width: 1024px) 100vw, 1024px\" \/><\/a><\/p>\n<p><a href=\"https:\/\/www.acapulcopress.com\/wp-content\/uploads\/2026\/01\/Reina-de-los-Mares13.jpeg\"><img loading=\"lazy\" decoding=\"async\" class=\"alignnone wp-image-1262588 size-large\" src=\"https:\/\/www.acapulcopress.com\/wp-content\/uploads\/2026\/01\/Reina-de-los-Mares13-1024x682.jpeg\" alt=\"\" width=\"1024\" height=\"682\" srcset=\"https:\/\/www.acapulcopress.com\/wp-content\/uploads\/2026\/01\/Reina-de-los-Mares13-1024x682.jpeg 1024w, https:\/\/www.acapulcopress.com\/wp-content\/uploads\/2026\/01\/Reina-de-los-Mares13-300x200.jpeg 300w, https:\/\/www.acapulcopress.com\/wp-content\/uploads\/2026\/01\/Reina-de-los-Mares13-768x512.jpeg 768w, https:\/\/www.acapulcopress.com\/wp-content\/uploads\/2026\/01\/Reina-de-los-Mares13-580x387.jpeg 580w, https:\/\/www.acapulcopress.com\/wp-content\/uploads\/2026\/01\/Reina-de-los-Mares13-860x573.jpeg 860w, https:\/\/www.acapulcopress.com\/wp-content\/uploads\/2026\/01\/Reina-de-los-Mares13-1160x773.jpeg 1160w, https:\/\/www.acapulcopress.com\/wp-content\/uploads\/2026\/01\/Reina-de-los-Mares13.jpeg 1280w\" sizes=\"auto, (max-width: 1024px) 100vw, 1024px\" \/><\/a><\/p>\n<p><a href=\"https:\/\/www.acapulcopress.com\/wp-content\/uploads\/2026\/01\/Reina-de-los-Mares12.jpeg\"><img loading=\"lazy\" decoding=\"async\" class=\"alignnone wp-image-1262587 size-large\" src=\"https:\/\/www.acapulcopress.com\/wp-content\/uploads\/2026\/01\/Reina-de-los-Mares12-1024x682.jpeg\" alt=\"\" width=\"1024\" height=\"682\" srcset=\"https:\/\/www.acapulcopress.com\/wp-content\/uploads\/2026\/01\/Reina-de-los-Mares12-1024x682.jpeg 1024w, https:\/\/www.acapulcopress.com\/wp-content\/uploads\/2026\/01\/Reina-de-los-Mares12-300x200.jpeg 300w, https:\/\/www.acapulcopress.com\/wp-content\/uploads\/2026\/01\/Reina-de-los-Mares12-768x512.jpeg 768w, https:\/\/www.acapulcopress.com\/wp-content\/uploads\/2026\/01\/Reina-de-los-Mares12-580x387.jpeg 580w, https:\/\/www.acapulcopress.com\/wp-content\/uploads\/2026\/01\/Reina-de-los-Mares12-860x573.jpeg 860w, https:\/\/www.acapulcopress.com\/wp-content\/uploads\/2026\/01\/Reina-de-los-Mares12-1160x773.jpeg 1160w, https:\/\/www.acapulcopress.com\/wp-content\/uploads\/2026\/01\/Reina-de-los-Mares12.jpeg 1280w\" sizes=\"auto, (max-width: 1024px) 100vw, 1024px\" \/><\/a><\/p>\n<p><a href=\"https:\/\/www.acapulcopress.com\/wp-content\/uploads\/2026\/01\/Reina-de-los-Mares11.jpeg\"><img loading=\"lazy\" decoding=\"async\" class=\"alignnone wp-image-1262586 size-large\" src=\"https:\/\/www.acapulcopress.com\/wp-content\/uploads\/2026\/01\/Reina-de-los-Mares11-1024x682.jpeg\" alt=\"\" width=\"1024\" height=\"682\" srcset=\"https:\/\/www.acapulcopress.com\/wp-content\/uploads\/2026\/01\/Reina-de-los-Mares11-1024x682.jpeg 1024w, https:\/\/www.acapulcopress.com\/wp-content\/uploads\/2026\/01\/Reina-de-los-Mares11-300x200.jpeg 300w, https:\/\/www.acapulcopress.com\/wp-content\/uploads\/2026\/01\/Reina-de-los-Mares11-768x512.jpeg 768w, https:\/\/www.acapulcopress.com\/wp-content\/uploads\/2026\/01\/Reina-de-los-Mares11-580x387.jpeg 580w, https:\/\/www.acapulcopress.com\/wp-content\/uploads\/2026\/01\/Reina-de-los-Mares11-860x573.jpeg 860w, https:\/\/www.acapulcopress.com\/wp-content\/uploads\/2026\/01\/Reina-de-los-Mares11-1160x773.jpeg 1160w, https:\/\/www.acapulcopress.com\/wp-content\/uploads\/2026\/01\/Reina-de-los-Mares11.jpeg 1280w\" sizes=\"auto, (max-width: 1024px) 100vw, 1024px\" \/><\/a><\/p>\n<p><a href=\"https:\/\/www.acapulcopress.com\/wp-content\/uploads\/2026\/01\/Reina-de-los-Mares6.jpeg\"><img loading=\"lazy\" decoding=\"async\" class=\"alignnone wp-image-1262582 size-large\" src=\"https:\/\/www.acapulcopress.com\/wp-content\/uploads\/2026\/01\/Reina-de-los-Mares6-1024x682.jpeg\" alt=\"\" width=\"1024\" height=\"682\" srcset=\"https:\/\/www.acapulcopress.com\/wp-content\/uploads\/2026\/01\/Reina-de-los-Mares6-1024x682.jpeg 1024w, https:\/\/www.acapulcopress.com\/wp-content\/uploads\/2026\/01\/Reina-de-los-Mares6-300x200.jpeg 300w, https:\/\/www.acapulcopress.com\/wp-content\/uploads\/2026\/01\/Reina-de-los-Mares6-768x512.jpeg 768w, https:\/\/www.acapulcopress.com\/wp-content\/uploads\/2026\/01\/Reina-de-los-Mares6-580x387.jpeg 580w, https:\/\/www.acapulcopress.com\/wp-content\/uploads\/2026\/01\/Reina-de-los-Mares6-860x573.jpeg 860w, https:\/\/www.acapulcopress.com\/wp-content\/uploads\/2026\/01\/Reina-de-los-Mares6-1160x773.jpeg 1160w, https:\/\/www.acapulcopress.com\/wp-content\/uploads\/2026\/01\/Reina-de-los-Mares6.jpeg 1280w\" sizes=\"auto, (max-width: 1024px) 100vw, 1024px\" \/><\/a><\/p>\n<p><a href=\"https:\/\/www.acapulcopress.com\/wp-content\/uploads\/2026\/01\/Reina-de-los-Mares3.jpeg\"><img loading=\"lazy\" decoding=\"async\" class=\"alignnone wp-image-1262579 \" src=\"https:\/\/www.acapulcopress.com\/wp-content\/uploads\/2026\/01\/Reina-de-los-Mares3-682x1024.jpeg\" alt=\"\" width=\"996\" height=\"1495\" srcset=\"https:\/\/www.acapulcopress.com\/wp-content\/uploads\/2026\/01\/Reina-de-los-Mares3-682x1024.jpeg 682w, https:\/\/www.acapulcopress.com\/wp-content\/uploads\/2026\/01\/Reina-de-los-Mares3-300x450.jpeg 300w, https:\/\/www.acapulcopress.com\/wp-content\/uploads\/2026\/01\/Reina-de-los-Mares3-768x1152.jpeg 768w, https:\/\/www.acapulcopress.com\/wp-content\/uploads\/2026\/01\/Reina-de-los-Mares3-580x870.jpeg 580w, https:\/\/www.acapulcopress.com\/wp-content\/uploads\/2026\/01\/Reina-de-los-Mares3.jpeg 853w\" sizes=\"auto, (max-width: 996px) 100vw, 996px\" \/><\/a><\/p>\n<p><a href=\"https:\/\/www.acapulcopress.com\/wp-content\/uploads\/2026\/01\/Reina-de-los-Mares-2.jpeg\"><img loading=\"lazy\" decoding=\"async\" class=\"alignnone wp-image-1262577 \" src=\"https:\/\/www.acapulcopress.com\/wp-content\/uploads\/2026\/01\/Reina-de-los-Mares-2-682x1024.jpeg\" alt=\"\" width=\"997\" height=\"1497\" srcset=\"https:\/\/www.acapulcopress.com\/wp-content\/uploads\/2026\/01\/Reina-de-los-Mares-2-682x1024.jpeg 682w, https:\/\/www.acapulcopress.com\/wp-content\/uploads\/2026\/01\/Reina-de-los-Mares-2-300x450.jpeg 300w, https:\/\/www.acapulcopress.com\/wp-content\/uploads\/2026\/01\/Reina-de-los-Mares-2-768x1152.jpeg 768w, https:\/\/www.acapulcopress.com\/wp-content\/uploads\/2026\/01\/Reina-de-los-Mares-2-580x870.jpeg 580w, https:\/\/www.acapulcopress.com\/wp-content\/uploads\/2026\/01\/Reina-de-los-Mares-2.jpeg 853w\" sizes=\"auto, (max-width: 997px) 100vw, 997px\" \/><\/a><\/p>\n<p>&nbsp;<\/p>\n<div style=\"width: 832px;\" class=\"wp-video\"><video class=\"wp-video-shortcode\" id=\"video-1262575-1\" width=\"832\" height=\"464\" preload=\"metadata\" controls=\"controls\"><source type=\"video\/mp4\" src=\"https:\/\/www.acapulcopress.com\/wp-content\/uploads\/2026\/01\/reina-de-los-mares.mp4?_=1\" \/><a href=\"https:\/\/www.acapulcopress.com\/wp-content\/uploads\/2026\/01\/reina-de-los-mares.mp4\">https:\/\/www.acapulcopress.com\/wp-content\/uploads\/2026\/01\/reina-de-los-mares.mp4<\/a><\/video><\/div>\n<p><em>* )\u00a0<a href=\"http:\/\/fb.me\/steparious\" target=\"_blank\" rel=\"noopener\">fb.me\/steparious\u00a0<\/a>| * )\u00a0<a href=\"http:\/\/fb.me\/acapulcopress\" target=\"_blank\" rel=\"noopener\">fb.me\/acapulcopress<\/a><\/em><\/p>\n","protected":false},"excerpt":{"rendered":"<p>ACAPULCO * 22 de enero, 2026. ) Gobierno de Guerrero La gobernadora Evelyn Salgado Pineda cort\u00f3 el list\u00f3n inaugural de la imagen monumental de la Virgen Reina de los Mares, que se encuentra en la isla de la Roqueta, cuya autor\u00eda corresponde al escultor Froyl\u00e1n Centeno \u00c1ngeles. Se trata de un nuevo atractivo tur\u00edstico con&#8230;<\/p>\n","protected":false},"author":1,"featured_media":1262576,"comment_status":"closed","ping_status":"open","sticky":false,"template":"","format":"standard","meta":{"footnotes":""},"categories":[1997],"tags":[8251,19111,9302,19108,19110,19109,19107],"class_list":["post-1262575","post","type-post","status-publish","format-standard","has-post-thumbnail","hentry","category-noticias-destacadas","tag-evelyn-salgado-pineda","tag-froylan-centeno-angeles","tag-gobierno-de-guerrero","tag-isla-de-la-roqueta-acapulco","tag-marco-antonio-galeana-olea","tag-ricardo-calinas-mendez","tag-virgen-reina-de-los-mares"],"_links":{"self":[{"href":"https:\/\/www.acapulcopress.com\/index.php\/wp-json\/wp\/v2\/posts\/1262575","targetHints":{"allow":["GET"]}}],"collection":[{"href":"https:\/\/www.acapulcopress.com\/index.php\/wp-json\/wp\/v2\/posts"}],"about":[{"href":"https:\/\/www.acapulcopress.com\/index.php\/wp-json\/wp\/v2\/types\/post"}],"author":[{"embeddable":true,"href":"https:\/\/www.acapulcopress.com\/index.php\/wp-json\/wp\/v2\/users\/1"}],"replies":[{"embeddable":true,"href":"https:\/\/www.acapulcopress.com\/index.php\/wp-json\/wp\/v2\/comments?post=1262575"}],"version-history":[{"count":1,"href":"https:\/\/www.acapulcopress.com\/index.php\/wp-json\/wp\/v2\/posts\/1262575\/revisions"}],"predecessor-version":[{"id":1262592,"href":"https:\/\/www.acapulcopress.com\/index.php\/wp-json\/wp\/v2\/posts\/1262575\/revisions\/1262592"}],"wp:featuredmedia":[{"embeddable":true,"href":"https:\/\/www.acapulcopress.com\/index.php\/wp-json\/wp\/v2\/media\/1262576"}],"wp:attachment":[{"href":"https:\/\/www.acapulcopress.com\/index.php\/wp-json\/wp\/v2\/media?parent=1262575"}],"wp:term":[{"taxonomy":"category","embeddable":true,"href":"https:\/\/www.acapulcopress.com\/index.php\/wp-json\/wp\/v2\/categories?post=1262575"},{"taxonomy":"post_tag","embeddable":true,"href":"https:\/\/www.acapulcopress.com\/index.php\/wp-json\/wp\/v2\/tags?post=1262575"}],"curies":[{"name":"wp","href":"https:\/\/api.w.org\/{rel}","templated":true}]}}