{"id":1262593,"date":"2026-01-23T14:16:42","date_gmt":"2026-01-23T20:16:42","guid":{"rendered":"https:\/\/www.acapulcopress.com\/?p=1262593"},"modified":"2026-01-23T14:22:51","modified_gmt":"2026-01-23T20:22:51","slug":"sanciones-mas-severas-por-delitos-electorales","status":"publish","type":"post","link":"https:\/\/www.acapulcopress.com\/index.php\/2026\/01\/23\/sanciones-mas-severas-por-delitos-electorales\/","title":{"rendered":"Sanciones m\u00e1s severas por delitos electorales"},"content":{"rendered":"<p><em>Marem\u00e1gnum<\/em><br \/>\n\u00bb<a href=\"https:\/\/www.facebook.com\/ricardocastill01\" target=\"_blank\" rel=\"noopener\"> <strong>RICARDO<\/strong> | <strong>CASTILLO BARRIENTOS<\/strong><\/a><\/p>\n<p>Las propuestas recibidas o elaboradas por la Comisi\u00f3n Presidencial para la<em> Reforma Electoral,<\/em> cuya presidencia ejecutiva recay\u00f3 en Pablo G\u00f3mez \u00c1lvarez, personaje emanado de la izquierda hist\u00f3rica del pa\u00eds, en una primera etapa no ser\u00e1 objeto de cambios radicales, solo una barnizada a la incipiente democracia mexicana.<\/p>\n<p>Los aspectos sustanciales -se mencionan en la entrega anterior- est\u00e1n orientados en la disminuci\u00f3n del elevado presupuesto del<em> Instituto Nacional Electoral (<strong>INE<\/strong>),<\/em> ejercidos en la operatividad de la instituci\u00f3n y en la entrega de prerrogativas para los gastos de partidos pol\u00edticos y las campa\u00f1as electorales, no fiscalizados de manera exhaustiva, generan irregularidades y delitos electorales no sancionados, excepto las multas que subsanan con los propios recursos oficiales otorgados.<\/p>\n<p>El universo de la Reforma Electoral podr\u00eda visualizarse de gran magnitud, sin embargo, no existen dudas de las limitaciones de su integraci\u00f3n, a causa del forcejeo interno en <strong>Morena <\/strong>y en los intereses partidistas de mantener a salvo los mayores recursos disponibles y posiciones pol\u00edticas que han usufructuado casi 50 a\u00f1os.<\/p>\n<p>La nueva Reforma Electoral tiene entre sus ingredientes, el voto de mexicanos en el extranjero, en los Estados Unidos de Am\u00e9rica. viven 40 millones de mexicanos, una gran poblaci\u00f3n que podr\u00eda resultar determinante en una elecci\u00f3n presidencial.<\/p>\n<p>Las C\u00e1maras de Senadores y Diputados tienen 628 legisladores, 500 la C\u00e1mara Baja y 128, la C\u00e1mara Alta. Ambos \u00f3rganos legislativos son de los m\u00e1s numerosos del orbe, por eso se requiere una disminuci\u00f3n a \u00a0200 diputados de mayor\u00eda, y 100 de primera minor\u00eda. El Senado de la Rep\u00fablica podr\u00eda disminuir a 64 de mayor\u00eda y 32 de primera minor\u00eda. Desaparecer\u00edan por completo las arcaicas y antidemocr\u00e1ticas listas plurinominales, siendo sustituidas por las candidaturas de primera minor\u00eda. El adelgazamiento del obeso Poder Legislativo en todo su esplendor, as\u00ed lo quiere la gente por elemental l\u00f3gica.<\/p>\n<p>En la conformaci\u00f3n del nuevo Congreso de la Uni\u00f3n -ambas c\u00e1maras legislativas- la paridad de g\u00e9nero estar\u00eda garantizada, con igualdad de oportunidades de participaci\u00f3n pol\u00edtico-electoral de mujeres y hombres.<\/p>\n<p>Las representaciones ind\u00edgenas y afromexicanas tendr\u00e1n derecho a un determinado porcentaje de candidaturas en cada uno de los partidos, y \u00a0sean incluidos candidatos de mayor\u00eda o primera minor\u00eda, reivindicando la ancestral discriminaci\u00f3n pol\u00edtica y social que eran objeto por las clases dominantes.<\/p>\n<p>Finalmente, se requerir\u00e1 endurecer las sanciones por delitos electorales, tanto el<strong> INE<\/strong> y el Tribunal Electoral del Poder Judicial de la Federaci\u00f3n (<strong>TEPJF<\/strong>), aplicando con rigor la legislaci\u00f3n en la materia, a aspirantes, candidatos y partidos, que incurren en irregularidades severas, sin resultar sancionados como lo estipula la ley electoral,<\/p>\n<p><strong>Marea Baja.-<\/strong> El inquieto l\u00edder social <strong>Chucho Silva<\/strong>, actualmente vistiendo la camiseta guinda, ni tardo ni perezoso levant\u00f3 la mano para incorporarse a la larga lista de aspirantes interesados en la mano de \u201c<em>Do\u00f1a Leonor<\/em>\u201d, ni m\u00e1s ni menos, la anhelada silla edilicia porte\u00f1a.<\/p>\n<p>As\u00ed las cosas, el popular <strong>Chucho Silva<\/strong> ya dio el primer paso con la gesti\u00f3n de la Tarjeta \u00danica para Residentes, a fin se pueda utilizar de manera indistinta el Macrotunel, Maxitunel y la caseta de Metlapil, con el beneficio de precio preferencial para los conductores locales.<\/p>\n<p>La gesti\u00f3n no resultara nada f\u00e1cil porque los t\u00faneles pertenecen a empresas privadas y la autopista de Metlapil, al Gobierno del Estado. Lo bueno de todo es que <strong>Chucho Silva<\/strong> ya puso manos a la obra y pronto veremos si fracas\u00f3 o triunfo en su original propuesta ciudadana.<\/p>\n<p><strong>Marea Alta.-<\/strong> Por m\u00e1s que el ex presidente L\u00f3pez Obrador y la presidenta Claudia Sheinbaum, han defendido al ex director del Instituto Nacional de Migraci\u00f3n (<strong>INM<\/strong>), Francisco Gardu\u00f1o, \u00e9ste cuenta con el rechazo de la opini\u00f3n p\u00fablica mexicana, por su marcada negligencia en el incendio del Centro de Migrantes de Ciudad Ju\u00e1rez, el 27 de marzo de 2023.<\/p>\n<p>En el incendio perdieron la vida 40 personas y 26 resultaron heridas de origen extranjero, quienes no pudieron salvarse por las cerraduras puestas en las puertas por los agentes de Migraci\u00f3n.<\/p>\n<p>Francisco Gardu\u00f1o, como Titular del <strong>INM<\/strong>, nunca supervis\u00f3 la operaci\u00f3n de los centros migratorios donde recluyen a migrantes ilegales estacionados en el pa\u00eds, por ello, recae la mayor responsabilidad en la tragedia ocurrida en Ciudad Ju\u00e1rez.<\/p>\n<p>Con estos antecedentes, el tal Gardu\u00f1o fue premiado con un nuevo cargo en la Secretar\u00eda de Educaci\u00f3n P\u00fablica (<strong>SEP<\/strong>), con el puesto de director general de Centros de Formaci\u00f3n para el Trabajo, recibiendo de inmediato la condena en las redes sociales y medios de comunicaci\u00f3n. Cuando menos debi\u00f3 ser inhabilitado<\/p>\n<p><strong>Maremoto.-<\/strong> Todav\u00eda no sale de una cuando ya entra a otro problema, la alcaldesa Abelina L\u00f3pez Rodr\u00edguez, otra vez su nombre retumb\u00f3 el mi\u00e9rcoles en la conferencia ma\u00f1anera de la presidenta Claudia Sheinbaum, quien tuvo que excusarse de emitir alguna opini\u00f3n ante la falta de transparencia del gobierno municipal de Acapulco, por respeto al municipio libre y a la soberan\u00eda de los estados.<\/p>\n<p>La alcaldesa porte\u00f1a tiene perforados ambos pies, de tantos balazos que se ha auto infringido, todo por boquifloja y no conectar la lengua con el cerebro, como en forma reiterada aseguran sus malquerientes, menos el pueblo que tanto la ama, la inmensa mayor\u00eda seg\u00fan ella.<br \/>\n<em>* )\u00a0<a href=\"http:\/\/fb.me\/steparious\" target=\"_blank\" rel=\"noopener\">fb.me\/steparious\u00a0<\/a>| * )\u00a0<a href=\"http:\/\/fb.me\/acapulcopress\" target=\"_blank\" rel=\"noopener\">fb.me\/acapulcopress\u00a0<\/a><\/em><\/p>\n","protected":false},"excerpt":{"rendered":"<p>Ricardo Castillo | Las propuestas recibidas o elaboradas por la Comisi\u00f3n Presidencial para la Reforma Electoral<\/p>\n","protected":false},"author":1,"featured_media":1262594,"comment_status":"closed","ping_status":"open","sticky":false,"template":"","format":"standard","meta":{"footnotes":""},"categories":[2071,1991],"tags":[10337,12503,13297,15390,15575],"class_list":["post-1262593","post","type-post","status-publish","format-standard","has-post-thumbnail","hentry","category-opinion-analisis-columnas","category-libertad-de-expresion","tag-instituto-nacional-electoral-ine","tag-maremagnum","tag-morena","tag-reforma-electoral","tag-ricardo-castillo-barrientos"],"_links":{"self":[{"href":"https:\/\/www.acapulcopress.com\/index.php\/wp-json\/wp\/v2\/posts\/1262593","targetHints":{"allow":["GET"]}}],"collection":[{"href":"https:\/\/www.acapulcopress.com\/index.php\/wp-json\/wp\/v2\/posts"}],"about":[{"href":"https:\/\/www.acapulcopress.com\/index.php\/wp-json\/wp\/v2\/types\/post"}],"author":[{"embeddable":true,"href":"https:\/\/www.acapulcopress.com\/index.php\/wp-json\/wp\/v2\/users\/1"}],"replies":[{"embeddable":true,"href":"https:\/\/www.acapulcopress.com\/index.php\/wp-json\/wp\/v2\/comments?post=1262593"}],"version-history":[{"count":2,"href":"https:\/\/www.acapulcopress.com\/index.php\/wp-json\/wp\/v2\/posts\/1262593\/revisions"}],"predecessor-version":[{"id":1262596,"href":"https:\/\/www.acapulcopress.com\/index.php\/wp-json\/wp\/v2\/posts\/1262593\/revisions\/1262596"}],"wp:featuredmedia":[{"embeddable":true,"href":"https:\/\/www.acapulcopress.com\/index.php\/wp-json\/wp\/v2\/media\/1262594"}],"wp:attachment":[{"href":"https:\/\/www.acapulcopress.com\/index.php\/wp-json\/wp\/v2\/media?parent=1262593"}],"wp:term":[{"taxonomy":"category","embeddable":true,"href":"https:\/\/www.acapulcopress.com\/index.php\/wp-json\/wp\/v2\/categories?post=1262593"},{"taxonomy":"post_tag","embeddable":true,"href":"https:\/\/www.acapulcopress.com\/index.php\/wp-json\/wp\/v2\/tags?post=1262593"}],"curies":[{"name":"wp","href":"https:\/\/api.w.org\/{rel}","templated":true}]}}