{"id":1262597,"date":"2026-01-23T15:26:28","date_gmt":"2026-01-23T21:26:28","guid":{"rendered":"https:\/\/www.acapulcopress.com\/?p=1262597"},"modified":"2026-01-23T15:26:28","modified_gmt":"2026-01-23T21:26:28","slug":"el-de-abelina-el-segundo-peor-gobierno-de-mexico-revela-inegi","status":"publish","type":"post","link":"https:\/\/www.acapulcopress.com\/index.php\/2026\/01\/23\/el-de-abelina-el-segundo-peor-gobierno-de-mexico-revela-inegi\/","title":{"rendered":"El de Abelina, el segundo peor gobierno de M\u00e9xico, revela INEGI"},"content":{"rendered":"<p>CIUDAD DE M\u00c9XICO * 23 de enero, 2026.<br \/>\n<em>) Aps<\/em><br \/>\nDe acuerdo con la <em>Encuesta Nacional de Seguridad P\u00fablica Urbana (Ensu)<\/em>, emitida por el <em>Instituto Nacional de Estad\u00edstica y Geograf\u00eda (<span class=\"xv78j7m\" spellcheck=\"false\">INEGI<\/span>)<\/em>, este viernes 23 de enero del 2026, el gobierno de la morenista <strong><span class=\"xv78j7m\" spellcheck=\"false\">Abelina L\u00f3pez Rodr\u00edguez<\/span><\/strong>, alcaldesa de Acapulco de Ju\u00e1rez, Guerrero, es el \u00absegundo peor del pa\u00eds\u00bb respecto a percepci\u00f3n ciudadana sobre \u00abefectividad para resolver las principales problem\u00e1ticas\u00bb del municipio.<\/p>\n<p>Contrario a lo que la alcaldesa morenista, conocida como la \u00abt\u00ed Abe'\u00bb, presume en popularidad y cari\u00f1o de su pueblo que le hasta le regala collares de 200 mil pesos, los datos indican que solamente el \u00ab10.8 por ciento de los ciudadanos acapulque\u00f1os\u00bb &#8211;y no el 70 y 80 que indican las encuestas pagadas por su propio gobienro&#8211; consideran efectivo el gobierno de Abelina L\u00f3pez, quien se halla ligeramente por encima de Cuautitl\u00e1n Izcalli, Estado de M\u00e9xico, con 8.3 por ciento, en la tabla general correspondiente al mes de diciembre del 2025.<\/p>\n<p>Ante las estad\u00edsticas del INEGI, organismo que recopila, produce y difunde informaci\u00f3n estad\u00edstica y geogr\u00e1fica confiable sobre el pa\u00eds, incluyendo datos de poblaci\u00f3n, territorio, econom\u00eda y medio ambiente, en redes sociales se ha comenzado a exigir a la presidente <strong>Claudia Sheinbaum<\/strong> que \u00abno busque m\u00e1s exusas\u00bb y \u00abutilice los propios datos de la<em> Encuesta Nacional de Seguridad P\u00fablica Urbana<\/em> del INEGI\u00bb para que se de \u00abinicio a una denuncia penal\u00bb contra la alcaldesa de Acapulco para eliminar su fuero y fincarle las responsabilidades correspondientes en torno a su negativa a la rendici\u00f3n de cuentas a los acapulque\u00f1os, y de paso todas las denuncias pendientes en su contra, incluida la de \u00abejercicio indebido de la administraci\u00f3n p\u00fablica\u00bb, \u00abcohecho\u00bb, nterpuestas con anterioridad por el ciudadano <strong><span class=\"xv78j7m\" spellcheck=\"false\">Ramiro Solorio Almaz\u00e1n<\/span><\/strong> y la <span class=\"xv78j7m\" spellcheck=\"false\"><em>Auditor\u00eda Superior Guerrer<\/em>o<\/span> no solo ante el <em><span class=\"xv78j7m\" spellcheck=\"false\">Congreso del Estado de Guerrero<\/span>,<\/em> sino tambi\u00e9n en la<em> <span class=\"xv78j7m\" spellcheck=\"false\">Fiscal\u00eda General del Estado<\/span><\/em>, por negarse a comprobar el uso de 898 millones de pesos de recursos federales del <em>Fondo de Aportaciones para la Infraestructura Social (FAIS)<\/em> ejercidos durante el Ejercicio Fiscal 2023.<br \/>\n<em>* ) <a class=\"x1fey0fg xmper1u x1edh9d7\" href=\"https:\/\/fb.me\/steparious\">fb.me\/steparious<\/a> | * ) <a class=\"x1fey0fg xmper1u x1edh9d7\" href=\"https:\/\/fb.me\/acapulcopress\">fb.me\/acapulcopress<\/a><\/em><\/p>\n","protected":false},"excerpt":{"rendered":"<p>CIUDAD DE M\u00c9XICO * 23 de enero, 2026. ) Aps De acuerdo con la Encuesta Nacional de Seguridad P\u00fablica Urbana (Ensu), emitida por el Instituto Nacional de Estad\u00edstica y Geograf\u00eda (INEGI), este viernes 23 de enero del 2026, el gobierno de la morenista Abelina L\u00f3pez Rodr\u00edguez, alcaldesa de Acapulco de Ju\u00e1rez, Guerrero, es el \u00absegundo&#8230;<\/p>\n","protected":false},"author":1,"featured_media":1262599,"comment_status":"closed","ping_status":"open","sticky":false,"template":"","format":"standard","meta":{"footnotes":""},"categories":[1997],"tags":[3077,5851,19112,8754,10309,15252],"class_list":["post-1262597","post","type-post","status-publish","format-standard","has-post-thumbnail","hentry","category-noticias-destacadas","tag-abelina-lopez-rodriguez","tag-claudia-sheinbaum","tag-encuesta-nacional-de-seguridad-publica-urbana-ensu","tag-fondo-de-aportaciones-para-la-infraestructura-social-fais","tag-instituto-nacional-de-estadistica-y-geografia-inegi","tag-ramiro-solorio-almazan"],"_links":{"self":[{"href":"https:\/\/www.acapulcopress.com\/index.php\/wp-json\/wp\/v2\/posts\/1262597","targetHints":{"allow":["GET"]}}],"collection":[{"href":"https:\/\/www.acapulcopress.com\/index.php\/wp-json\/wp\/v2\/posts"}],"about":[{"href":"https:\/\/www.acapulcopress.com\/index.php\/wp-json\/wp\/v2\/types\/post"}],"author":[{"embeddable":true,"href":"https:\/\/www.acapulcopress.com\/index.php\/wp-json\/wp\/v2\/users\/1"}],"replies":[{"embeddable":true,"href":"https:\/\/www.acapulcopress.com\/index.php\/wp-json\/wp\/v2\/comments?post=1262597"}],"version-history":[{"count":1,"href":"https:\/\/www.acapulcopress.com\/index.php\/wp-json\/wp\/v2\/posts\/1262597\/revisions"}],"predecessor-version":[{"id":1262600,"href":"https:\/\/www.acapulcopress.com\/index.php\/wp-json\/wp\/v2\/posts\/1262597\/revisions\/1262600"}],"wp:featuredmedia":[{"embeddable":true,"href":"https:\/\/www.acapulcopress.com\/index.php\/wp-json\/wp\/v2\/media\/1262599"}],"wp:attachment":[{"href":"https:\/\/www.acapulcopress.com\/index.php\/wp-json\/wp\/v2\/media?parent=1262597"}],"wp:term":[{"taxonomy":"category","embeddable":true,"href":"https:\/\/www.acapulcopress.com\/index.php\/wp-json\/wp\/v2\/categories?post=1262597"},{"taxonomy":"post_tag","embeddable":true,"href":"https:\/\/www.acapulcopress.com\/index.php\/wp-json\/wp\/v2\/tags?post=1262597"}],"curies":[{"name":"wp","href":"https:\/\/api.w.org\/{rel}","templated":true}]}}