{"id":1262604,"date":"2026-01-26T11:50:00","date_gmt":"2026-01-26T17:50:00","guid":{"rendered":"https:\/\/www.acapulcopress.com\/?p=1262604"},"modified":"2026-01-26T14:28:22","modified_gmt":"2026-01-26T20:28:22","slug":"no-es-una-carta-de-liberacion-le-revira-la-asg-a-abelina-lopez","status":"publish","type":"post","link":"https:\/\/www.acapulcopress.com\/index.php\/2026\/01\/26\/no-es-una-carta-de-liberacion-le-revira-la-asg-a-abelina-lopez\/","title":{"rendered":"No es una &#8216;Carta de Liberaci\u00f3n&#8217;, le revira la ASG a Abelina L\u00f3pez"},"content":{"rendered":"<p><strong><em>* Aunque la presidente municipal de Acapulco argumenta que no es competencia de la ASE realizarle ninguna auditor\u00eda de recursos federales, la misma tiene sustento en el Convenio de Colaboraci\u00f3n la Auditor\u00eda Superior de la Federaci\u00f3n (ASF) firmado el 30 de abril del 2024, informa la Auditor\u00eda Superior Guerrero<\/em><\/strong><\/p>\n<p>\u00bb <strong><span class=\"xv78j7m\" spellcheck=\"false\">Angel Blanco<\/span><\/strong><br \/>\nACAPULCO * 26 de enero, 2026.<br \/>\n<em>) <span class=\"xv78j7m\" spellcheck=\"false\">Acapulco Press<\/span><\/em><br \/>\nA\u00fan cuando la <em><span class=\"xv78j7m\" spellcheck=\"false\">Auditor\u00eda Superior Guerrero (ASG)<\/span><\/em>, precisa que respetar\u00e1 la resoluci\u00f3n definitiva que emita la <em><span class=\"xv78j7m\" spellcheck=\"false\">Suprema Corte de Justicia de la Naci\u00f3n<\/span> (SCJN)<\/em> en la controversia constitucional promovida por el<em> <span class=\"xv78j7m\" spellcheck=\"false\">Gobierno de Acapulco<\/span><\/em> s\u00ed dej\u00f3 muy claro mediante \u00abprecisiones t\u00e9cnicas <a href=\"https:\/\/www.acapulcopress.com\/wp-content\/uploads\/2026\/01\/ase-gro.jpg\"><img loading=\"lazy\" decoding=\"async\" class=\"alignleft wp-image-1262605 size-medium\" src=\"https:\/\/www.acapulcopress.com\/wp-content\/uploads\/2026\/01\/ase-gro-300x388.jpg\" alt=\"\" width=\"300\" height=\"388\" srcset=\"https:\/\/www.acapulcopress.com\/wp-content\/uploads\/2026\/01\/ase-gro-300x388.jpg 300w, https:\/\/www.acapulcopress.com\/wp-content\/uploads\/2026\/01\/ase-gro-791x1024.jpg 791w, https:\/\/www.acapulcopress.com\/wp-content\/uploads\/2026\/01\/ase-gro-768x994.jpg 768w, https:\/\/www.acapulcopress.com\/wp-content\/uploads\/2026\/01\/ase-gro-1187x1536.jpg 1187w, https:\/\/www.acapulcopress.com\/wp-content\/uploads\/2026\/01\/ase-gro-580x751.jpg 580w, https:\/\/www.acapulcopress.com\/wp-content\/uploads\/2026\/01\/ase-gro-860x1113.jpg 860w, https:\/\/www.acapulcopress.com\/wp-content\/uploads\/2026\/01\/ase-gro-1160x1502.jpg 1160w, https:\/\/www.acapulcopress.com\/wp-content\/uploads\/2026\/01\/ase-gro.jpg 1236w\" sizes=\"auto, (max-width: 300px) 100vw, 300px\" \/><\/a>y legales derivadas de su \u00e1mbito de competencia\u00bb, que la supuesta \u00abCarta de Liberaci\u00f3n\u00bb emitida por <em><span class=\"xv78j7m\" spellcheck=\"false\">Auditor\u00eda Superior de la Federaci\u00f3n<\/span> (ASF)<\/em> a la alcaldesa por <span class=\"xv78j7m\" spellcheck=\"false\">Morena<\/span> en Acapulco, <strong><span class=\"xv78j7m\" spellcheck=\"false\">Abelina L\u00f3pez Rodr\u00edguez<\/span><\/strong>, \u00bb no es una &#8216;carta de liberaci\u00f3n&#8217;, sino \u00abun Pronunciamiento de Solicitud de Aclaraci\u00f3n\u00bb sobre la revisi\u00f3n del <em>Ramo 28<\/em> de Participaciones Federales correspondientes al Ejercicio Fiscal 2023.<\/p>\n<p>A trav\u00e9s de un Comunicado dirigido este lunes, 26 de enero 2026, a la <em>Opini\u00f3n P\u00fablica<\/em> desde su p\u00e1gina oficial de <em>Facebook<\/em>, la ASG aclar\u00f3 que aunque L\u00f3pez Rodr\u00edguez declar\u00f3 p\u00fablicamente \u00abno (tener) problemas con la Auditor\u00eda\u00bb, relacionados con la rendici\u00f3n de cuentas de los recursos federales del <em>Fondo de Aportaciones para la Infraestructura Social (FAIS)<\/em> para \u00abobras p\u00fablicas y acciones sociales\u00bb en favor de Acapulco, <em>Fondo de Aportaciones para la Infraestructura Social (FAIS)<\/em>, reiter\u00f3 su \u00abpostura por hacer cumplir la ley respecto a la fiscalizaci\u00f3n de los recursos que utilizan todos los entes p\u00fablicos, en estricto apego a la transparencia, rendici\u00f3n de cuentas y combate a la corrupci\u00f3n en el Estado\u00bb.<\/p>\n<p>Por tal motivo, subray\u00f3 que \u00abel citado documento (que present\u00f3 Abelina L\u00f3pez) no es una &#8216;Carta de Liberaci\u00f3n&#8217;: Corresponde a un Pronunciamiento de solicitud de aclaraci\u00f3n sobre la revisi\u00f3n del <em>Ramo 28<\/em> de Participaciones Federales\u00bb<\/p>\n<p>As\u00ed mismo, estableci\u00f3 que la \u00abAuditor\u00eda Superior del Estado de Guerrero, en cumplimiento al <em>Convenio de Colaboraci\u00f3n<\/em> firmado el 30 de abril del 2024, con la<em> Auditor\u00eda Superior de la Federaci\u00f3n (ASF)<\/em> fue que \u00abinici\u00f3 un proceso de fiscalizaci\u00f3n al Ayuntamiento de Acapulco con relaci\u00f3n al<em> Fondo de Aportaciones para la Infraestructura Social Municipal y de las Demarcaciones Territoriales de la Ciudad de M\u00e9xico (Faismun),<\/em> que corresponde al <em>Ramo 33<\/em> del ejercicio fiscal 2023, es decir, se trata de conceptos y procedimientos totalmente diferentes.<\/p>\n<p>Por \u00faltimo, la ASE deja claro que la \u00ab<em>Auditor\u00eda Superior del Estado de Guerrero<\/em> revisa conceptos diferentes al mencionado en las declaraciones, respetando siempre el debido proceso y en beneficio de la transparencia p\u00fablica\u00bb, y que, no obstante, \u00abacatar\u00e1 a la resoluci\u00f3n definitiva que emita la Suprema Corte de Justicia de la Naci\u00f3n en la controversia constitucional, promovida por el municipio de Acapulco.<\/p>\n<p><strong>LA SOSPECHOSA CARTA<\/strong><\/p>\n<p>Como si menci\u00f3n en publicaciones anteriormente, la supuesta &#8216;Carta de Liberaci\u00f3n&#8217; que con gran ostentaci\u00f3n y ceremoniosa solemnidad triunfalista, presumi\u00f3 la alcaldesa de Acapulco el pasado jueves 22 de enero, existes dos grandes contradicciones en la misma.<\/p>\n<p>* <strong>La Primera:<\/strong><\/p>\n<p>La famosa &#8216;carta&#8217; est\u00e1 firmada \u201cojo: el 8 de octubre del 2025&#8243; por <strong>Aureliano Hern\u00e1ndez Palacios<\/strong>, quien tom\u00f3 el cargo de auditor especial de Gasto Fiscalizador de la ASF \u201cojo: el 17 de octubre del mismo a\u00f1o 2025\u201d.<\/p>\n<p>* <strong>La segunda:<\/strong><\/p>\n<p>La firma estampada en el documento presentado por Abelina L\u00f3pez est\u00e1 temblorosa y demasiado tenue.<\/p>\n<p>Al respecto, documentos oficiales consultados revelan que la firma del nuevo auditor especial de<em> Gasto Fiscalizador<\/em> de la <em>Auditor\u00eda Superior de la Federaci\u00f3n,<\/em> Aureliano Hern\u00e1ndez, no es la misma, por lo que se deduce que la firma del auditor especial de la ASF fue \u00abfal-si-fi-ca-da\u00bb (se anexa imagen al lado del comunicado de la ASG).<\/p>\n<p>* <strong>El presuento delito federal:<\/strong><\/p>\n<p>Si se somete a investigaci\u00f3n y resulta que la Carta y la firma resultan falsas, la Doctora en <em>Derecho Penal<\/em> por el <em>Colegio Nacional de Matem\u00e1ticas (Conamat)<\/em>, Abelina L\u00f3pez se enfrentar\u00eda a otro delito federal m\u00e1s, adem\u00e1s de supuesta malversaci\u00f3n de recursos federales: La\u00bbFalsificaci\u00f3n de Documentos\u00bb, cuyo delito se se castiga, de acuerdo al C\u00f3digo Penal Federal, con penas de prisi\u00f3n y multas que var\u00edan seg\u00fan sea un documento p\u00fablico o privado, siendo mayor la sanci\u00f3n para los documentos p\u00fablicos (generalmente 4 a 8 a\u00f1os de prisi\u00f3n) y menor para los privados (6 meses a 5 a\u00f1os)\u00bb.<\/p>\n<p>Como licenciada, maestra y doctora en derecho penal. Abelina L\u00f3pez deber\u00eda estar consciente del delito en que incurri\u00f3.<\/p>\n<p><a href=\"https:\/\/www.acapulcopress.com\/wp-content\/uploads\/2026\/01\/CARTA-ASEW-GRO-VS-ABELINA.jpg\"><img loading=\"lazy\" decoding=\"async\" class=\"alignnone wp-image-1262606 size-large\" src=\"https:\/\/www.acapulcopress.com\/wp-content\/uploads\/2026\/01\/CARTA-ASEW-GRO-VS-ABELINA-1024x988.jpg\" alt=\"\" width=\"1024\" height=\"988\" srcset=\"https:\/\/www.acapulcopress.com\/wp-content\/uploads\/2026\/01\/CARTA-ASEW-GRO-VS-ABELINA-1024x988.jpg 1024w, https:\/\/www.acapulcopress.com\/wp-content\/uploads\/2026\/01\/CARTA-ASEW-GRO-VS-ABELINA-300x289.jpg 300w, https:\/\/www.acapulcopress.com\/wp-content\/uploads\/2026\/01\/CARTA-ASEW-GRO-VS-ABELINA-768x741.jpg 768w, https:\/\/www.acapulcopress.com\/wp-content\/uploads\/2026\/01\/CARTA-ASEW-GRO-VS-ABELINA-580x560.jpg 580w, https:\/\/www.acapulcopress.com\/wp-content\/uploads\/2026\/01\/CARTA-ASEW-GRO-VS-ABELINA-860x830.jpg 860w, https:\/\/www.acapulcopress.com\/wp-content\/uploads\/2026\/01\/CARTA-ASEW-GRO-VS-ABELINA-1160x1119.jpg 1160w, https:\/\/www.acapulcopress.com\/wp-content\/uploads\/2026\/01\/CARTA-ASEW-GRO-VS-ABELINA.jpg 1196w\" sizes=\"auto, (max-width: 1024px) 100vw, 1024px\" \/><\/a><\/p>\n<p><em>* )\u00a0<a class=\"x1fey0fg xmper1u x1edh9d7\" href=\"https:\/\/fb.me\/steparious\">fb.me\/steparious<\/a>\u00a0| * )\u00a0<a class=\"x1fey0fg xmper1u x1edh9d7\" href=\"https:\/\/fb.me\/acapulcopress\">fb.me\/acapulcopress<\/a><\/em><\/p>\n","protected":false},"excerpt":{"rendered":"<p>* Aunque la presidente municipal de Acapulco argumenta que no es competencia de la ASE realizarle ninguna auditor\u00eda de recursos federales, la misma tiene sustento en el Convenio de Colaboraci\u00f3n la Auditor\u00eda Superior de la Federaci\u00f3n (ASF) firmado el 30 de abril del 2024, informa la Auditor\u00eda Superior Guerrero \u00bb Angel Blanco ACAPULCO * 26&#8230;<\/p>\n","protected":false},"author":1,"featured_media":1262607,"comment_status":"closed","ping_status":"open","sticky":false,"template":"","format":"standard","meta":{"footnotes":""},"categories":[1997],"tags":[3077,4397,4402,19113,6023,8754,9279,13297,16935],"class_list":["post-1262604","post","type-post","status-publish","format-standard","has-post-thumbnail","hentry","category-noticias-destacadas","tag-abelina-lopez-rodriguez","tag-auditoria-superior-de-la-federacion-asf","tag-auditoria-superior-guerrero-ase","tag-aureliano-hernandez-palacios","tag-colegio-nacional-de-matematicas-conamat","tag-fondo-de-aportaciones-para-la-infraestructura-social-fais","tag-gobierno-de-acapulco","tag-morena","tag-suprema-corte-de-justicia-de-la-nacion-scjn"],"_links":{"self":[{"href":"https:\/\/www.acapulcopress.com\/index.php\/wp-json\/wp\/v2\/posts\/1262604","targetHints":{"allow":["GET"]}}],"collection":[{"href":"https:\/\/www.acapulcopress.com\/index.php\/wp-json\/wp\/v2\/posts"}],"about":[{"href":"https:\/\/www.acapulcopress.com\/index.php\/wp-json\/wp\/v2\/types\/post"}],"author":[{"embeddable":true,"href":"https:\/\/www.acapulcopress.com\/index.php\/wp-json\/wp\/v2\/users\/1"}],"replies":[{"embeddable":true,"href":"https:\/\/www.acapulcopress.com\/index.php\/wp-json\/wp\/v2\/comments?post=1262604"}],"version-history":[{"count":2,"href":"https:\/\/www.acapulcopress.com\/index.php\/wp-json\/wp\/v2\/posts\/1262604\/revisions"}],"predecessor-version":[{"id":1262609,"href":"https:\/\/www.acapulcopress.com\/index.php\/wp-json\/wp\/v2\/posts\/1262604\/revisions\/1262609"}],"wp:featuredmedia":[{"embeddable":true,"href":"https:\/\/www.acapulcopress.com\/index.php\/wp-json\/wp\/v2\/media\/1262607"}],"wp:attachment":[{"href":"https:\/\/www.acapulcopress.com\/index.php\/wp-json\/wp\/v2\/media?parent=1262604"}],"wp:term":[{"taxonomy":"category","embeddable":true,"href":"https:\/\/www.acapulcopress.com\/index.php\/wp-json\/wp\/v2\/categories?post=1262604"},{"taxonomy":"post_tag","embeddable":true,"href":"https:\/\/www.acapulcopress.com\/index.php\/wp-json\/wp\/v2\/tags?post=1262604"}],"curies":[{"name":"wp","href":"https:\/\/api.w.org\/{rel}","templated":true}]}}