{"id":1262610,"date":"2026-01-26T16:01:44","date_gmt":"2026-01-26T22:01:44","guid":{"rendered":"https:\/\/www.acapulcopress.com\/?p=1262610"},"modified":"2026-01-26T16:10:06","modified_gmt":"2026-01-26T22:10:06","slug":"productores-del-rio-nexpa-denuncian-a-filemon-rendon-de-usurpador","status":"publish","type":"post","link":"https:\/\/www.acapulcopress.com\/index.php\/2026\/01\/26\/productores-del-rio-nexpa-denuncian-a-filemon-rendon-de-usurpador\/","title":{"rendered":"Productores del R\u00edo Nexpa denuncian a Filem\u00f3n Rend\u00f3n de usurpador"},"content":{"rendered":"<div class=\"xdj266r x14z9mp xat24cr x1lziwak x1vvkbs x126k92a\">\n<div dir=\"auto\">ACAPULCO * 26 de enero, 2026.<br \/>\n<em>) Aps<\/em><br \/>\nIntegrantes de la <em>Asociaci\u00f3n Civil Usuarios R\u00edo Nexpa<\/em> denunciaron a <strong>Fulmencio Rend\u00f3n \u00c1vila<\/strong> por estar usurpando la dirigencia de la organizaci\u00f3n y de estar acaparando de forma il\u00edcita los beneficios otorgados por la <em>Comisi\u00f3n Nacional del Agua (Conagua).<\/em><a href=\"https:\/\/www.acapulcopress.com\/wp-content\/uploads\/2026\/01\/productores-gro-2.jpeg\"><img loading=\"lazy\" decoding=\"async\" class=\"alignleft wp-image-1262619 size-medium\" src=\"https:\/\/www.acapulcopress.com\/wp-content\/uploads\/2026\/01\/productores-gro-2-300x169.jpeg\" alt=\"\" width=\"300\" height=\"169\" srcset=\"https:\/\/www.acapulcopress.com\/wp-content\/uploads\/2026\/01\/productores-gro-2-300x169.jpeg 300w, https:\/\/www.acapulcopress.com\/wp-content\/uploads\/2026\/01\/productores-gro-2-1024x576.jpeg 1024w, https:\/\/www.acapulcopress.com\/wp-content\/uploads\/2026\/01\/productores-gro-2-768x432.jpeg 768w, https:\/\/www.acapulcopress.com\/wp-content\/uploads\/2026\/01\/productores-gro-2-1536x864.jpeg 1536w, https:\/\/www.acapulcopress.com\/wp-content\/uploads\/2026\/01\/productores-gro-2-580x326.jpeg 580w, https:\/\/www.acapulcopress.com\/wp-content\/uploads\/2026\/01\/productores-gro-2-860x484.jpeg 860w, https:\/\/www.acapulcopress.com\/wp-content\/uploads\/2026\/01\/productores-gro-2-1160x653.jpeg 1160w, https:\/\/www.acapulcopress.com\/wp-content\/uploads\/2026\/01\/productores-gro-2-1320x743.jpeg 1320w, https:\/\/www.acapulcopress.com\/wp-content\/uploads\/2026\/01\/productores-gro-2.jpeg 1600w\" sizes=\"auto, (max-width: 300px) 100vw, 300px\" \/><\/a>En voz de <strong>Crisp\u00edn Tornez \u00c1vila<\/strong>, los productores de la Costa Chica de Guerrero mostr\u00f3 con documentos notariales que es el \u00fanico dirigente de la asociaci\u00f3n y que fue electo por 16 votos a favor de los 23 delegados registrados.<\/div>\n<\/div>\n<div class=\"x14z9mp xat24cr x1lziwak x1vvkbs xtlvy1s x126k92a\">\n<div dir=\"auto\">\n<p>A\u00f1adi\u00f3 que Rend\u00f3n \u00c1vila fue desconocido por malos manejos de los recursos econ\u00f3micos otorgados por la Conagua para beneficio de todos los productores agrupados en la <em>Asociaci\u00f3n Civil Usuarios R\u00edo Nexpa.<\/em><\/p>\n<p>No conforme con eso, tambi\u00e9n malvers\u00f3 los fondos de la agrupaci\u00f3n, dejando adeudos por m\u00e1s de un mill\u00f3n de pesos.<\/p>\n<\/div>\n<div dir=\"auto\">\n<p>A ra\u00edz de este incidente se convoc\u00f3 a asamblea de delegados para elegir una nueva mesa directiva, la cual por mayor\u00eda en la que recibi\u00f3 el <a href=\"https:\/\/www.acapulcopress.com\/wp-content\/uploads\/2026\/01\/productores-gro.jpg\"><img loading=\"lazy\" decoding=\"async\" class=\"alignleft wp-image-1262621 size-medium\" src=\"https:\/\/www.acapulcopress.com\/wp-content\/uploads\/2026\/01\/productores-gro-300x152.jpg\" alt=\"\" width=\"300\" height=\"152\" srcset=\"https:\/\/www.acapulcopress.com\/wp-content\/uploads\/2026\/01\/productores-gro-300x152.jpg 300w, https:\/\/www.acapulcopress.com\/wp-content\/uploads\/2026\/01\/productores-gro-1024x520.jpg 1024w, https:\/\/www.acapulcopress.com\/wp-content\/uploads\/2026\/01\/productores-gro-768x390.jpg 768w, https:\/\/www.acapulcopress.com\/wp-content\/uploads\/2026\/01\/productores-gro-1536x780.jpg 1536w, https:\/\/www.acapulcopress.com\/wp-content\/uploads\/2026\/01\/productores-gro-580x295.jpg 580w, https:\/\/www.acapulcopress.com\/wp-content\/uploads\/2026\/01\/productores-gro-860x437.jpg 860w, https:\/\/www.acapulcopress.com\/wp-content\/uploads\/2026\/01\/productores-gro-1160x589.jpg 1160w, https:\/\/www.acapulcopress.com\/wp-content\/uploads\/2026\/01\/productores-gro-1320x671.jpg 1320w, https:\/\/www.acapulcopress.com\/wp-content\/uploads\/2026\/01\/productores-gro.jpg 1600w\" sizes=\"auto, (max-width: 300px) 100vw, 300px\" \/><\/a>respaldo de la mayor\u00eda de las delegaciones, pero Fulmencio Rend\u00f3n, con apoyo de seis de sus incondicionales, se resiste a dejar la dirigencia.<\/p>\n<p>El motivo de la conferencia de prensa ofrecida en un restaurante de Acapulco fue para aclarar esa usurpando funciones\u00a0 que solo pretende seguir medrando de la ayuda que les otorga el gobierno federal.<\/p>\n<\/div>\n<\/div>\n<div class=\"x14z9mp xat24cr x1lziwak x1vvkbs xtlvy1s x126k92a\">\n<div dir=\"auto\">\n<p>Al respecto, <strong>Urbano Garc\u00eda<\/strong>, delegado de Espinalillo, precis\u00f3 este problema surgi\u00f3 a ra\u00edz de que Rend\u00f3n \u00c1vila, en su primer a\u00f1o de gesti\u00f3n como dirigente, fue destituido por malos manejos de los apoyos federales, ya que \u00e9l mismo en su informe declar\u00f3 haber recibi\u00f3 un mill\u00f3n 120 mil pesos, pero present\u00f3 gastos por un mont\u00f3 de un mill\u00f3n 300 mil, pretendiendo ahora que se le cubra el excedente de lo que supuestamente gasto.<\/p>\n<p>As\u00ed mismo, sela\u00f1\u00f3 a Crisp\u00edn Tornez \u00c1vila como un dministrador responsable de los recursos del agua, en beneficio de los productores del Distrito 105 R\u00edo Nexpa, que est\u00e1 integrado por los municipios de San Marcos, Las Vigas, Tecoanapa, Cuautepec y Florencio Villarreal y que el \u00fancico dirigente que reconocen como dirigente de la agrupaci\u00f3n.<br \/>\n<em>* )\u00a0<a class=\"x1fey0fg xmper1u x1edh9d7\" href=\"https:\/\/fb.me\/steparious\">fb.me\/steparious<\/a>\u00a0| * )\u00a0<a class=\"x1fey0fg xmper1u x1edh9d7\" href=\"https:\/\/fb.me\/acapulcopress\">fb.me\/acapulcopress<\/a><\/em><\/p>\n<\/div>\n<\/div>\n","protected":false},"excerpt":{"rendered":"<p>ACAPULCO * 26 de enero, 2026. ) Aps Integrantes de la Asociaci\u00f3n Civil Usuarios R\u00edo Nexpa denunciaron a Fulmencio Rend\u00f3n \u00c1vila por estar usurpando la dirigencia de la organizaci\u00f3n y de estar acaparando de forma il\u00edcita los beneficios otorgados por la Comisi\u00f3n Nacional del Agua (Conagua).En voz de Crisp\u00edn Tornez \u00c1vila, los productores de la&#8230;<\/p>\n","protected":false},"author":1,"featured_media":1262621,"comment_status":"closed","ping_status":"open","sticky":false,"template":"","format":"standard","meta":{"footnotes":""},"categories":[2080],"tags":[19115,6186,19117,19116,19118],"class_list":["post-1262610","post","type-post","status-publish","format-standard","has-post-thumbnail","hentry","category-regiones-de-guerrero","tag-asociacion-civil-usuarios-rio-nexpa","tag-comision-nacional-del-agua-conagua","tag-crispin-tornez-avila","tag-fulmencio-rendon-avila","tag-urbano-garcia"],"_links":{"self":[{"href":"https:\/\/www.acapulcopress.com\/index.php\/wp-json\/wp\/v2\/posts\/1262610","targetHints":{"allow":["GET"]}}],"collection":[{"href":"https:\/\/www.acapulcopress.com\/index.php\/wp-json\/wp\/v2\/posts"}],"about":[{"href":"https:\/\/www.acapulcopress.com\/index.php\/wp-json\/wp\/v2\/types\/post"}],"author":[{"embeddable":true,"href":"https:\/\/www.acapulcopress.com\/index.php\/wp-json\/wp\/v2\/users\/1"}],"replies":[{"embeddable":true,"href":"https:\/\/www.acapulcopress.com\/index.php\/wp-json\/wp\/v2\/comments?post=1262610"}],"version-history":[{"count":4,"href":"https:\/\/www.acapulcopress.com\/index.php\/wp-json\/wp\/v2\/posts\/1262610\/revisions"}],"predecessor-version":[{"id":1262625,"href":"https:\/\/www.acapulcopress.com\/index.php\/wp-json\/wp\/v2\/posts\/1262610\/revisions\/1262625"}],"wp:featuredmedia":[{"embeddable":true,"href":"https:\/\/www.acapulcopress.com\/index.php\/wp-json\/wp\/v2\/media\/1262621"}],"wp:attachment":[{"href":"https:\/\/www.acapulcopress.com\/index.php\/wp-json\/wp\/v2\/media?parent=1262610"}],"wp:term":[{"taxonomy":"category","embeddable":true,"href":"https:\/\/www.acapulcopress.com\/index.php\/wp-json\/wp\/v2\/categories?post=1262610"},{"taxonomy":"post_tag","embeddable":true,"href":"https:\/\/www.acapulcopress.com\/index.php\/wp-json\/wp\/v2\/tags?post=1262610"}],"curies":[{"name":"wp","href":"https:\/\/api.w.org\/{rel}","templated":true}]}}