{"id":1262611,"date":"2026-01-26T15:02:01","date_gmt":"2026-01-26T21:02:01","guid":{"rendered":"https:\/\/www.acapulcopress.com\/?p=1262611"},"modified":"2026-01-26T15:19:06","modified_gmt":"2026-01-26T21:19:06","slug":"se-desmarca-angel-aguirre-de-la-cuarta-transformacion","status":"publish","type":"post","link":"https:\/\/www.acapulcopress.com\/index.php\/2026\/01\/26\/se-desmarca-angel-aguirre-de-la-cuarta-transformacion\/","title":{"rendered":"Se desmarca \u00c1ngel Aguirre de la Cuarta Transformaci\u00f3n\u00a0"},"content":{"rendered":"<p>Marem\u00e1gnum<br \/>\n\u00bb <a href=\"https:\/\/www.facebook.com\/ricardocastill01\" target=\"_blank\" rel=\"noopener\"><strong>RICARDO<\/strong> | <strong>CASTILLO BARRIENTOS<\/strong><\/a><br \/>\n) Acapulco Press<\/p>\n<p><em>\u00a1Otra vez la burra al trigo!<\/em><\/p>\n<p>No hay movimiento pol\u00edtico en Guerrero que no se le achaque al ex gobernador<strong> \u00c1ngel Aguirre Rivero<\/strong>, por la participaci\u00f3n pol\u00edtica de algunos de sus ex colaboradores en corrientes, grup\u00fasculos, facciones o \u201ctribus\u201d al interior de <strong>Morena<\/strong>\u00a0y <strong>MC<\/strong>, aunque en el partido en el poder se proh\u00edbe estatutariamente en el art\u00edculo 3\u00ba.<\/p>\n<p>Apenas el s\u00e1bado pasado, se reuni\u00f3 por primera vez dentro del territorio guerrerense el grupo denominado \u201cConstructoras y Constructores <a href=\"https:\/\/www.acapulcopress.com\/wp-content\/uploads\/2026\/01\/IZQUIERDOSOS-GRO.jpeg\"><img loading=\"lazy\" decoding=\"async\" class=\"alignleft wp-image-1262614 size-medium\" src=\"https:\/\/www.acapulcopress.com\/wp-content\/uploads\/2026\/01\/IZQUIERDOSOS-GRO-300x208.jpeg\" alt=\"\" width=\"300\" height=\"208\" srcset=\"https:\/\/www.acapulcopress.com\/wp-content\/uploads\/2026\/01\/IZQUIERDOSOS-GRO-300x208.jpeg 300w, https:\/\/www.acapulcopress.com\/wp-content\/uploads\/2026\/01\/IZQUIERDOSOS-GRO-1024x708.jpeg 1024w, https:\/\/www.acapulcopress.com\/wp-content\/uploads\/2026\/01\/IZQUIERDOSOS-GRO-768x531.jpeg 768w, https:\/\/www.acapulcopress.com\/wp-content\/uploads\/2026\/01\/IZQUIERDOSOS-GRO-580x401.jpeg 580w, https:\/\/www.acapulcopress.com\/wp-content\/uploads\/2026\/01\/IZQUIERDOSOS-GRO-860x595.jpeg 860w, https:\/\/www.acapulcopress.com\/wp-content\/uploads\/2026\/01\/IZQUIERDOSOS-GRO-1160x802.jpeg 1160w, https:\/\/www.acapulcopress.com\/wp-content\/uploads\/2026\/01\/IZQUIERDOSOS-GRO.jpeg 1200w\" sizes=\"auto, (max-width: 300px) 100vw, 300px\" \/><\/a>del Segundo Piso de la Cuarta Transformaci\u00f3n\u201d, con el objetivo central de coadyuvar al fortalecimiento del gobierno de la presidenta Claudia Sheinbaum Pardo.<\/p>\n<p>El grupo de marras jefaturado por el vicecoordinador de la C\u00e1mara de Diputados federal, el zacatecano Alfonso Ram\u00edrez Cuellar, fundador de \u201cEl Barz\u00f3n\u201d y el secretario de Movilidad de la Ciudad de M\u00e9xico (<strong>Semovi<\/strong>), H\u00e9ctor Ulises Garc\u00eda Nieto, ex dirigente de <strong>Morena<\/strong>\u00a0en la <strong>CDMX<\/strong> (se perdi\u00f3 la mayor\u00eda de alcald\u00edas) ex delegado guinda en Guerrero y promotor de la Red de Apoyo de <strong>CSP<\/strong>.<\/p>\n<p>Este grupo hab\u00eda realizado reuniones en Cuernavaca y en la CDMX, donde se dieron cita personajes con claras ambiciones pol\u00edticas, tendientes a la sucesi\u00f3n gubernamental, se especula en ese sentido.<\/p>\n<p>En la \u00faltima reuni\u00f3n celebrada en el hotel Holiday Inn, en Chilpancingo, se adhirieron nuevos personajes como los diputados federales Irugami Perea Cruz (no lo pierda de vista) y Javier Taja Ram\u00edrez, adem\u00e1s, el ex gobernador interino, Rogelio Ortega Mart\u00ednez. Ya pertenec\u00edan al grupo, la senadora Beatriz Mojica Morga, Arturo Mart\u00ednez N\u00fa\u00f1ez, secretario de Arte y Cultura del <strong>CEN<\/strong>, el ex alcalde Alberto L\u00f3pez Rosas y el ex candidato del <strong>PRI<\/strong> a la gubernatura y ex candidato de <strong>MC<\/strong> a senador, Mario Moreno Arcos.<\/p>\n<p>No faltaron columnistas de medios de medios digietales, en endilgarle la autor\u00eda del evento al dos veces ex gobernador \u00c1ngel Aguirre Rivero, lo hab\u00edan reiterado en ocasiones anteriores y en otros casos, cuando es sabido su distancia de la pol\u00edtica partidista como lo enfatiza en el <em>post <\/em>publicado en la red social <strong>X<\/strong> donde se\u00f1ala:<\/p>\n<p>\u201cReitero con toda claridad: no participo en ese grupo, no lo conozco y no formo parte del proceso electoral. Mi compromiso es con la estabilidad, la gobernabilidad y el respeto a las decisiones ciudadanas\u201d.<\/p>\n<p>\u201cCondeno a quienes al amparo del anonimato y cobard\u00eda, usen mi nombre para sembrar confusi\u00f3n con prop\u00f3sitos perversos ante el proceso electoral que se avecina\u201d.<\/p>\n<p>\u201cRespeto a quienes participaron y su derecho a reunirse, as\u00ed como el uso de s\u00edmbolos nacionales -incluida la presidenta Claudia Sheinbaum Pardo- pero eso no implica respaldo, aval ni cercan\u00eda pol\u00edtica de mi parte\u201d.<\/p>\n<p>Son algunos de los aspectos del deslinde del ex gobernador costachiquense, dejando en claro que no tiene ning\u00fan nexo con esa organizaci\u00f3n, aunque varios de los principales concurrentes formaron parte de su gabinete, caracterizado por la pluralidad pol\u00edtica en la conformaci\u00f3n de la administraci\u00f3n p\u00fablica estatal <em>aguirrista<\/em>.<\/p>\n<p>Como <em>adendum<\/em> se tiene conocimiento sobre la vigencia del grupo independiente \u201cIzquierda Progresista Guerrerense\u201c (<strong>IPG<\/strong>), cuyos integrantes tienen la libertad sin cortapisa de militar en el partido que quieran y respalde sus aspiraciones pol\u00edticas.<\/p>\n<p>Solo falta decir, si alguien resulta \u201cembrazado\u201d tambi\u00e9n ser\u00eda culpable \u00c1ngel Aguirre, porque le enjaretan todo tipo de movimiento o acciones pol\u00edticas que ocurren en la entidad, sin que \u00e9ste tenga nada que ver, respetando los c\u00e1nones de la pol\u00edtica nacional. Se le reconoce como el pol\u00edtico profesional m\u00e1s completo de Guerrero, raz\u00f3n suficiente para que algunos de sus malquerientes se sientan desplazados en imagen p\u00fablica y ordenen campa\u00f1as medi\u00e1ticas en su contra, por la preocupaci\u00f3n que regrese por sus fueros, cuando ya desempe\u00f1\u00f3 los cargos pol\u00edticos m\u00e1s importantes de la entidad.<br \/>\n<em>* )\u00a0<a class=\"x1fey0fg xmper1u x1edh9d7\" href=\"https:\/\/fb.me\/steparious\">fb.me\/steparious<\/a>\u00a0| * )\u00a0<a class=\"x1fey0fg xmper1u x1edh9d7\" href=\"https:\/\/fb.me\/acapulcopress\">fb.me\/acapulcopress<\/a><\/em><\/p>\n","protected":false},"excerpt":{"rendered":"<p>Ricardo Castillo | No hay movimiento pol\u00edtico en Guerrero que no se le achaque al ex gobernador \u00c1ngel Aguirre Rivero<\/p>\n","protected":false},"author":1,"featured_media":1262612,"comment_status":"closed","ping_status":"open","sticky":false,"template":"","format":"standard","meta":{"footnotes":""},"categories":[2071,1991],"tags":[3465,3926,4206,4637,19114,10523,10648,12503,15575,15756],"class_list":["post-1262611","post","type-post","status-publish","format-standard","has-post-thumbnail","hentry","category-opinion-analisis-columnas","category-libertad-de-expresion","tag-alberto-lopez-rosas","tag-angel-aguirre-rivero","tag-arturo-martinez-nunez","tag-beatriz-mojica-morga","tag-irugami-perea-cruz","tag-izquierda-progresista-guerrerense","tag-javier-taja-ramirez","tag-maremagnum","tag-ricardo-castillo-barrientos","tag-rogelio-ortega-martinez"],"_links":{"self":[{"href":"https:\/\/www.acapulcopress.com\/index.php\/wp-json\/wp\/v2\/posts\/1262611","targetHints":{"allow":["GET"]}}],"collection":[{"href":"https:\/\/www.acapulcopress.com\/index.php\/wp-json\/wp\/v2\/posts"}],"about":[{"href":"https:\/\/www.acapulcopress.com\/index.php\/wp-json\/wp\/v2\/types\/post"}],"author":[{"embeddable":true,"href":"https:\/\/www.acapulcopress.com\/index.php\/wp-json\/wp\/v2\/users\/1"}],"replies":[{"embeddable":true,"href":"https:\/\/www.acapulcopress.com\/index.php\/wp-json\/wp\/v2\/comments?post=1262611"}],"version-history":[{"count":4,"href":"https:\/\/www.acapulcopress.com\/index.php\/wp-json\/wp\/v2\/posts\/1262611\/revisions"}],"predecessor-version":[{"id":1262618,"href":"https:\/\/www.acapulcopress.com\/index.php\/wp-json\/wp\/v2\/posts\/1262611\/revisions\/1262618"}],"wp:featuredmedia":[{"embeddable":true,"href":"https:\/\/www.acapulcopress.com\/index.php\/wp-json\/wp\/v2\/media\/1262612"}],"wp:attachment":[{"href":"https:\/\/www.acapulcopress.com\/index.php\/wp-json\/wp\/v2\/media?parent=1262611"}],"wp:term":[{"taxonomy":"category","embeddable":true,"href":"https:\/\/www.acapulcopress.com\/index.php\/wp-json\/wp\/v2\/categories?post=1262611"},{"taxonomy":"post_tag","embeddable":true,"href":"https:\/\/www.acapulcopress.com\/index.php\/wp-json\/wp\/v2\/tags?post=1262611"}],"curies":[{"name":"wp","href":"https:\/\/api.w.org\/{rel}","templated":true}]}}