{"id":1262641,"date":"2026-01-26T19:06:31","date_gmt":"2026-01-27T01:06:31","guid":{"rendered":"https:\/\/www.acapulcopress.com\/?p=1262641"},"modified":"2026-01-26T19:06:31","modified_gmt":"2026-01-27T01:06:31","slug":"diputado-pide-ampliar-padron-de-pension-guerrero-para-adultos-mayores","status":"publish","type":"post","link":"https:\/\/www.acapulcopress.com\/index.php\/2026\/01\/26\/diputado-pide-ampliar-padron-de-pension-guerrero-para-adultos-mayores\/","title":{"rendered":"Diputado pide ampliar padr\u00f3n de \u00abPensi\u00f3n Guerrero\u00bb para adultos mayores"},"content":{"rendered":"<p>CHILPANCINGO * 26 de enero, 2026.<br \/>\n<em>) LXIV Legislatura | Guerrero<br \/>\n<\/em>El diputado <strong>Juan Valenzo Villanueva<\/strong> (Morena) consider\u00f3 que las secretar\u00edas de <em>Finanzas y Administraci\u00f3n<\/em> y de <em>Bienestar<\/em>, as\u00ed como el <em>Instituto Guerrerense para la Atenci\u00f3n Integral de las Personas Adultas Mayores<\/em>, deben realizar adecuaciones presupuestales y administrativas que permitan incrementar el padr\u00f3n de beneficiarios del programa \u201cPensi\u00f3n Guerrero\u201d, en su vertiente de envejecimiento digno, a fin de incorporar a nuevas personas mayores de 60 a\u00f1os.<\/p>\n<p>En el Acuerdo Parlamentario que analiza la Comisi\u00f3n de Desarrollo y Bienestar Social y de Atenci\u00f3n a los Adultos Mayores, el legislador destaca que las personas adultas mayores han dedicado su vida al trabajo, al hogar, al campo, al comercio y al servicio comunitario, por lo que se les debe ofrecer un programa que crezca.<\/p>\n<p>Agreg\u00f3 que varias personas, principalmente adultas mayores, le han expresado que sus necesidades superan la cobertura actual del programa, por lo que es necesario fortalecerlo.<\/p>\n<p>Record\u00f3 que el apoyo econ\u00f3mico que reciben, aunque es modesto, contribuye a mitigar algunas de sus necesidades b\u00e1sicas.<\/p>\n<p>\u201cEs un programa noble, pensado para brindar tranquilidad en una etapa de la vida en la que todos deber\u00edamos sentirnos acompa\u00f1ados\u201d, expres\u00f3.<\/p>\n<p>Por ello, propone exhortar a las dependencias correspondientes para que, de manera coordinada, contemplen una partida presupuestal espec\u00edfica que permita dar de alta a nuevos beneficiarios, con el objetivo de que ninguna persona quede excluida por una regla administrativa.<br \/>\n<em>* )\u00a0<a class=\"x1fey0fg xmper1u x1edh9d7\" href=\"https:\/\/fb.me\/steparious\">fb.me\/steparious<\/a>\u00a0| * )\u00a0<a class=\"x1fey0fg xmper1u x1edh9d7\" href=\"https:\/\/fb.me\/acapulcopress\">fb.me\/acapulcopress<\/a><\/em><\/p>\n","protected":false},"excerpt":{"rendered":"<p>CHILPANCINGO * 26 de enero, 2026. ) LXIV Legislatura | Guerrero El diputado Juan Valenzo Villanueva (Morena) consider\u00f3 que las secretar\u00edas de Finanzas y Administraci\u00f3n y de Bienestar, as\u00ed como el Instituto Guerrerense para la Atenci\u00f3n Integral de las Personas Adultas Mayores, deben realizar adecuaciones presupuestales y administrativas que permitan incrementar el padr\u00f3n de beneficiarios&#8230;<\/p>\n","protected":false},"author":1,"featured_media":1262642,"comment_status":"closed","ping_status":"open","sticky":false,"template":"","format":"standard","meta":{"footnotes":""},"categories":[2037,61],"tags":[10284,11235,12256],"class_list":["post-1262641","post","type-post","status-publish","format-standard","has-post-thumbnail","hentry","category-congreso-de-guerrero","category-legislacion","tag-instituto-guerrerense-para-la-atencion-integral-de-las-personas-adultas-mayores-igatipam","tag-juan-valenzo-villanueva","tag-lxiv-legislatura-guerrero"],"_links":{"self":[{"href":"https:\/\/www.acapulcopress.com\/index.php\/wp-json\/wp\/v2\/posts\/1262641","targetHints":{"allow":["GET"]}}],"collection":[{"href":"https:\/\/www.acapulcopress.com\/index.php\/wp-json\/wp\/v2\/posts"}],"about":[{"href":"https:\/\/www.acapulcopress.com\/index.php\/wp-json\/wp\/v2\/types\/post"}],"author":[{"embeddable":true,"href":"https:\/\/www.acapulcopress.com\/index.php\/wp-json\/wp\/v2\/users\/1"}],"replies":[{"embeddable":true,"href":"https:\/\/www.acapulcopress.com\/index.php\/wp-json\/wp\/v2\/comments?post=1262641"}],"version-history":[{"count":1,"href":"https:\/\/www.acapulcopress.com\/index.php\/wp-json\/wp\/v2\/posts\/1262641\/revisions"}],"predecessor-version":[{"id":1262643,"href":"https:\/\/www.acapulcopress.com\/index.php\/wp-json\/wp\/v2\/posts\/1262641\/revisions\/1262643"}],"wp:featuredmedia":[{"embeddable":true,"href":"https:\/\/www.acapulcopress.com\/index.php\/wp-json\/wp\/v2\/media\/1262642"}],"wp:attachment":[{"href":"https:\/\/www.acapulcopress.com\/index.php\/wp-json\/wp\/v2\/media?parent=1262641"}],"wp:term":[{"taxonomy":"category","embeddable":true,"href":"https:\/\/www.acapulcopress.com\/index.php\/wp-json\/wp\/v2\/categories?post=1262641"},{"taxonomy":"post_tag","embeddable":true,"href":"https:\/\/www.acapulcopress.com\/index.php\/wp-json\/wp\/v2\/tags?post=1262641"}],"curies":[{"name":"wp","href":"https:\/\/api.w.org\/{rel}","templated":true}]}}