{"id":1262647,"date":"2026-01-26T21:19:45","date_gmt":"2026-01-27T03:19:45","guid":{"rendered":"https:\/\/www.acapulcopress.com\/?p=1262647"},"modified":"2026-01-26T21:24:20","modified_gmt":"2026-01-27T03:24:20","slug":"evelyn-y-liz-salgado-entregan-aparatos-funcionales-del-programa-transformando-vidas-2","status":"publish","type":"post","link":"https:\/\/www.acapulcopress.com\/index.php\/2026\/01\/26\/evelyn-y-liz-salgado-entregan-aparatos-funcionales-del-programa-transformando-vidas-2\/","title":{"rendered":"Evelyn y Liz Salgado entregan aparatos funcionales del programa Transformando Vidas"},"content":{"rendered":"<p>CHILPANCINGO * 26 de enero, 2026.<br \/>\n) LXIV Legislatura | Guerrero<br \/>\nLa gobernadora <strong>Evelyn Salgado Pineda<\/strong> encabez\u00f3, junto con la presidenta del <em>Sistema DIF Guerrero,<\/em> <strong>Liz Salgado Pineda<\/strong>, la primera <a href=\"https:\/\/www.acapulcopress.com\/wp-content\/uploads\/2026\/01\/EVELYN-SALGADO.DIF10.jpeg\"><img loading=\"lazy\" decoding=\"async\" class=\"alignleft wp-image-1262657 size-medium\" src=\"https:\/\/www.acapulcopress.com\/wp-content\/uploads\/2026\/01\/EVELYN-SALGADO.DIF10-300x200.jpeg\" alt=\"\" width=\"300\" height=\"200\" srcset=\"https:\/\/www.acapulcopress.com\/wp-content\/uploads\/2026\/01\/EVELYN-SALGADO.DIF10-300x200.jpeg 300w, https:\/\/www.acapulcopress.com\/wp-content\/uploads\/2026\/01\/EVELYN-SALGADO.DIF10-1024x682.jpeg 1024w, https:\/\/www.acapulcopress.com\/wp-content\/uploads\/2026\/01\/EVELYN-SALGADO.DIF10-768x512.jpeg 768w, https:\/\/www.acapulcopress.com\/wp-content\/uploads\/2026\/01\/EVELYN-SALGADO.DIF10-580x387.jpeg 580w, https:\/\/www.acapulcopress.com\/wp-content\/uploads\/2026\/01\/EVELYN-SALGADO.DIF10-860x573.jpeg 860w, https:\/\/www.acapulcopress.com\/wp-content\/uploads\/2026\/01\/EVELYN-SALGADO.DIF10-1160x773.jpeg 1160w, https:\/\/www.acapulcopress.com\/wp-content\/uploads\/2026\/01\/EVELYN-SALGADO.DIF10.jpeg 1280w\" sizes=\"auto, (max-width: 300px) 100vw, 300px\" \/><\/a>entrega mensual del a\u00f1o 2026 de aparatos funcionales del programa <em>Transformando Vidas,<\/em> con la distribuci\u00f3n de 409 apoyos, entre sillas de ruedas, bastones, muletas y otros dispositivos, con una inversi\u00f3n superior a 1.2 millones de pesos.<\/p>\n<p>Durante el evento, la mandataria estatal afirm\u00f3 que las entregas a personas con discapacidad no se detienen ni se detendr\u00e1n durante su administraci\u00f3n, al reiterar su compromiso de redoblar esfuerzos para que la justicia social sea una realidad en todos los hogares y que la transformaci\u00f3n se consolide en bienestar para todas y todos los guerrerenses.<\/p>\n<p>Esta nueva entrega benefici\u00f3 a personas con discapacidad de los municipios de Chilpancingo, Juan R. Escudero, Cocula, Apaxtla, Huitzuco, M\u00e1rtir de Cuilapan (Apango), Teloloapan, Coyuca de Ben\u00edtez, Chilapa, Copalillo, Tetipac, Buenavista de Cu\u00e9llar, Acapulco, Quechultenango y Eduardo Neri, a trav\u00e9s del trabajo coordinado con los sistemas DIF municipales.<\/p>\n<p><a href=\"https:\/\/www.acapulcopress.com\/wp-content\/uploads\/2026\/01\/EVELYN-SALGADO.DIF9_.jpeg\"><img loading=\"lazy\" decoding=\"async\" class=\"alignleft wp-image-1262656 size-medium\" src=\"https:\/\/www.acapulcopress.com\/wp-content\/uploads\/2026\/01\/EVELYN-SALGADO.DIF9_-300x200.jpeg\" alt=\"\" width=\"300\" height=\"200\" srcset=\"https:\/\/www.acapulcopress.com\/wp-content\/uploads\/2026\/01\/EVELYN-SALGADO.DIF9_-300x200.jpeg 300w, https:\/\/www.acapulcopress.com\/wp-content\/uploads\/2026\/01\/EVELYN-SALGADO.DIF9_-1024x682.jpeg 1024w, https:\/\/www.acapulcopress.com\/wp-content\/uploads\/2026\/01\/EVELYN-SALGADO.DIF9_-768x512.jpeg 768w, https:\/\/www.acapulcopress.com\/wp-content\/uploads\/2026\/01\/EVELYN-SALGADO.DIF9_-580x387.jpeg 580w, https:\/\/www.acapulcopress.com\/wp-content\/uploads\/2026\/01\/EVELYN-SALGADO.DIF9_-860x573.jpeg 860w, https:\/\/www.acapulcopress.com\/wp-content\/uploads\/2026\/01\/EVELYN-SALGADO.DIF9_-1160x773.jpeg 1160w, https:\/\/www.acapulcopress.com\/wp-content\/uploads\/2026\/01\/EVELYN-SALGADO.DIF9_.jpeg 1280w\" sizes=\"auto, (max-width: 300px) 100vw, 300px\" \/><\/a>El programa Transformando Vidas, iniciativa impulsada por la gobernadora Evelyn Salgado Pineda, ha llegado a todos los municipios del estado, con entregas mensuales que atienden a grupos de atenci\u00f3n prioritaria, como un acto de justicia social, amor y solidaridad, garantizando el derecho a una vida digna, a la movilidad, la autonom\u00eda y el bienestar.<\/p>\n<p>En su mensaje, la presidenta del Sistema DIF Guerrero, Liz Salgado Pineda, destac\u00f3 que en Guerrero la discapacidad no es una limitante cuando existen pol\u00edticas p\u00fablicas sensibles y programas transformadores que se realizan con el coraz\u00f3n. \u201cLa asistencia social se ha transformado en inclusi\u00f3n, amor y calidad de vida para las y los guerrerenses\u201d, afirm\u00f3.<\/p>\n<p>Al evento asisti\u00f3 el senador <strong>F\u00e9lix Salgado Macedonio<\/strong>, as\u00ed como autoridades estatales y municipales, quienes respaldaron estas acciones que permiten que los apoyos lleguen a todos los rincones del estado a las manos de quienes m\u00e1s lo necesitan.<\/p>\n<p><a href=\"https:\/\/www.acapulcopress.com\/wp-content\/uploads\/2026\/01\/EVELYN-SALGADO.DIF10.jpeg\"><img loading=\"lazy\" decoding=\"async\" class=\"alignnone wp-image-1262657 size-full\" src=\"https:\/\/www.acapulcopress.com\/wp-content\/uploads\/2026\/01\/EVELYN-SALGADO.DIF10.jpeg\" alt=\"\" width=\"1280\" height=\"853\" srcset=\"https:\/\/www.acapulcopress.com\/wp-content\/uploads\/2026\/01\/EVELYN-SALGADO.DIF10.jpeg 1280w, https:\/\/www.acapulcopress.com\/wp-content\/uploads\/2026\/01\/EVELYN-SALGADO.DIF10-300x200.jpeg 300w, https:\/\/www.acapulcopress.com\/wp-content\/uploads\/2026\/01\/EVELYN-SALGADO.DIF10-1024x682.jpeg 1024w, https:\/\/www.acapulcopress.com\/wp-content\/uploads\/2026\/01\/EVELYN-SALGADO.DIF10-768x512.jpeg 768w, https:\/\/www.acapulcopress.com\/wp-content\/uploads\/2026\/01\/EVELYN-SALGADO.DIF10-580x387.jpeg 580w, https:\/\/www.acapulcopress.com\/wp-content\/uploads\/2026\/01\/EVELYN-SALGADO.DIF10-860x573.jpeg 860w, https:\/\/www.acapulcopress.com\/wp-content\/uploads\/2026\/01\/EVELYN-SALGADO.DIF10-1160x773.jpeg 1160w\" sizes=\"auto, (max-width: 1280px) 100vw, 1280px\" \/><\/a><\/p>\n<p><a href=\"https:\/\/www.acapulcopress.com\/wp-content\/uploads\/2026\/01\/EVELYN-SALGADO.DIF8_.jpeg\"><img loading=\"lazy\" decoding=\"async\" class=\"alignnone wp-image-1262655 \" src=\"https:\/\/www.acapulcopress.com\/wp-content\/uploads\/2026\/01\/EVELYN-SALGADO.DIF8_.jpeg\" alt=\"\" width=\"989\" height=\"1484\" srcset=\"https:\/\/www.acapulcopress.com\/wp-content\/uploads\/2026\/01\/EVELYN-SALGADO.DIF8_.jpeg 853w, https:\/\/www.acapulcopress.com\/wp-content\/uploads\/2026\/01\/EVELYN-SALGADO.DIF8_-300x450.jpeg 300w, https:\/\/www.acapulcopress.com\/wp-content\/uploads\/2026\/01\/EVELYN-SALGADO.DIF8_-682x1024.jpeg 682w, https:\/\/www.acapulcopress.com\/wp-content\/uploads\/2026\/01\/EVELYN-SALGADO.DIF8_-768x1152.jpeg 768w, https:\/\/www.acapulcopress.com\/wp-content\/uploads\/2026\/01\/EVELYN-SALGADO.DIF8_-580x870.jpeg 580w\" sizes=\"auto, (max-width: 989px) 100vw, 989px\" \/><\/a><\/p>\n<p><a href=\"https:\/\/www.acapulcopress.com\/wp-content\/uploads\/2026\/01\/EVELYN-SALGADO.DIF7_.jpeg\"><img loading=\"lazy\" decoding=\"async\" class=\"alignnone wp-image-1262654 size-full\" src=\"https:\/\/www.acapulcopress.com\/wp-content\/uploads\/2026\/01\/EVELYN-SALGADO.DIF7_.jpeg\" alt=\"\" width=\"1280\" height=\"853\" srcset=\"https:\/\/www.acapulcopress.com\/wp-content\/uploads\/2026\/01\/EVELYN-SALGADO.DIF7_.jpeg 1280w, https:\/\/www.acapulcopress.com\/wp-content\/uploads\/2026\/01\/EVELYN-SALGADO.DIF7_-300x200.jpeg 300w, https:\/\/www.acapulcopress.com\/wp-content\/uploads\/2026\/01\/EVELYN-SALGADO.DIF7_-1024x682.jpeg 1024w, https:\/\/www.acapulcopress.com\/wp-content\/uploads\/2026\/01\/EVELYN-SALGADO.DIF7_-768x512.jpeg 768w, https:\/\/www.acapulcopress.com\/wp-content\/uploads\/2026\/01\/EVELYN-SALGADO.DIF7_-580x387.jpeg 580w, https:\/\/www.acapulcopress.com\/wp-content\/uploads\/2026\/01\/EVELYN-SALGADO.DIF7_-860x573.jpeg 860w, https:\/\/www.acapulcopress.com\/wp-content\/uploads\/2026\/01\/EVELYN-SALGADO.DIF7_-1160x773.jpeg 1160w\" sizes=\"auto, (max-width: 1280px) 100vw, 1280px\" \/><\/a><\/p>\n<p><a href=\"https:\/\/www.acapulcopress.com\/wp-content\/uploads\/2026\/01\/EVELYN-SALGADO.DIF6_.jpeg\"><img loading=\"lazy\" decoding=\"async\" class=\"alignnone wp-image-1262653 \" src=\"https:\/\/www.acapulcopress.com\/wp-content\/uploads\/2026\/01\/EVELYN-SALGADO.DIF6_.jpeg\" alt=\"\" width=\"997\" height=\"1496\" srcset=\"https:\/\/www.acapulcopress.com\/wp-content\/uploads\/2026\/01\/EVELYN-SALGADO.DIF6_.jpeg 853w, https:\/\/www.acapulcopress.com\/wp-content\/uploads\/2026\/01\/EVELYN-SALGADO.DIF6_-300x450.jpeg 300w, https:\/\/www.acapulcopress.com\/wp-content\/uploads\/2026\/01\/EVELYN-SALGADO.DIF6_-682x1024.jpeg 682w, https:\/\/www.acapulcopress.com\/wp-content\/uploads\/2026\/01\/EVELYN-SALGADO.DIF6_-768x1152.jpeg 768w, https:\/\/www.acapulcopress.com\/wp-content\/uploads\/2026\/01\/EVELYN-SALGADO.DIF6_-580x870.jpeg 580w\" sizes=\"auto, (max-width: 997px) 100vw, 997px\" \/><\/a><\/p>\n<p><a href=\"https:\/\/www.acapulcopress.com\/wp-content\/uploads\/2026\/01\/EVELYN-SALGADO.DIF5_.jpeg\"><img loading=\"lazy\" decoding=\"async\" class=\"alignnone wp-image-1262652 size-full\" src=\"https:\/\/www.acapulcopress.com\/wp-content\/uploads\/2026\/01\/EVELYN-SALGADO.DIF5_.jpeg\" alt=\"\" width=\"1280\" height=\"853\" srcset=\"https:\/\/www.acapulcopress.com\/wp-content\/uploads\/2026\/01\/EVELYN-SALGADO.DIF5_.jpeg 1280w, https:\/\/www.acapulcopress.com\/wp-content\/uploads\/2026\/01\/EVELYN-SALGADO.DIF5_-300x200.jpeg 300w, https:\/\/www.acapulcopress.com\/wp-content\/uploads\/2026\/01\/EVELYN-SALGADO.DIF5_-1024x682.jpeg 1024w, https:\/\/www.acapulcopress.com\/wp-content\/uploads\/2026\/01\/EVELYN-SALGADO.DIF5_-768x512.jpeg 768w, https:\/\/www.acapulcopress.com\/wp-content\/uploads\/2026\/01\/EVELYN-SALGADO.DIF5_-580x387.jpeg 580w, https:\/\/www.acapulcopress.com\/wp-content\/uploads\/2026\/01\/EVELYN-SALGADO.DIF5_-860x573.jpeg 860w, https:\/\/www.acapulcopress.com\/wp-content\/uploads\/2026\/01\/EVELYN-SALGADO.DIF5_-1160x773.jpeg 1160w\" sizes=\"auto, (max-width: 1280px) 100vw, 1280px\" \/><\/a><\/p>\n<p><a href=\"https:\/\/www.acapulcopress.com\/wp-content\/uploads\/2026\/01\/EVELYN-SALGADO.DIF4_.jpeg\"><img loading=\"lazy\" decoding=\"async\" class=\"alignnone wp-image-1262651 \" src=\"https:\/\/www.acapulcopress.com\/wp-content\/uploads\/2026\/01\/EVELYN-SALGADO.DIF4_.jpeg\" alt=\"\" width=\"997\" height=\"1496\" srcset=\"https:\/\/www.acapulcopress.com\/wp-content\/uploads\/2026\/01\/EVELYN-SALGADO.DIF4_.jpeg 853w, https:\/\/www.acapulcopress.com\/wp-content\/uploads\/2026\/01\/EVELYN-SALGADO.DIF4_-300x450.jpeg 300w, https:\/\/www.acapulcopress.com\/wp-content\/uploads\/2026\/01\/EVELYN-SALGADO.DIF4_-682x1024.jpeg 682w, https:\/\/www.acapulcopress.com\/wp-content\/uploads\/2026\/01\/EVELYN-SALGADO.DIF4_-768x1152.jpeg 768w, https:\/\/www.acapulcopress.com\/wp-content\/uploads\/2026\/01\/EVELYN-SALGADO.DIF4_-580x870.jpeg 580w\" sizes=\"auto, (max-width: 997px) 100vw, 997px\" \/><\/a><\/p>\n<p><a href=\"https:\/\/www.acapulcopress.com\/wp-content\/uploads\/2026\/01\/EVELYN-SALGADO.DIF3_.jpeg\"><img loading=\"lazy\" decoding=\"async\" class=\"alignnone wp-image-1262650 size-full\" src=\"https:\/\/www.acapulcopress.com\/wp-content\/uploads\/2026\/01\/EVELYN-SALGADO.DIF3_.jpeg\" alt=\"\" width=\"1280\" height=\"853\" srcset=\"https:\/\/www.acapulcopress.com\/wp-content\/uploads\/2026\/01\/EVELYN-SALGADO.DIF3_.jpeg 1280w, https:\/\/www.acapulcopress.com\/wp-content\/uploads\/2026\/01\/EVELYN-SALGADO.DIF3_-300x200.jpeg 300w, https:\/\/www.acapulcopress.com\/wp-content\/uploads\/2026\/01\/EVELYN-SALGADO.DIF3_-1024x682.jpeg 1024w, https:\/\/www.acapulcopress.com\/wp-content\/uploads\/2026\/01\/EVELYN-SALGADO.DIF3_-768x512.jpeg 768w, https:\/\/www.acapulcopress.com\/wp-content\/uploads\/2026\/01\/EVELYN-SALGADO.DIF3_-580x387.jpeg 580w, https:\/\/www.acapulcopress.com\/wp-content\/uploads\/2026\/01\/EVELYN-SALGADO.DIF3_-860x573.jpeg 860w, https:\/\/www.acapulcopress.com\/wp-content\/uploads\/2026\/01\/EVELYN-SALGADO.DIF3_-1160x773.jpeg 1160w\" sizes=\"auto, (max-width: 1280px) 100vw, 1280px\" \/><\/a><\/p>\n<p><a href=\"https:\/\/www.acapulcopress.com\/wp-content\/uploads\/2026\/01\/EVELYN-SALGADO.DIF2_.jpeg\"><img loading=\"lazy\" decoding=\"async\" class=\"alignnone wp-image-1262649 size-full\" src=\"https:\/\/www.acapulcopress.com\/wp-content\/uploads\/2026\/01\/EVELYN-SALGADO.DIF2_.jpeg\" alt=\"\" width=\"1280\" height=\"853\" srcset=\"https:\/\/www.acapulcopress.com\/wp-content\/uploads\/2026\/01\/EVELYN-SALGADO.DIF2_.jpeg 1280w, https:\/\/www.acapulcopress.com\/wp-content\/uploads\/2026\/01\/EVELYN-SALGADO.DIF2_-300x200.jpeg 300w, https:\/\/www.acapulcopress.com\/wp-content\/uploads\/2026\/01\/EVELYN-SALGADO.DIF2_-1024x682.jpeg 1024w, https:\/\/www.acapulcopress.com\/wp-content\/uploads\/2026\/01\/EVELYN-SALGADO.DIF2_-768x512.jpeg 768w, https:\/\/www.acapulcopress.com\/wp-content\/uploads\/2026\/01\/EVELYN-SALGADO.DIF2_-580x387.jpeg 580w, https:\/\/www.acapulcopress.com\/wp-content\/uploads\/2026\/01\/EVELYN-SALGADO.DIF2_-860x573.jpeg 860w, https:\/\/www.acapulcopress.com\/wp-content\/uploads\/2026\/01\/EVELYN-SALGADO.DIF2_-1160x773.jpeg 1160w\" sizes=\"auto, (max-width: 1280px) 100vw, 1280px\" \/><\/a><\/p>\n<p><a href=\"https:\/\/www.acapulcopress.com\/wp-content\/uploads\/2026\/01\/EVELYN-SALGADO.DIF_.jpeg\"><img loading=\"lazy\" decoding=\"async\" class=\"alignnone wp-image-1262648 size-full\" src=\"https:\/\/www.acapulcopress.com\/wp-content\/uploads\/2026\/01\/EVELYN-SALGADO.DIF_.jpeg\" alt=\"\" width=\"1280\" height=\"853\" srcset=\"https:\/\/www.acapulcopress.com\/wp-content\/uploads\/2026\/01\/EVELYN-SALGADO.DIF_.jpeg 1280w, https:\/\/www.acapulcopress.com\/wp-content\/uploads\/2026\/01\/EVELYN-SALGADO.DIF_-300x200.jpeg 300w, https:\/\/www.acapulcopress.com\/wp-content\/uploads\/2026\/01\/EVELYN-SALGADO.DIF_-1024x682.jpeg 1024w, https:\/\/www.acapulcopress.com\/wp-content\/uploads\/2026\/01\/EVELYN-SALGADO.DIF_-768x512.jpeg 768w, https:\/\/www.acapulcopress.com\/wp-content\/uploads\/2026\/01\/EVELYN-SALGADO.DIF_-580x387.jpeg 580w, https:\/\/www.acapulcopress.com\/wp-content\/uploads\/2026\/01\/EVELYN-SALGADO.DIF_-860x573.jpeg 860w, https:\/\/www.acapulcopress.com\/wp-content\/uploads\/2026\/01\/EVELYN-SALGADO.DIF_-1160x773.jpeg 1160w\" sizes=\"auto, (max-width: 1280px) 100vw, 1280px\" \/><\/a><\/p>\n<p><em>* )\u00a0<a class=\"x1fey0fg xmper1u x1edh9d7\" href=\"https:\/\/fb.me\/steparious\">fb.me\/steparious<\/a>\u00a0| * )\u00a0<a class=\"x1fey0fg xmper1u x1edh9d7\" href=\"https:\/\/fb.me\/acapulcopress\">fb.me\/acapulcopress<\/a><\/em><\/p>\n","protected":false},"excerpt":{"rendered":"<p>CHILPANCINGO * 26 de enero, 2026. ) LXIV Legislatura | Guerrero La gobernadora Evelyn Salgado Pineda encabez\u00f3, junto con la presidenta del Sistema DIF Guerrero, Liz Salgado Pineda, la primera entrega mensual del a\u00f1o 2026 de aparatos funcionales del programa Transformando Vidas, con la distribuci\u00f3n de 409 apoyos, entre sillas de ruedas, bastones, muletas y&#8230;<\/p>\n","protected":false},"author":1,"featured_media":1262652,"comment_status":"closed","ping_status":"open","sticky":false,"template":"","format":"standard","meta":{"footnotes":""},"categories":[1980,1983],"tags":[2314,8251,8467,12012,16708],"class_list":["post-1262647","post","type-post","status-publish","format-standard","has-post-thumbnail","hentry","category-goverment-2","category-guerrerogob","tag-transformando-vidas","tag-evelyn-salgado-pineda","tag-felix-salgado-macedonio","tag-liz-salgado-pineda","tag-sistema-dif-guerrero"],"_links":{"self":[{"href":"https:\/\/www.acapulcopress.com\/index.php\/wp-json\/wp\/v2\/posts\/1262647","targetHints":{"allow":["GET"]}}],"collection":[{"href":"https:\/\/www.acapulcopress.com\/index.php\/wp-json\/wp\/v2\/posts"}],"about":[{"href":"https:\/\/www.acapulcopress.com\/index.php\/wp-json\/wp\/v2\/types\/post"}],"author":[{"embeddable":true,"href":"https:\/\/www.acapulcopress.com\/index.php\/wp-json\/wp\/v2\/users\/1"}],"replies":[{"embeddable":true,"href":"https:\/\/www.acapulcopress.com\/index.php\/wp-json\/wp\/v2\/comments?post=1262647"}],"version-history":[{"count":2,"href":"https:\/\/www.acapulcopress.com\/index.php\/wp-json\/wp\/v2\/posts\/1262647\/revisions"}],"predecessor-version":[{"id":1262660,"href":"https:\/\/www.acapulcopress.com\/index.php\/wp-json\/wp\/v2\/posts\/1262647\/revisions\/1262660"}],"wp:featuredmedia":[{"embeddable":true,"href":"https:\/\/www.acapulcopress.com\/index.php\/wp-json\/wp\/v2\/media\/1262652"}],"wp:attachment":[{"href":"https:\/\/www.acapulcopress.com\/index.php\/wp-json\/wp\/v2\/media?parent=1262647"}],"wp:term":[{"taxonomy":"category","embeddable":true,"href":"https:\/\/www.acapulcopress.com\/index.php\/wp-json\/wp\/v2\/categories?post=1262647"},{"taxonomy":"post_tag","embeddable":true,"href":"https:\/\/www.acapulcopress.com\/index.php\/wp-json\/wp\/v2\/tags?post=1262647"}],"curies":[{"name":"wp","href":"https:\/\/api.w.org\/{rel}","templated":true}]}}