{"id":1262671,"date":"2026-01-28T14:48:23","date_gmt":"2026-01-28T20:48:23","guid":{"rendered":"https:\/\/www.acapulcopress.com\/?p=1262671"},"modified":"2026-01-28T14:48:54","modified_gmt":"2026-01-28T20:48:54","slug":"gobierno-federal-y-estatal-mantienen-atencion-permanente-en-chilpancingo","status":"publish","type":"post","link":"https:\/\/www.acapulcopress.com\/index.php\/2026\/01\/28\/gobierno-federal-y-estatal-mantienen-atencion-permanente-en-chilpancingo\/","title":{"rendered":"Gobierno federal y estatal mantienen atenci\u00f3n permanente en Chilpancingo"},"content":{"rendered":"<p>CIUDAD DE M\u00c9XICO * 28 de enero, 2026.<br \/>\n<em>) Palacio Nacional<\/em><br \/>\nLa presidente de M\u00e9xico, <strong>Claudia Sheinbaum Pardo<\/strong>, reafirm\u00f3 la atenci\u00f3n prioritaria del Gobierno Federal y del Gobierno del Estado de Guerrero, que encabeza la gobernadora<strong> Evelyn Salgado Pineda<\/strong>, en materia de seguridad para Chilpancingo, al tiempo que destac\u00f3 la reducci\u00f3n sustancial de homicidios y delitos de alto impacto en la entidad.<\/p>\n<p>Al responder cuestionamientos sobre las declaraciones del presidente municipal de Chilpancingo, <strong>Gustavo Alarc\u00f3n<\/strong>, relacionadas con la presencia de fuerzas federales en la capital, la mandataria explic\u00f3 que los resultados en Guerrero reflejan una mejora sostenida derivada de la coordinaci\u00f3n entre los tres \u00f3rdenes de gobierno.<\/p>\n<p>Sheinbaum Pardo subray\u00f3 que, al inicio del actual gobierno, Guerrero registraba un promedio de 6.5 homicidios diarios; no obstante, a partir de abril se observ\u00f3 una tendencia a la baja que se consolid\u00f3 en octubre de 2024, alcanzando al cierre de diciembre un promedio de 2.32 homicidios diarios.<\/p>\n<p>\u201cSe trata de una reducci\u00f3n muy significativa en homicidios y en general en todos los delitos de alto impacto. Estos resultados son producto del trabajo coordinado, de la presencia de las fuerzas federales y del esfuerzo conjunto del gabinete de seguridad federal con el gabinete de seguridad del Gobierno del Estado de Guerrero\u201d, puntualiz\u00f3.<\/p>\n<p>Respecto a Chilpancingo, la presidenta indic\u00f3 que el despliegue de fuerzas federales se ajusta de acuerdo con las condiciones espec\u00edficas de seguridad. Precis\u00f3 que durante eventos como la feria se incrementa la presencia y, posteriormente, se mantiene un esquema de vigilancia acorde a la situaci\u00f3n actual.<\/p>\n<p>A\u00f1adi\u00f3 que el presidente municipal cuenta con los canales institucionales para solicitar apoyo, ya sea a trav\u00e9s de la gobernadora Evelyn Salgado Pineda, del mando regional de la Guardia Nacional o mediante comunicaci\u00f3n directa con la Secretar\u00eda de Seguridad y Protecci\u00f3n Ciudadana.<\/p>\n<p>El Gobierno de M\u00e9xico y el Gobierno del Estado de Guerrero reiteran su compromiso de brindar atenci\u00f3n permanente a Chilpancingo y al resto de la entidad, fortaleciendo la coordinaci\u00f3n interinstitucional y la presencia de las fuerzas de seguridad, con resultados tangibles en la disminuci\u00f3n de la violencia y la construcci\u00f3n de condiciones de paz.<\/p>\n<div style=\"width: 640px;\" class=\"wp-video\"><video class=\"wp-video-shortcode\" id=\"video-1262671-1\" width=\"640\" height=\"480\" preload=\"metadata\" controls=\"controls\"><source type=\"video\/mp4\" src=\"https:\/\/www.acapulcopress.com\/wp-content\/uploads\/2026\/01\/sheinbaum.Guerrero.mp4?_=1\" \/><a href=\"https:\/\/www.acapulcopress.com\/wp-content\/uploads\/2026\/01\/sheinbaum.Guerrero.mp4\">https:\/\/www.acapulcopress.com\/wp-content\/uploads\/2026\/01\/sheinbaum.Guerrero.mp4<\/a><\/video><\/div>\n<p><em>* )\u00a0<a class=\"x1fey0fg xmper1u x1edh9d7\" href=\"https:\/\/fb.me\/steparious\" target=\"_blank\" rel=\"noopener\">fb.me\/steparious<\/a>\u00a0| * )\u00a0<a class=\"x1fey0fg xmper1u x1edh9d7\" href=\"https:\/\/fb.me\/acapulcopress\" target=\"_blank\" rel=\"noopener\">fb.me\/acapulcopress<\/a><\/em><\/p>\n","protected":false},"excerpt":{"rendered":"<p>CIUDAD DE M\u00c9XICO * 28 de enero, 2026. ) Palacio Nacional La presidente de M\u00e9xico, Claudia Sheinbaum Pardo, reafirm\u00f3 la atenci\u00f3n prioritaria del Gobierno Federal y del Gobierno del Estado de Guerrero, que encabeza la gobernadora Evelyn Salgado Pineda, en materia de seguridad para Chilpancingo, al tiempo que destac\u00f3 la reducci\u00f3n sustancial de homicidios y&#8230;<\/p>\n","protected":false},"author":1,"featured_media":1262673,"comment_status":"closed","ping_status":"open","sticky":false,"template":"","format":"standard","meta":{"footnotes":""},"categories":[1],"tags":[5853,8251],"class_list":["post-1262671","post","type-post","status-publish","format-standard","has-post-thumbnail","hentry","category-sin-categoria","tag-claudia-sheinbaum-pardo","tag-evelyn-salgado-pineda"],"_links":{"self":[{"href":"https:\/\/www.acapulcopress.com\/index.php\/wp-json\/wp\/v2\/posts\/1262671","targetHints":{"allow":["GET"]}}],"collection":[{"href":"https:\/\/www.acapulcopress.com\/index.php\/wp-json\/wp\/v2\/posts"}],"about":[{"href":"https:\/\/www.acapulcopress.com\/index.php\/wp-json\/wp\/v2\/types\/post"}],"author":[{"embeddable":true,"href":"https:\/\/www.acapulcopress.com\/index.php\/wp-json\/wp\/v2\/users\/1"}],"replies":[{"embeddable":true,"href":"https:\/\/www.acapulcopress.com\/index.php\/wp-json\/wp\/v2\/comments?post=1262671"}],"version-history":[{"count":2,"href":"https:\/\/www.acapulcopress.com\/index.php\/wp-json\/wp\/v2\/posts\/1262671\/revisions"}],"predecessor-version":[{"id":1262676,"href":"https:\/\/www.acapulcopress.com\/index.php\/wp-json\/wp\/v2\/posts\/1262671\/revisions\/1262676"}],"wp:featuredmedia":[{"embeddable":true,"href":"https:\/\/www.acapulcopress.com\/index.php\/wp-json\/wp\/v2\/media\/1262673"}],"wp:attachment":[{"href":"https:\/\/www.acapulcopress.com\/index.php\/wp-json\/wp\/v2\/media?parent=1262671"}],"wp:term":[{"taxonomy":"category","embeddable":true,"href":"https:\/\/www.acapulcopress.com\/index.php\/wp-json\/wp\/v2\/categories?post=1262671"},{"taxonomy":"post_tag","embeddable":true,"href":"https:\/\/www.acapulcopress.com\/index.php\/wp-json\/wp\/v2\/tags?post=1262671"}],"curies":[{"name":"wp","href":"https:\/\/api.w.org\/{rel}","templated":true}]}}