{"id":1262677,"date":"2026-01-28T15:10:52","date_gmt":"2026-01-28T21:10:52","guid":{"rendered":"https:\/\/www.acapulcopress.com\/?p=1262677"},"modified":"2026-01-28T15:13:11","modified_gmt":"2026-01-28T21:13:11","slug":"trump-amenaza-atacar-iran-mucho-peor-que-en-2025","status":"publish","type":"post","link":"https:\/\/www.acapulcopress.com\/index.php\/2026\/01\/28\/trump-amenaza-atacar-iran-mucho-peor-que-en-2025\/","title":{"rendered":"Trump amenaza atacar Ir\u00e1n \u00abmucho peor\u00bb que en 2025"},"content":{"rendered":"<p>WASHINGTON * 28 de enero, 2026.<br \/>\n<em>) <a href=\"https:\/\/www.france24.com\/es\/medio-oriente\/20260128-trump-amenaza-a-ir%C3%A1n-con-un-ataque-mucho-peor-que-el-de-2025-teher%C3%A1n-dice-que-responder%C3%A1-como-nunca-antes\" target=\"_blank\" rel=\"noopener\">France24 \/ Con informaci\u00f3n de Reuters y AP<\/a><\/em><\/p>\n<p>El presidente de Estados Unidos, <strong>Donald Trump<\/strong>, inst\u00f3 a Ir\u00e1n a apresurar un acuerdo sobre su industria armament\u00edstica nuclear, bajo la amenaza de un ataque \u00abmucho peor\u00bb que el ejecutado en la &#8216;Operaci\u00f3n Martillo de Medianoche&#8217;, cuando un centenar de aeronaves y bombas fueron utilizadas contra las principales instalaciones nucleares iran\u00edes, en junio de 2025.<\/p>\n<p>\u00abOjal\u00e1 Ir\u00e1n se siente pronto a la mesa y negocie un acuerdo justo y equitativo \u2014sin armas nucleares\u2014 que beneficie a todas las partes. \u00a1El tiempo se acaba, es realmente crucial!\u00bb, escribi\u00f3 Trump en redes sociales, donde confirm\u00f3 el env\u00edo de una flota naval a Medio Oriente, que, seg\u00fan el republicano, busca respaldar las manifestaciones antigubernamentales que estallaron a finales de diciembre y han sido reprimidas fuertemente por Teher\u00e1n.<\/p>\n<p>Las protestas, en las que han muerto m\u00e1s de 6.000 personas, seg\u00fan el grupo <em>Human Rights Activists News Agency (HRANA),<\/em> con sede en EE. UU., han amainado en los \u00faltimos d\u00edas, seg\u00fan la informaci\u00f3n que llega a cuentagotas debido a un apag\u00f3n informativo.<\/p>\n<p>No obstante, la flota naval anunciada por Trump mantiene su curso, liderada por el portaaviones <em>Abraham Lincoln,<\/em> que brinda la posibilidad a las tropas de Washington de lanzar operaciones desde el mar, as\u00ed como de varios buques de misiles guiados. <em>El Pent\u00e1gono<\/em> tambi\u00e9n est\u00e1 trasladando aviones de combate y sistemas de defensa a\u00e9rea a la regi\u00f3n.<\/p>\n<p>\u00abUna enorme armada se dirige a Ir\u00e1n. Se mueve con rapidez, con gran poder, entusiasmo y determinaci\u00f3n\u00bb escribi\u00f3 Trump este mi\u00e9rcoles, antes de hacer un paralelismo entre el despliegue en Medio Oriente y el asedio contra <strong>Nicol\u00e1s Maduro en Venezuela<\/strong>.<\/p>\n<p>Washington orden\u00f3 el mayor despliegue militar en d\u00e9cadas en el Caribe con el traslado de buques de guerra, aviones de combate, miles de hombres y el portaaviones m\u00e1s eficaz del planeta, el <em>USS Gerald R. Ford,<\/em> en la antesala de lo que ser\u00eda la detenci\u00f3n del presidente venezolano Nicol\u00e1s Maduro en la madrugada del 3 de enero.<\/p>\n<p>Trump afirm\u00f3 que la escuadra naval encaminada a Ir\u00e1n \u00abes una flota mayor que la enviada a Venezuela\u00bb. Los buques de guerra, que comenzaron a moverse desde la regi\u00f3n Asia-Pac\u00edfico la semana pasada, llegaron a Medio Oriente el pasado lunes, seg\u00fan detallaron dos funcionarios estadounidenses a la agencia Reuters.<\/p>\n<p><strong>Ir\u00e1n amenaza con una respuesta in\u00e9dita<br \/>\n<\/strong><br \/>\nLa misi\u00f3n de Teher\u00e1n ante las Naciones Unidas reaccion\u00f3 a las declaraciones de Trump en una publicaci\u00f3n en <em>X<\/em>. \u201cIr\u00e1n est\u00e1 listo para el di\u00e1logo basado en el respeto mutuo y los intereses, \u00a1PERO SI SE LO PRESIONA, SE DEFENDER\u00c1 Y RESPONDER\u00c1 COMO NUNCA ANTES!\u201d, se lee en el mensaje, que mezcla may\u00fasculas y min\u00fasculas al estilo del presidente estadounidense.<\/p>\n<p>\u00abLa \u00faltima vez que Estados Unidos intervino en guerras en Afganist\u00e1n e Irak, desperdici\u00f3 m\u00e1s de 7 billones de d\u00f3lares y perdi\u00f3 m\u00e1s de 7.000 vidas estadounidenses\u00bb, record\u00f3 la misi\u00f3n diplom\u00e1tica iran\u00ed, que cit\u00f3 directamente la declaraci\u00f3n de Trump en su red social, Truth.<\/p>\n<p>El ministro de Relaciones Exteriores de Ir\u00e1n, <strong>Abbas Araqchi<\/strong>, respald\u00f3 el comunicado en unas declaraciones posteriores a la prensa. \u201cSi quieren que las negociaciones prosperen, deben abandonar las amenazas, las exigencias excesivas y el planteamiento de cuestiones il\u00f3gicas\u00bb, expres\u00f3.<\/p>\n<p>Paralelamente, un asesor del l\u00edder supremo de Ir\u00e1n, el ayatol\u00e1 <strong>Ali Jamenei<\/strong>, advirti\u00f3 que cualquier acci\u00f3n militar de Estados Unidos desatar\u00e1 una respuesta de Teher\u00e1n contra Estados Unidos, Israel y cualquier Estado vinculado.<\/p>\n<p>Mientras esta cascada de reacciones se produc\u00edan en Medio Oriente, el secretario de Estado estadounidense, <strong>Marco Rubio<\/strong>, vaticinaba frente a una comisi\u00f3n parlamentaria que el Gobierno iran\u00ed est\u00e1 m\u00e1s d\u00e9bil que nunca.<\/p>\n<p><strong>Preocupaci\u00f3n regional<br \/>\n<\/strong><br \/>\nLas tensiones con Washington han impulsado una ronda de contactos entre funcionarios diplom\u00e1ticos iran\u00edes y pa\u00edses vecinos.<\/p>\n<p>El ministro de Relaciones Exteriores de Turqu\u00eda, <strong>Hakan Fidan<\/strong>, convers\u00f3 con su hom\u00f3logo iran\u00ed, Abbas Araqchi, para estudiar medidas para aliviar la presi\u00f3n. Turqu\u00eda, aliado de la OTAN, se ha opuesto anteriormente a cualquier acci\u00f3n militar contra su vecino.<\/p>\n<p>En otra llamada internacional, el pr\u00edncipe heredero de Arabia Saudita, Mohammed bin Salman, asegur\u00f3 al presidente iran\u00ed, Masoud Pezeshkian, que \u00abno permitir\u00e1 que su espacio a\u00e9reo o territorio se utilicen para ninguna acci\u00f3n militar contra Ir\u00e1n\u00bb. Emiratos \u00c1rabes Unidos tambi\u00e9n se\u00f1al\u00f3 que no facilitar\u00e1 su cielo a un ataque de Washington. Ambas naciones albergan equipamiento a\u00e9reo y tropas estadounidenses.<\/p>\n<p>Entre tanto, el principal diplom\u00e1tico egipcio, <strong>Badr Abdelatty<\/strong>, se contact\u00f3 por separado con Araqchi, y el enviado de Estados Unidos para Medio Oriente, Steve Witkoff, con el fin de \u00abtrabajar para lograr la calma, a fin de evitar que la regi\u00f3n caiga en nuevos ciclos de inestabilidad\u00bb, puntualiz\u00f3 el Ministerio de Relaciones Exteriores de Egipto.<\/p>\n<p>La principal base estadounidense en Medio Oriente est\u00e1 ubicada en Qatar, cuyas autoridades han sido contactadas tanto por Araqchi como por funcionarios de seguridad iran\u00edes. Qatar reconoci\u00f3 las conversaciones, pero ofreci\u00f3 pocos detalles sobre el contenido de las mismas.<br \/>\n<em>* )\u00a0<a class=\"x1fey0fg xmper1u x1edh9d7\" href=\"https:\/\/fb.me\/steparious\" target=\"_blank\" rel=\"noopener\">fb.me\/steparious<\/a>\u00a0| * )\u00a0<a class=\"x1fey0fg xmper1u x1edh9d7\" href=\"https:\/\/fb.me\/acapulcopress\" target=\"_blank\" rel=\"noopener\">fb.me\/acapulcopress<\/a><\/em><\/p>\n","protected":false},"excerpt":{"rendered":"<p>El presidente de Estados Unidos, Donald Trump, inst\u00f3 a Ir\u00e1n a apresurar un acuerdo sobre su industria armament\u00edstica<\/p>\n","protected":false},"author":1,"featured_media":1262678,"comment_status":"closed","ping_status":"open","sticky":false,"template":"","format":"standard","meta":{"footnotes":""},"categories":[2020],"tags":[19129,19134,18516,19136,7450,19131,19135,19130,12489,19132,19133],"class_list":["post-1262677","post","type-post","status-publish","format-standard","has-post-thumbnail","hentry","category-world-news","tag-operacion-martillo-de-medianoche","tag-abbas-araqchi","tag-ali-jamenei","tag-badr-abdelatty","tag-donald-trump","tag-el-pentagono","tag-hakan-fidan","tag-human-rights-activists-news-agency-hrana","tag-marco-rubio","tag-nicolas-maduro-en-venezuela","tag-uss-gerald-r-ford"],"_links":{"self":[{"href":"https:\/\/www.acapulcopress.com\/index.php\/wp-json\/wp\/v2\/posts\/1262677","targetHints":{"allow":["GET"]}}],"collection":[{"href":"https:\/\/www.acapulcopress.com\/index.php\/wp-json\/wp\/v2\/posts"}],"about":[{"href":"https:\/\/www.acapulcopress.com\/index.php\/wp-json\/wp\/v2\/types\/post"}],"author":[{"embeddable":true,"href":"https:\/\/www.acapulcopress.com\/index.php\/wp-json\/wp\/v2\/users\/1"}],"replies":[{"embeddable":true,"href":"https:\/\/www.acapulcopress.com\/index.php\/wp-json\/wp\/v2\/comments?post=1262677"}],"version-history":[{"count":5,"href":"https:\/\/www.acapulcopress.com\/index.php\/wp-json\/wp\/v2\/posts\/1262677\/revisions"}],"predecessor-version":[{"id":1262683,"href":"https:\/\/www.acapulcopress.com\/index.php\/wp-json\/wp\/v2\/posts\/1262677\/revisions\/1262683"}],"wp:featuredmedia":[{"embeddable":true,"href":"https:\/\/www.acapulcopress.com\/index.php\/wp-json\/wp\/v2\/media\/1262678"}],"wp:attachment":[{"href":"https:\/\/www.acapulcopress.com\/index.php\/wp-json\/wp\/v2\/media?parent=1262677"}],"wp:term":[{"taxonomy":"category","embeddable":true,"href":"https:\/\/www.acapulcopress.com\/index.php\/wp-json\/wp\/v2\/categories?post=1262677"},{"taxonomy":"post_tag","embeddable":true,"href":"https:\/\/www.acapulcopress.com\/index.php\/wp-json\/wp\/v2\/tags?post=1262677"}],"curies":[{"name":"wp","href":"https:\/\/api.w.org\/{rel}","templated":true}]}}