{"id":1262684,"date":"2026-01-28T10:36:04","date_gmt":"2026-01-28T16:36:04","guid":{"rendered":"https:\/\/www.acapulcopress.com\/?p=1262684"},"modified":"2026-01-28T15:38:00","modified_gmt":"2026-01-28T21:38:00","slug":"al-tri-rector-saldana-le-interesa-mas-la-politica-que-la-uagro","status":"publish","type":"post","link":"https:\/\/www.acapulcopress.com\/index.php\/2026\/01\/28\/al-tri-rector-saldana-le-interesa-mas-la-politica-que-la-uagro\/","title":{"rendered":"Al tri-rector Salda\u00f1a le interesa m\u00e1s la pol\u00edtica que la UAGro"},"content":{"rendered":"<p>Marem\u00e1gnum<br \/>\n\u00bb<a href=\"https:\/\/www.facebook.com\/ricardocastill01\" target=\"_blank\" rel=\"noopener\"><strong> RICARDO<\/strong> | <strong>CASTILLO BARRIENTOS<\/strong><\/a><br \/>\n<em>) Acapulco Press<\/em><\/p>\n<p>Luego de 40 a\u00f1os de trasmisiones y no contar con autorizaci\u00f3n oficial de la Secretar\u00eda de Comunicaciones y Transportes (<strong>SCT<\/strong>) y despu\u00e9s del Instituto Federal de Telecomunicaciones (<strong>Ifetel<\/strong>), la radiodifusora Universidad-Pueblo <strong>XEUAG<\/strong>, se mantuvo en el 101.9 del cuadrante, en la capital del estado y municipios circunvecinos.<\/p>\n<p>El 4 de mayo de 1982, durante el rectorado de Jos\u00e9 Enrique Gonz\u00e1lez Ru\u00edz, la radio universitaria inici\u00f3 sus operaciones bajo la direcci\u00f3n de Luis del Toro y N\u00e1jera, pr\u00e1cticamente de manera clandestina por la confrontaci\u00f3n que manten\u00edan contra el Estado Mexicano, debido a los resabios de la guerrilla popular en el <em>alma mater<\/em>.<\/p>\n<p>No se tuvo conocimiento durante ese largo periodo, sobre gestiones para la obtenci\u00f3n del T\u00edtulo de Concesi\u00f3n con una vigencia de 15 a\u00f1os, finalmente otorgado en el mes de septiembre de 2023, siendo director el finado V\u00edctor Hugo Wences Mart\u00ednez y rector interino Jos\u00e9 Alfredo Romero Olea, una vez cumplidos los requisitos establecidos por el<strong> Ifetel<\/strong>, exigencia a todos los solicitantes de concesiones radiof\u00f3nicas p\u00fablicas y privadas.<\/p>\n<p>El abogado de la <strong>UAGro<\/strong>, Kahan Hern\u00e1ndez, despu\u00e9s de entregar el T\u00edtulo de Concesi\u00f3n al director de la radio universitaria, recomend\u00f3 \u201ccumplir con las demasiadas obligaciones\u201d que pide el <strong>Ifetel<\/strong>, \u201cque como parte de las concesionarias oficiales p\u00fablicas ya hemos adquirido\u201d.<\/p>\n<p>Fue el quid del problema de la reciente amenaza realizada por la nueva Agencia de Transformaci\u00f3n Digital y Telecomunicaciones <strong>(ATDT<\/strong>), debido al incumplimiento de obligaciones contra\u00eddas en el Titulo de la Concesi\u00f3n, motivo suficiente para retirar el equipo de transmisi\u00f3n y la suspensi\u00f3n de las actividades radiof\u00f3nicas.<\/p>\n<p>La falta de seguimiento y la irresponsabilidad del \u00e1rea jur\u00eddica de la Universidad, de cumplir con las obligaciones contra\u00eddas con la instituci\u00f3n del gobierno federal, gener\u00f3 esta situaci\u00f3n que puso en riesgo la operaci\u00f3n de la radio universitaria, por descuido o ineficacia, que por ning\u00fan motivo debi\u00f3 presentarse, en \u00e9ste o en otro caso.<\/p>\n<p>A solicitud del tri-rector Javier Salda\u00f1a Almaz\u00e1n, la gobernadora Evelyn Pineda Salgado, intercedi\u00f3 ante la presidenta Claudia Sheinbaum, a fin se concediera una pr\u00f3rroga y as\u00ed cumplir con las obligaciones legales y requerimientos t\u00e9cnicos establecidos por el organismo de Telecomunicaciones, y sirva la experiencia para poner mayor atenci\u00f3n y no se presente en lo sucesivo, este tipo de problemas lamentables e innecesarios en la M\u00e1xima Casa de Estudios.<\/p>\n<p>Entre tanto, el tri-rector Salda\u00f1a anda del tingo al tango en eventos pol\u00edticos para que le concedan la gracia de una diputaci\u00f3n federal por <strong>MORENA<\/strong>, en recompensa o premio a la movilizaci\u00f3n de considerables contingentes de universitarios en actos p\u00fablicos partidistas, que habitan en casas de estudiantes o asisten a los comedores universitarios, lucrando pol\u00edticamente con el hambre de los pobres estudiantes.<\/p>\n<p><strong>Marea Baja.-<\/strong> Con motivo del 54 aniversario luctuoso del profesor y comandante Genaro V\u00e1zquez Rojas, el Comit\u00e9 C\u00edvico Sanluisteco y la Asociaci\u00f3n C\u00edvica Nacional Revolucionaria (<strong>ACNR<\/strong>), en su honor llevar\u00e1n a cabo un homenaje popular antimperialista, el dos de febrero en su pueblo natal.<\/p>\n<p>El programa alusivo dar\u00e1 inicio a las 10 de la ma\u00f1ana con la presentaci\u00f3n de los libros \u201cGenaro V\u00e1zquez Rojas y Lucio Caba\u00f1as\u201d, del Dr. Am\u00edlcar Carpio P\u00e9rez y \u201cM\u00e9xico: Pensamiento y Acci\u00f3n para su Transformaci\u00f3n\u201d, del Dr. Dem\u00f3stenes Lozano Valdovinos.<\/p>\n<p>Posteriormente, habr\u00e1 una guardia de honor y ofrenda floral en el monumento erigido en memoria del comandante guerrillero, en la explanada principal, cerrando el homenaje con una marcha c\u00edvica y mitin en el pante\u00f3n municipal.<\/p>\n<p><strong>Marea Alta.-<\/strong> Discreta y significativa labor altruista viene desarrollando el ameritado profesionista H\u00e9ctor Zurita, en su calidad de presidente del <strong>Guerrero Shrine Club<\/strong>, organizaci\u00f3n internacional con m\u00e1s de un siglo de fundaci\u00f3n que otorga atenci\u00f3n m\u00e9dica y especializada\u00a0 gratuita, a ni\u00f1as y ni\u00f1os con padecimientos ortop\u00e9dicos, quemaduras, y otros casos complejos, a trav\u00e9s de una red hospitalaria de excelencia, incluyendo el Hospital Shrine Ciudad de M\u00e9xico.<\/p>\n<p>H\u00e9ctor Zurita destac\u00f3 el trabajo que realizan en Guerrero para acercar esta informaci\u00f3n a las familias, apoyar con traslados, gestiones, telemedicina en Acapulco y acompa\u00f1amiento, as\u00ed como casos recientes donde incluso se han realizado traslados internacionales por atenci\u00f3n especializada sin costo para los usuarios, quedando a sus apreciables \u00f3rdenes en caso necesario.<\/p>\n<p><strong>Maremoto.-<\/strong> Por lo visto, el alcalde capitalino Gustavo Alarc\u00f3n Herrera, ya no tiene porque acongojarse sobre el tema de la seguridad p\u00fablica, pues esta tarea continuar\u00e1 de forma permanente a cargo del personal de la Polic\u00eda Estatal, en coordinaci\u00f3n con la Guardia Nacional, tal como lo hab\u00eda solicitado a los gobiernos federal y estatal.<\/p>\n<p>Ambas instituciones de seguridad se enfocar\u00e1n a labores de prevenci\u00f3n y vigilancia en la ciudad capital, a trav\u00e9s de despliegues operativos permanentes, por lo cual, los elementos realizan patrullajes en puntos estrat\u00e9gicos, priorizando la presencia institucional en colonias de la periferia y zonas de atenci\u00f3n prioritaria, privilegiando la proximidad social, con el objetivo de mantener contacto directo con la ciudadan\u00eda, atender sus reportes y contribuir a la construcci\u00f3n de entornos seguros.<br \/>\n<em>* )\u00a0<a class=\"x1fey0fg xmper1u x1edh9d7\" href=\"https:\/\/fb.me\/steparious\" target=\"_blank\" rel=\"noopener\">fb.me\/steparious<\/a>\u00a0| * )\u00a0<a class=\"x1fey0fg xmper1u x1edh9d7\" href=\"https:\/\/fb.me\/acapulcopress\" target=\"_blank\" rel=\"noopener\">fb.me\/acapulcopress<\/a><\/em><\/p>\n","protected":false},"excerpt":{"rendered":"<p>Ricardo Castillo | Luego de 40 a\u00f1os de trasmisiones y no contar con autorizaci\u00f3n oficial de la Secretar\u00eda de Comunicaciones y Transportes (SCT)<\/p>\n","protected":false},"author":1,"featured_media":1262685,"comment_status":"closed","ping_status":"open","sticky":false,"template":"","format":"standard","meta":{"footnotes":""},"categories":[2071,1991],"tags":[12503,15575],"class_list":["post-1262684","post","type-post","status-publish","format-standard","has-post-thumbnail","hentry","category-opinion-analisis-columnas","category-libertad-de-expresion","tag-maremagnum","tag-ricardo-castillo-barrientos"],"_links":{"self":[{"href":"https:\/\/www.acapulcopress.com\/index.php\/wp-json\/wp\/v2\/posts\/1262684","targetHints":{"allow":["GET"]}}],"collection":[{"href":"https:\/\/www.acapulcopress.com\/index.php\/wp-json\/wp\/v2\/posts"}],"about":[{"href":"https:\/\/www.acapulcopress.com\/index.php\/wp-json\/wp\/v2\/types\/post"}],"author":[{"embeddable":true,"href":"https:\/\/www.acapulcopress.com\/index.php\/wp-json\/wp\/v2\/users\/1"}],"replies":[{"embeddable":true,"href":"https:\/\/www.acapulcopress.com\/index.php\/wp-json\/wp\/v2\/comments?post=1262684"}],"version-history":[{"count":2,"href":"https:\/\/www.acapulcopress.com\/index.php\/wp-json\/wp\/v2\/posts\/1262684\/revisions"}],"predecessor-version":[{"id":1262687,"href":"https:\/\/www.acapulcopress.com\/index.php\/wp-json\/wp\/v2\/posts\/1262684\/revisions\/1262687"}],"wp:featuredmedia":[{"embeddable":true,"href":"https:\/\/www.acapulcopress.com\/index.php\/wp-json\/wp\/v2\/media\/1262685"}],"wp:attachment":[{"href":"https:\/\/www.acapulcopress.com\/index.php\/wp-json\/wp\/v2\/media?parent=1262684"}],"wp:term":[{"taxonomy":"category","embeddable":true,"href":"https:\/\/www.acapulcopress.com\/index.php\/wp-json\/wp\/v2\/categories?post=1262684"},{"taxonomy":"post_tag","embeddable":true,"href":"https:\/\/www.acapulcopress.com\/index.php\/wp-json\/wp\/v2\/tags?post=1262684"}],"curies":[{"name":"wp","href":"https:\/\/api.w.org\/{rel}","templated":true}]}}