{"id":1262688,"date":"2026-01-28T15:55:16","date_gmt":"2026-01-28T21:55:16","guid":{"rendered":"https:\/\/www.acapulcopress.com\/?p=1262688"},"modified":"2026-01-28T15:58:07","modified_gmt":"2026-01-28T21:58:07","slug":"congreso-analiza-nueva-ley-a-favor-de-personas-con-espectro-autista","status":"publish","type":"post","link":"https:\/\/www.acapulcopress.com\/index.php\/2026\/01\/28\/congreso-analiza-nueva-ley-a-favor-de-personas-con-espectro-autista\/","title":{"rendered":"Congreso analiza nueva ley a favor de personas con espectro autista"},"content":{"rendered":"<p>CHILPANCINGO * 28 de enero, 2026.<br \/>\n<em>) LXIV Legislatura | Guerrero<\/em><br \/>\nLa Comisi\u00f3n de Salud del Congreso del Estado analiza una iniciativa de <em>Ley para la Atenci\u00f3n, Inclusi\u00f3n y Protecci\u00f3n de las Personas con la Condici\u00f3n del Espectro Autista en Guerrero<\/em>, con el prop\u00f3sito de reconocer, promover y garantizar su integraci\u00f3n e inclusi\u00f3n, as\u00ed como el ejercicio efectivo de sus derechos fundamentales.<\/p>\n<p>La propuesta, impulsada por la Comisi\u00f3n legislativa integrada por las diputadas <strong>Beatriz V\u00e9lez N\u00fa\u00f1ez<\/strong>,<strong> Mar\u00eda Guadalupe Eguiluz Bautista<\/strong>, <strong>Citlali Yaret T\u00e9lez Castillo<\/strong>, <strong>Hilda Jennifer Ponce Mendoza<\/strong> y <strong>Guadalupe Garc\u00eda Villalva<\/strong> \u2014como presidenta, secretaria y vocales\u2014, responde a un mandato expreso de la Suprema Corte de Justicia de la Naci\u00f3n (SCJN), derivado de resoluciones recientes que obligan al Congreso a garantizar procesos legislativos incluyentes y acordes con el modelo social de discapacidad y a generar ordenamientos que garanticen la participaci\u00f3n efectiva de las personas con discapacidad.<\/p>\n<p>La iniciativa, subraya la Comisi\u00f3n, se encuentra plenamente fundada en la Constituci\u00f3n, en los tratados internacionales, en la jurisprudencia de la SCJN y en la realidad social del estado. Su aprobaci\u00f3n permitir\u00e1 garantizar el ejercicio efectivo de los derechos humanos de las personas con espectro autista, consolidando un Guerrero m\u00e1s justo, incluyente y respetuoso de la diversidad. No responde \u00fanicamente a un inter\u00e9s pol\u00edtico o social, sino a una obligaci\u00f3n constitucional y jurisdiccional derivada de las sentencias de la Suprema Corte de Justicia de la Naci\u00f3n.<\/p>\n<p>Por lo que se se\u00f1ala que con la propuesta se cumple con el deber de legislar de manera incluyente, participativa y conforme al modelo social de discapacidad, garantizando que las personas con espectro autista y sus familias cuenten con un marco jur\u00eddico s\u00f3lido y leg\u00edtimo.<br \/>\n<em>* )\u00a0<a class=\"x1fey0fg xmper1u x1edh9d7\" href=\"https:\/\/fb.me\/steparious\" target=\"_blank\" rel=\"noopener\">fb.me\/steparious<\/a>\u00a0| * )\u00a0<a class=\"x1fey0fg xmper1u x1edh9d7\" href=\"https:\/\/fb.me\/acapulcopress\" target=\"_blank\" rel=\"noopener\">fb.me\/acapulcopress<\/a><\/em><\/p>\n","protected":false},"excerpt":{"rendered":"<p>CHILPANCINGO * 28 de enero, 2026. ) LXIV Legislatura | Guerrero La Comisi\u00f3n de Salud del Congreso del Estado analiza una iniciativa de Ley para la Atenci\u00f3n, Inclusi\u00f3n y Protecci\u00f3n de las Personas con la Condici\u00f3n del Espectro Autista en Guerrero, con el prop\u00f3sito de reconocer, promover y garantizar su integraci\u00f3n e inclusi\u00f3n, as\u00ed como&#8230;<\/p>\n","protected":false},"author":1,"featured_media":1262689,"comment_status":"closed","ping_status":"open","sticky":false,"template":"","format":"standard","meta":{"footnotes":""},"categories":[2037,61],"tags":[4645,19137,9794,12256,12584],"class_list":["post-1262688","post","type-post","status-publish","format-standard","has-post-thumbnail","hentry","category-congreso-de-guerrero","category-legislacion","tag-beatriz-velez-nunez","tag-citlali-yaret-telez-castillo","tag-hilda-jennifer-ponce-mendoza","tag-lxiv-legislatura-guerrero","tag-maria-guadalupe-eguiluz-bautista"],"_links":{"self":[{"href":"https:\/\/www.acapulcopress.com\/index.php\/wp-json\/wp\/v2\/posts\/1262688","targetHints":{"allow":["GET"]}}],"collection":[{"href":"https:\/\/www.acapulcopress.com\/index.php\/wp-json\/wp\/v2\/posts"}],"about":[{"href":"https:\/\/www.acapulcopress.com\/index.php\/wp-json\/wp\/v2\/types\/post"}],"author":[{"embeddable":true,"href":"https:\/\/www.acapulcopress.com\/index.php\/wp-json\/wp\/v2\/users\/1"}],"replies":[{"embeddable":true,"href":"https:\/\/www.acapulcopress.com\/index.php\/wp-json\/wp\/v2\/comments?post=1262688"}],"version-history":[{"count":3,"href":"https:\/\/www.acapulcopress.com\/index.php\/wp-json\/wp\/v2\/posts\/1262688\/revisions"}],"predecessor-version":[{"id":1262692,"href":"https:\/\/www.acapulcopress.com\/index.php\/wp-json\/wp\/v2\/posts\/1262688\/revisions\/1262692"}],"wp:featuredmedia":[{"embeddable":true,"href":"https:\/\/www.acapulcopress.com\/index.php\/wp-json\/wp\/v2\/media\/1262689"}],"wp:attachment":[{"href":"https:\/\/www.acapulcopress.com\/index.php\/wp-json\/wp\/v2\/media?parent=1262688"}],"wp:term":[{"taxonomy":"category","embeddable":true,"href":"https:\/\/www.acapulcopress.com\/index.php\/wp-json\/wp\/v2\/categories?post=1262688"},{"taxonomy":"post_tag","embeddable":true,"href":"https:\/\/www.acapulcopress.com\/index.php\/wp-json\/wp\/v2\/tags?post=1262688"}],"curies":[{"name":"wp","href":"https:\/\/api.w.org\/{rel}","templated":true}]}}