{"id":1262701,"date":"2026-01-28T21:15:47","date_gmt":"2026-01-29T03:15:47","guid":{"rendered":"https:\/\/www.acapulcopress.com\/?p=1262701"},"modified":"2026-01-28T21:23:43","modified_gmt":"2026-01-29T03:23:43","slug":"recibio-acapulco-al-ms-amadea-cuarto-crucero-del-2026","status":"publish","type":"post","link":"https:\/\/www.acapulcopress.com\/index.php\/2026\/01\/28\/recibio-acapulco-al-ms-amadea-cuarto-crucero-del-2026\/","title":{"rendered":"Recibi\u00f3 Acapulco al MS Amadea, el cuarto del 2026"},"content":{"rendered":"<p>ACAPULCO * 28 de enero, 2026.<br \/>\n<em>) Sectur Acapulco<br \/>\n<\/em>El puerto de Acapulco se volvi\u00f3 a engalanar tur\u00edsticamente con el arribo del crucero <em>MS Amadea,<\/em> el cuarto de la temporada 2026, inform\u00f3 el <a href=\"https:\/\/www.acapulcopress.com\/wp-content\/uploads\/2026\/01\/noe-peralta-1.jpg\"><img loading=\"lazy\" decoding=\"async\" class=\"alignleft wp-image-1262708 size-medium\" src=\"https:\/\/www.acapulcopress.com\/wp-content\/uploads\/2026\/01\/noe-peralta-1-300x225.jpg\" alt=\"\" width=\"300\" height=\"225\" srcset=\"https:\/\/www.acapulcopress.com\/wp-content\/uploads\/2026\/01\/noe-peralta-1-300x225.jpg 300w, https:\/\/www.acapulcopress.com\/wp-content\/uploads\/2026\/01\/noe-peralta-1-1024x768.jpg 1024w, https:\/\/www.acapulcopress.com\/wp-content\/uploads\/2026\/01\/noe-peralta-1-768x576.jpg 768w, https:\/\/www.acapulcopress.com\/wp-content\/uploads\/2026\/01\/noe-peralta-1-1536x1152.jpg 1536w, https:\/\/www.acapulcopress.com\/wp-content\/uploads\/2026\/01\/noe-peralta-1-580x435.jpg 580w, https:\/\/www.acapulcopress.com\/wp-content\/uploads\/2026\/01\/noe-peralta-1-860x645.jpg 860w, https:\/\/www.acapulcopress.com\/wp-content\/uploads\/2026\/01\/noe-peralta-1-1160x870.jpg 1160w, https:\/\/www.acapulcopress.com\/wp-content\/uploads\/2026\/01\/noe-peralta-1-1320x990.jpg 1320w, https:\/\/www.acapulcopress.com\/wp-content\/uploads\/2026\/01\/noe-peralta-1.jpg 1600w\" sizes=\"auto, (max-width: 300px) 100vw, 300px\" \/><\/a>secretario de Turismo municipal, <strong>No\u00e9 Peralta Herrera<\/strong>.<\/p>\n<p>El funcionario manifest\u00f3 que con la presencia de este crucero se\u00a0contin\u00faa fortaleciendo la actividad tur\u00edstica de Acapulco, reafirmando la confianza de las navieras transnacionales en el puerto.<\/p>\n<p>Operado por la firma alemana<em> Phoenix Reisen<\/em> y con bandera de Bahamas, el<em> MS Amadea<\/em> arrib\u00f3 a la bah\u00eda con 456 pasajeros y 306 tripulantes, sumando un total de 762 visitantes, quienes recorrieron los principales atractivos de la ciudad, generando una derrama econ\u00f3mica directa en comercios, restaurantes, transportistas, gu\u00edas tur\u00edsticos y prestadores de servicios.<\/p>\n<p>El <em>Gobierno de Acapulco<\/em> ofreci\u00f3 una festiva bienvenida a los visitantes, con m\u00fasica tradicional y bailes folcl\u00f3ricos, mientras que las excursiones incluyeron \u00edconos tur\u00edsticos de Acapulco como <em>La Quebrada,<\/em> la <em>isla de La Roqueta<\/em>, el <em>Fuerte de San Diego<\/em>, miradores de la <a href=\"https:\/\/www.acapulcopress.com\/wp-content\/uploads\/2026\/01\/acapulco.cruceros3.jpg\"><img loading=\"lazy\" decoding=\"async\" class=\"alignleft wp-image-1262704 size-medium\" src=\"https:\/\/www.acapulcopress.com\/wp-content\/uploads\/2026\/01\/acapulco.cruceros3-300x169.jpg\" alt=\"\" width=\"300\" height=\"169\" srcset=\"https:\/\/www.acapulcopress.com\/wp-content\/uploads\/2026\/01\/acapulco.cruceros3-300x169.jpg 300w, https:\/\/www.acapulcopress.com\/wp-content\/uploads\/2026\/01\/acapulco.cruceros3-1024x577.jpg 1024w, https:\/\/www.acapulcopress.com\/wp-content\/uploads\/2026\/01\/acapulco.cruceros3-768x432.jpg 768w, https:\/\/www.acapulcopress.com\/wp-content\/uploads\/2026\/01\/acapulco.cruceros3-1536x865.jpg 1536w, https:\/\/www.acapulcopress.com\/wp-content\/uploads\/2026\/01\/acapulco.cruceros3-580x327.jpg 580w, https:\/\/www.acapulcopress.com\/wp-content\/uploads\/2026\/01\/acapulco.cruceros3-860x484.jpg 860w, https:\/\/www.acapulcopress.com\/wp-content\/uploads\/2026\/01\/acapulco.cruceros3-1160x653.jpg 1160w, https:\/\/www.acapulcopress.com\/wp-content\/uploads\/2026\/01\/acapulco.cruceros3-1320x743.jpg 1320w, https:\/\/www.acapulcopress.com\/wp-content\/uploads\/2026\/01\/acapulco.cruceros3.jpg 2048w\" sizes=\"auto, (max-width: 300px) 100vw, 300px\" \/><\/a>bah\u00eda y sitio de gastronom\u00eda local.<\/p>\n<p>Peralta Herrera destac\u00f3 que enero cerrar\u00e1 con cinco cruceros y m\u00e1s de 6 mil 500 pasajeros internacionales, lo que reflejan la recuperaci\u00f3n sostenida del turismo a travpes de cruceros.<\/p>\n<p>Como parte de la estrategia de posicionamiento del destino, el titular de la <em>Sectur Acapulco<\/em> anunci\u00f3 tambi\u00e9n la participaci\u00f3n de Acapulco en la <em>Feria Internacional de Cruceros,<\/em> el encuentro m\u00e1s importante del sector a nivel mundial, a celebrarse en Miami del 13 al 16 de abril pr\u00f3ximo.<\/p>\n<p>En dicho evento se promover\u00e1 la infraestructura portuaria, la conectividad y oferta tur\u00edstica, con el objetivo de abrir nuevas rutas y consolidar mercados.<\/p>\n<p><a href=\"https:\/\/www.acapulcopress.com\/wp-content\/uploads\/2026\/01\/acapulco.cruceros5.jpg\"><img loading=\"lazy\" decoding=\"async\" class=\"alignnone wp-image-1262706 size-full\" src=\"https:\/\/www.acapulcopress.com\/wp-content\/uploads\/2026\/01\/acapulco.cruceros5.jpg\" alt=\"\" width=\"1126\" height=\"1124\" srcset=\"https:\/\/www.acapulcopress.com\/wp-content\/uploads\/2026\/01\/acapulco.cruceros5.jpg 1126w, https:\/\/www.acapulcopress.com\/wp-content\/uploads\/2026\/01\/acapulco.cruceros5-300x299.jpg 300w, https:\/\/www.acapulcopress.com\/wp-content\/uploads\/2026\/01\/acapulco.cruceros5-1024x1022.jpg 1024w, https:\/\/www.acapulcopress.com\/wp-content\/uploads\/2026\/01\/acapulco.cruceros5-150x150.jpg 150w, https:\/\/www.acapulcopress.com\/wp-content\/uploads\/2026\/01\/acapulco.cruceros5-768x767.jpg 768w, https:\/\/www.acapulcopress.com\/wp-content\/uploads\/2026\/01\/acapulco.cruceros5-70x70.jpg 70w, https:\/\/www.acapulcopress.com\/wp-content\/uploads\/2026\/01\/acapulco.cruceros5-360x360.jpg 360w, https:\/\/www.acapulcopress.com\/wp-content\/uploads\/2026\/01\/acapulco.cruceros5-580x579.jpg 580w, https:\/\/www.acapulcopress.com\/wp-content\/uploads\/2026\/01\/acapulco.cruceros5-860x858.jpg 860w\" sizes=\"auto, (max-width: 1126px) 100vw, 1126px\" \/><\/a><\/p>\n<p><a href=\"https:\/\/www.acapulcopress.com\/wp-content\/uploads\/2026\/01\/acapulco.cruceros2.jpg\"><img loading=\"lazy\" decoding=\"async\" class=\"alignnone wp-image-1262703 size-full\" src=\"https:\/\/www.acapulcopress.com\/wp-content\/uploads\/2026\/01\/acapulco.cruceros2.jpg\" alt=\"\" width=\"2048\" height=\"1153\" srcset=\"https:\/\/www.acapulcopress.com\/wp-content\/uploads\/2026\/01\/acapulco.cruceros2.jpg 2048w, https:\/\/www.acapulcopress.com\/wp-content\/uploads\/2026\/01\/acapulco.cruceros2-300x169.jpg 300w, https:\/\/www.acapulcopress.com\/wp-content\/uploads\/2026\/01\/acapulco.cruceros2-1024x577.jpg 1024w, https:\/\/www.acapulcopress.com\/wp-content\/uploads\/2026\/01\/acapulco.cruceros2-768x432.jpg 768w, https:\/\/www.acapulcopress.com\/wp-content\/uploads\/2026\/01\/acapulco.cruceros2-1536x865.jpg 1536w, https:\/\/www.acapulcopress.com\/wp-content\/uploads\/2026\/01\/acapulco.cruceros2-580x327.jpg 580w, https:\/\/www.acapulcopress.com\/wp-content\/uploads\/2026\/01\/acapulco.cruceros2-860x484.jpg 860w, https:\/\/www.acapulcopress.com\/wp-content\/uploads\/2026\/01\/acapulco.cruceros2-1160x653.jpg 1160w, https:\/\/www.acapulcopress.com\/wp-content\/uploads\/2026\/01\/acapulco.cruceros2-1320x743.jpg 1320w\" sizes=\"auto, (max-width: 2048px) 100vw, 2048px\" \/><\/a><\/p>\n<p><a href=\"https:\/\/www.acapulcopress.com\/wp-content\/uploads\/2026\/01\/acapulco.cruceros.jpg\"><img loading=\"lazy\" decoding=\"async\" class=\"alignnone wp-image-1262702 size-full\" src=\"https:\/\/www.acapulcopress.com\/wp-content\/uploads\/2026\/01\/acapulco.cruceros.jpg\" alt=\"\" width=\"2048\" height=\"1153\" srcset=\"https:\/\/www.acapulcopress.com\/wp-content\/uploads\/2026\/01\/acapulco.cruceros.jpg 2048w, https:\/\/www.acapulcopress.com\/wp-content\/uploads\/2026\/01\/acapulco.cruceros-300x169.jpg 300w, https:\/\/www.acapulcopress.com\/wp-content\/uploads\/2026\/01\/acapulco.cruceros-1024x577.jpg 1024w, https:\/\/www.acapulcopress.com\/wp-content\/uploads\/2026\/01\/acapulco.cruceros-768x432.jpg 768w, https:\/\/www.acapulcopress.com\/wp-content\/uploads\/2026\/01\/acapulco.cruceros-1536x865.jpg 1536w, https:\/\/www.acapulcopress.com\/wp-content\/uploads\/2026\/01\/acapulco.cruceros-580x327.jpg 580w, https:\/\/www.acapulcopress.com\/wp-content\/uploads\/2026\/01\/acapulco.cruceros-860x484.jpg 860w, https:\/\/www.acapulcopress.com\/wp-content\/uploads\/2026\/01\/acapulco.cruceros-1160x653.jpg 1160w, https:\/\/www.acapulcopress.com\/wp-content\/uploads\/2026\/01\/acapulco.cruceros-1320x743.jpg 1320w\" sizes=\"auto, (max-width: 2048px) 100vw, 2048px\" \/><\/a><\/p>\n<p><a href=\"https:\/\/www.acapulcopress.com\/wp-content\/uploads\/2026\/01\/acapulco.cruceros4.jpg\"><img loading=\"lazy\" decoding=\"async\" class=\"alignnone wp-image-1262705 size-full\" src=\"https:\/\/www.acapulcopress.com\/wp-content\/uploads\/2026\/01\/acapulco.cruceros4.jpg\" alt=\"\" width=\"1211\" height=\"2048\" srcset=\"https:\/\/www.acapulcopress.com\/wp-content\/uploads\/2026\/01\/acapulco.cruceros4.jpg 1211w, https:\/\/www.acapulcopress.com\/wp-content\/uploads\/2026\/01\/acapulco.cruceros4-300x507.jpg 300w, https:\/\/www.acapulcopress.com\/wp-content\/uploads\/2026\/01\/acapulco.cruceros4-606x1024.jpg 606w, https:\/\/www.acapulcopress.com\/wp-content\/uploads\/2026\/01\/acapulco.cruceros4-768x1299.jpg 768w, https:\/\/www.acapulcopress.com\/wp-content\/uploads\/2026\/01\/acapulco.cruceros4-908x1536.jpg 908w, https:\/\/www.acapulcopress.com\/wp-content\/uploads\/2026\/01\/acapulco.cruceros4-580x981.jpg 580w, https:\/\/www.acapulcopress.com\/wp-content\/uploads\/2026\/01\/acapulco.cruceros4-860x1454.jpg 860w, https:\/\/www.acapulcopress.com\/wp-content\/uploads\/2026\/01\/acapulco.cruceros4-1160x1962.jpg 1160w\" sizes=\"auto, (max-width: 1211px) 100vw, 1211px\" \/><\/a><\/p>\n<p><em>* ) <a class=\"x1fey0fg xmper1u x1edh9d7\" href=\"https:\/\/fb.me\/steparious\" target=\"_blank\" rel=\"noopener\">fb.me\/steparious<\/a>\u00a0| * )\u00a0<a class=\"x1fey0fg xmper1u x1edh9d7\" href=\"https:\/\/fb.me\/acapulcopress\" target=\"_blank\" rel=\"noopener\">fb.me\/acapulcopress<\/a><\/em><\/p>\n","protected":false},"excerpt":{"rendered":"<p>ACAPULCO * 28 de enero, 2026. ) Sectur Acapulco El puerto de Acapulco se volvi\u00f3 a engalanar tur\u00edsticamente con el arribo del crucero MS Amadea, el cuarto de la temporada 2026, inform\u00f3 el secretario de Turismo municipal, No\u00e9 Peralta Herrera. El funcionario manifest\u00f3 que con la presencia de este crucero se\u00a0contin\u00faa fortaleciendo la actividad tur\u00edstica&#8230;<\/p>\n","protected":false},"author":1,"featured_media":1262707,"comment_status":"closed","ping_status":"open","sticky":false,"template":"","format":"standard","meta":{"footnotes":""},"categories":[18470],"tags":[19140,9279,19139,13711,19138,16334],"class_list":["post-1262701","post","type-post","status-publish","format-standard","has-post-thumbnail","hentry","category-turismo","tag-feria-internacional-de-cruceros","tag-gobierno-de-acapulco","tag-ms-amadea","tag-noe-peralta-herrera","tag-phoenix-reisen","tag-sectur-acapulco"],"_links":{"self":[{"href":"https:\/\/www.acapulcopress.com\/index.php\/wp-json\/wp\/v2\/posts\/1262701","targetHints":{"allow":["GET"]}}],"collection":[{"href":"https:\/\/www.acapulcopress.com\/index.php\/wp-json\/wp\/v2\/posts"}],"about":[{"href":"https:\/\/www.acapulcopress.com\/index.php\/wp-json\/wp\/v2\/types\/post"}],"author":[{"embeddable":true,"href":"https:\/\/www.acapulcopress.com\/index.php\/wp-json\/wp\/v2\/users\/1"}],"replies":[{"embeddable":true,"href":"https:\/\/www.acapulcopress.com\/index.php\/wp-json\/wp\/v2\/comments?post=1262701"}],"version-history":[{"count":2,"href":"https:\/\/www.acapulcopress.com\/index.php\/wp-json\/wp\/v2\/posts\/1262701\/revisions"}],"predecessor-version":[{"id":1262710,"href":"https:\/\/www.acapulcopress.com\/index.php\/wp-json\/wp\/v2\/posts\/1262701\/revisions\/1262710"}],"wp:featuredmedia":[{"embeddable":true,"href":"https:\/\/www.acapulcopress.com\/index.php\/wp-json\/wp\/v2\/media\/1262707"}],"wp:attachment":[{"href":"https:\/\/www.acapulcopress.com\/index.php\/wp-json\/wp\/v2\/media?parent=1262701"}],"wp:term":[{"taxonomy":"category","embeddable":true,"href":"https:\/\/www.acapulcopress.com\/index.php\/wp-json\/wp\/v2\/categories?post=1262701"},{"taxonomy":"post_tag","embeddable":true,"href":"https:\/\/www.acapulcopress.com\/index.php\/wp-json\/wp\/v2\/tags?post=1262701"}],"curies":[{"name":"wp","href":"https:\/\/api.w.org\/{rel}","templated":true}]}}