{"id":1262715,"date":"2026-01-29T16:03:42","date_gmt":"2026-01-29T22:03:42","guid":{"rendered":"https:\/\/www.acapulcopress.com\/?p=1262715"},"modified":"2026-01-29T16:03:42","modified_gmt":"2026-01-29T22:03:42","slug":"piden-jornada-laboral-flexible-para-cuidadores-de-menores-con-discapacidad","status":"publish","type":"post","link":"https:\/\/www.acapulcopress.com\/index.php\/2026\/01\/29\/piden-jornada-laboral-flexible-para-cuidadores-de-menores-con-discapacidad\/","title":{"rendered":"Piden jornada laboral flexible para cuidadores de menores con discapacidad"},"content":{"rendered":"<p>CHILPANCINGO * 29 de enero, 2026.<br \/>\n<em>) LXIV Legislatura | Guerrero<\/em><br \/>\nEl diputado <strong>Jes\u00fas Parra Garc\u00eda<\/strong> present\u00f3 dos iniciativas para garantizar a madres, padres y tutores de ni\u00f1as, ni\u00f1os y adolescentes con discapacidad, enfermedad grave o condici\u00f3n de neurodesarrollo el acceso a una jornada laboral flexible y a permisos con goce \u00edntegro de salario, sin afectar sus prestaciones ni su estabilidad laboral.<\/p>\n<p>El diputado explic\u00f3 en tribuna que ambas propuestas buscan atender una realidad que enfrentan miles de familias guerrerenses, donde madres, padres o tutores deben ajustar su vida laboral para brindar cuidados, terapias, consultas m\u00e9dicas y tratamientos especializados a sus hijas e hijos, muchas veces sin contar con apoyos institucionales suficientes, lo que en numerosas ocasiones obliga a renunciar al empleo o reducir ingresos, afectando directamente la econom\u00eda familiar y el desarrollo integral de las y los menores.<\/p>\n<p>Inform\u00f3 que, de acuerdo con la <em>Encuesta Nacional de Ingresos y Gastos de los Hogares 2024<\/em>, en M\u00e9xico m\u00e1s de 9.5 millones de personas viven con alguna discapacidad, y que en Guerrero, seg\u00fan el Censo 2020, el 6.6 por ciento de la poblaci\u00f3n de 0 a 17 a\u00f1os presenta alguna discapacidad, lo que equivale a m\u00e1s de 82 mil ni\u00f1as, ni\u00f1os y adolescentes. Esta situaci\u00f3n coloca a la entidad entre las once con mayor poblaci\u00f3n infantil con discapacidad y refuerza la urgencia de adoptar medidas legislativas que garanticen su derecho al cuidado y a la atenci\u00f3n integral.<\/p>\n<p>Explic\u00f3 que las personas con alg\u00fan tipo de discapacidad o condici\u00f3n del neurodesarrollo suelen enfrentar limitaciones para valerse por s\u00ed mismas, derivadas de la naturaleza de su padecimiento; sin embargo, esta circunstancia afecta principalmente a ni\u00f1as, ni\u00f1os y adolescentes, quienes requieren del apoyo de sus madres, padres o tutores como cuidadores primarios para recibir el tratamiento adecuado y necesario conforme a su condici\u00f3n.<\/p>\n<p>Por ello, el legislador refiri\u00f3 que las iniciativas de modificaci\u00f3n a las leyes pretenden reconocer el derecho humano al cuidado y establecer con claridad que las personas trabajadoras del servicio p\u00fablico responsables de ni\u00f1as, ni\u00f1os o adolescentes con discapacidad, enfermedad grave o condici\u00f3n del neurodesarrollo accedan legalmente a esquemas de flexibilidad laboral y a permisos con goce \u00edntegro de salario, sin que ello implique la p\u00e9rdida de derechos laborales, antig\u00fcedad o prestaciones.<\/p>\n<p>Las iniciativas de reforma y adici\u00f3n a la Ley del Trabajo de los Servidores P\u00fablicos del Estado y a la Ley 51, Estatuto de los Trabajadores al Servicio del Estado, de los Municipios y de los Organismos P\u00fablicos Coordinados y Descentralizados del Estado, fueron turnadas a la Comisi\u00f3n de Desarrollo Econ\u00f3mico y Trabajo para su an\u00e1lisis y dictaminaci\u00f3n.<br \/>\n<em>* )\u00a0<a class=\"x1fey0fg xmper1u x1edh9d7\" href=\"https:\/\/fb.me\/steparious\" target=\"_blank\" rel=\"noopener\">fb.me\/steparious<\/a>\u00a0| * )\u00a0<a class=\"x1fey0fg xmper1u x1edh9d7\" href=\"https:\/\/fb.me\/acapulcopress\" target=\"_blank\" rel=\"noopener\">fb.me\/acapulcopress<\/a><\/em><\/p>\n","protected":false},"excerpt":{"rendered":"<p>CHILPANCINGO * 29 de enero, 2026. ) LXIV Legislatura | Guerrero El diputado Jes\u00fas Parra Garc\u00eda present\u00f3 dos iniciativas para garantizar a madres, padres y tutores de ni\u00f1as, ni\u00f1os y adolescentes con discapacidad, enfermedad grave o condici\u00f3n de neurodesarrollo el acceso a una jornada laboral flexible y a permisos con goce \u00edntegro de salario, sin&#8230;<\/p>\n","protected":false},"author":1,"featured_media":1262716,"comment_status":"closed","ping_status":"open","sticky":false,"template":"","format":"standard","meta":{"footnotes":""},"categories":[2037,61],"tags":[19150,10743,12256],"class_list":["post-1262715","post","type-post","status-publish","format-standard","has-post-thumbnail","hentry","category-congreso-de-guerrero","category-legislacion","tag-encuesta-nacional-de-ingresos-y-gastos-de-los-hogares-2024","tag-jesus-parra-garcia","tag-lxiv-legislatura-guerrero"],"_links":{"self":[{"href":"https:\/\/www.acapulcopress.com\/index.php\/wp-json\/wp\/v2\/posts\/1262715","targetHints":{"allow":["GET"]}}],"collection":[{"href":"https:\/\/www.acapulcopress.com\/index.php\/wp-json\/wp\/v2\/posts"}],"about":[{"href":"https:\/\/www.acapulcopress.com\/index.php\/wp-json\/wp\/v2\/types\/post"}],"author":[{"embeddable":true,"href":"https:\/\/www.acapulcopress.com\/index.php\/wp-json\/wp\/v2\/users\/1"}],"replies":[{"embeddable":true,"href":"https:\/\/www.acapulcopress.com\/index.php\/wp-json\/wp\/v2\/comments?post=1262715"}],"version-history":[{"count":1,"href":"https:\/\/www.acapulcopress.com\/index.php\/wp-json\/wp\/v2\/posts\/1262715\/revisions"}],"predecessor-version":[{"id":1262717,"href":"https:\/\/www.acapulcopress.com\/index.php\/wp-json\/wp\/v2\/posts\/1262715\/revisions\/1262717"}],"wp:featuredmedia":[{"embeddable":true,"href":"https:\/\/www.acapulcopress.com\/index.php\/wp-json\/wp\/v2\/media\/1262716"}],"wp:attachment":[{"href":"https:\/\/www.acapulcopress.com\/index.php\/wp-json\/wp\/v2\/media?parent=1262715"}],"wp:term":[{"taxonomy":"category","embeddable":true,"href":"https:\/\/www.acapulcopress.com\/index.php\/wp-json\/wp\/v2\/categories?post=1262715"},{"taxonomy":"post_tag","embeddable":true,"href":"https:\/\/www.acapulcopress.com\/index.php\/wp-json\/wp\/v2\/tags?post=1262715"}],"curies":[{"name":"wp","href":"https:\/\/api.w.org\/{rel}","templated":true}]}}