{"id":1262718,"date":"2026-01-29T16:29:28","date_gmt":"2026-01-29T22:29:28","guid":{"rendered":"https:\/\/www.acapulcopress.com\/?p=1262718"},"modified":"2026-01-29T16:29:28","modified_gmt":"2026-01-29T22:29:28","slug":"ue-declara-organizacion-terrorista-a-guardia-revolucionaria-islamica-de-iran","status":"publish","type":"post","link":"https:\/\/www.acapulcopress.com\/index.php\/2026\/01\/29\/ue-declara-organizacion-terrorista-a-guardia-revolucionaria-islamica-de-iran\/","title":{"rendered":"UE declara \u00aborganizaci\u00f3n terrorista\u00bb a Guardia Revolucionaria Isl\u00e1mica de Ir\u00e1n"},"content":{"rendered":"<p>BRUSELAS * 29 de enero, 2026.<br \/>\n<em>) T<a href=\"https:\/\/www.trtespanol.com\/article\/e0cac4e948d2\" target=\"_blank\" rel=\"noopener\">RT Espa\u00f1ol | Agencias<\/a><br \/>\n<\/em>Los Estados miembros de la<em> Uni\u00f3n Europea<\/em> han alcanzado un acuerdo pol\u00edtico para designar a la <em>Guardia Revolucionaria Isl\u00e1mica de Ir\u00e1n<\/em> como \u201corganizaci\u00f3n terrorista\u201d, seg\u00fan anunci\u00f3 este jueves la jefa de la diplomacia comunitaria.<\/p>\n<p>En este contexto, <strong>Kaja Kallas<\/strong> afirm\u00f3 que \u201cla represi\u00f3n no puede quedar sin respuesta\u201d y subray\u00f3 que los ministros de Exteriores de la UE hab\u00edan dado \u201cun paso decisivo\u201d al adoptar esta medida, tal y como escribi\u00f3 en la red social <em>X<\/em>. Estas declaraciones se produjeron, adem\u00e1s, mientras los responsables de Exteriores de los Estados miembros manten\u00edan conversaciones en Bruselas.<\/p>\n<p>A su vez, la presidenta de la <em>Comisi\u00f3n Europea<\/em>,<strong> Ursula von der Leyen<\/strong>, celebr\u00f3 el acuerdo pol\u00edtico y lo calific\u00f3 de \u201clargamente esperado\u201d, reforzando as\u00ed el mensaje de unidad dentro del bloque comunitario.<\/p>\n<p>De manera paralela, la UE aprob\u00f3 prohibiciones de visado y la congelaci\u00f3n de activos contra 21 entidades estatales y altos cargos iran\u00edes. Entre los afectados figuran el ministro del Interior, el fiscal general y varios comandantes regionales del <em>Cuerpo de Guardianes de la Revoluci\u00f3n Isl\u00e1mica.<\/em><\/p>\n<p>En contraste, las Fuerzas Armadas iran\u00edes reaccionaron con dureza a la decisi\u00f3n europea y la calificaron de \u201cirresponsable y motivada por el rencor\u201d. Asimismo, aunque la medida tiene un car\u00e1cter en gran parte simb\u00f3lico, Teher\u00e1n ya ha advertido de que tendr\u00e1 \u201cconsecuencias destructivas\u201d.<\/p>\n<p><strong>Tensi\u00f3n y advertencias cruzadas<\/strong><\/p>\n<p>Todo ello ocurre en un momento de fuerte agitaci\u00f3n interna en Ir\u00e1n. Desde el 28 de diciembre, el pa\u00eds se ha visto sacudido por oleadas de protestas que comenzaron en el Gran Bazar de Teher\u00e1n, a ra\u00edz de la fuerte depreciaci\u00f3n del rial iran\u00ed y el empeoramiento de las condiciones econ\u00f3micas. Posteriormente, las manifestaciones se extendieron a varias ciudades del pa\u00eds.<\/p>\n<p>En relaci\u00f3n con estos hechos, las autoridades iran\u00edes reconocen que miles de personas murieron durante las protestas y sit\u00faan el balance en m\u00e1s de 3.000 fallecidos. No obstante, sostienen que la mayor\u00eda eran miembros de las fuerzas de seguridad o transe\u00fantes muertos a manos de \u201calborotadores\u201d.<\/p>\n<p>Sin embargo, seg\u00fan inform\u00f3 esta semana un grupo de derechos humanos con sede en Estados Unidos, al menos 6.126 personas han muerto en protestas en todo Ir\u00e1n.<\/p>\n<p>En el plano internacional, Teher\u00e1n ha acusado a Estados Unidos e Israel de respaldar a \u201calborotadores armados\u201d con el fin de crear un pretexto para una intervenci\u00f3n extranjera. Al mismo tiempo, ha advertido de que cualquier ataque estadounidense provocar\u00eda una respuesta \u201cr\u00e1pida y contundente\u201d.<\/p>\n<p>En este marco de creciente tensi\u00f3n, el presidente de Estados Unidos, <strong>Donald Trump<\/strong>, ha instado a Ir\u00e1n a sentarse a negociar un acuerdo sobre armas nucleares o, de lo contrario, enfrentarse a un posible ataque estadounidense.<\/p>\n<p>Con todo, el impacto pr\u00e1ctico de la decisi\u00f3n europea podr\u00eda ser limitado, ya que tanto el Cuerpo de Guardianes de la Revoluci\u00f3n Isl\u00e1mica en su conjunto como sus altos mandos ya est\u00e1n sujetos a sanciones de la UE, lo que reduce el alcance real de su inclusi\u00f3n en la lista de organizaciones terroristas.<br \/>\n<em>* )\u00a0<a class=\"x1fey0fg xmper1u x1edh9d7\" href=\"https:\/\/fb.me\/steparious\" target=\"_blank\" rel=\"noopener\">fb.me\/steparious<\/a>\u00a0| * )\u00a0<a class=\"x1fey0fg xmper1u x1edh9d7\" href=\"https:\/\/fb.me\/acapulcopress\" target=\"_blank\" rel=\"noopener\">fb.me\/acapulcopress<\/a><\/em><\/p>\n","protected":false},"excerpt":{"rendered":"<p>BRUSELAS * 29 de enero, 2026. ) TRT Espa\u00f1ol | Agencias Los Estados miembros de la Uni\u00f3n Europea han alcanzado un acuerdo pol\u00edtico para designar a la Guardia Revolucionaria Isl\u00e1mica de Ir\u00e1n como \u201corganizaci\u00f3n terrorista\u201d, seg\u00fan anunci\u00f3 este jueves la jefa de la diplomacia comunitaria. En este contexto, Kaja Kallas afirm\u00f3 que \u201cla represi\u00f3n no&#8230;<\/p>\n","protected":false},"author":1,"featured_media":1262719,"comment_status":"closed","ping_status":"open","sticky":false,"template":"","format":"standard","meta":{"footnotes":""},"categories":[2010],"tags":[18353,7450,19151,19152,17595,17687],"class_list":["post-1262718","post","type-post","status-publish","format-standard","has-post-thumbnail","hentry","category-sociedad","tag-comision-europea","tag-donald-trump","tag-guardia-revolucionaria-islamica-de-iran","tag-kaja-kallas","tag-union-europea","tag-ursula-von-der-leyen"],"_links":{"self":[{"href":"https:\/\/www.acapulcopress.com\/index.php\/wp-json\/wp\/v2\/posts\/1262718","targetHints":{"allow":["GET"]}}],"collection":[{"href":"https:\/\/www.acapulcopress.com\/index.php\/wp-json\/wp\/v2\/posts"}],"about":[{"href":"https:\/\/www.acapulcopress.com\/index.php\/wp-json\/wp\/v2\/types\/post"}],"author":[{"embeddable":true,"href":"https:\/\/www.acapulcopress.com\/index.php\/wp-json\/wp\/v2\/users\/1"}],"replies":[{"embeddable":true,"href":"https:\/\/www.acapulcopress.com\/index.php\/wp-json\/wp\/v2\/comments?post=1262718"}],"version-history":[{"count":1,"href":"https:\/\/www.acapulcopress.com\/index.php\/wp-json\/wp\/v2\/posts\/1262718\/revisions"}],"predecessor-version":[{"id":1262720,"href":"https:\/\/www.acapulcopress.com\/index.php\/wp-json\/wp\/v2\/posts\/1262718\/revisions\/1262720"}],"wp:featuredmedia":[{"embeddable":true,"href":"https:\/\/www.acapulcopress.com\/index.php\/wp-json\/wp\/v2\/media\/1262719"}],"wp:attachment":[{"href":"https:\/\/www.acapulcopress.com\/index.php\/wp-json\/wp\/v2\/media?parent=1262718"}],"wp:term":[{"taxonomy":"category","embeddable":true,"href":"https:\/\/www.acapulcopress.com\/index.php\/wp-json\/wp\/v2\/categories?post=1262718"},{"taxonomy":"post_tag","embeddable":true,"href":"https:\/\/www.acapulcopress.com\/index.php\/wp-json\/wp\/v2\/tags?post=1262718"}],"curies":[{"name":"wp","href":"https:\/\/api.w.org\/{rel}","templated":true}]}}