{"id":1262721,"date":"2026-01-29T17:19:31","date_gmt":"2026-01-29T23:19:31","guid":{"rendered":"https:\/\/www.acapulcopress.com\/?p=1262721"},"modified":"2026-01-29T17:26:08","modified_gmt":"2026-01-29T23:26:08","slug":"guerrero-tercer-lugar-nacional-con-mayores-avances-en-actividad-economica","status":"publish","type":"post","link":"https:\/\/www.acapulcopress.com\/index.php\/2026\/01\/29\/guerrero-tercer-lugar-nacional-con-mayores-avances-en-actividad-economica\/","title":{"rendered":"Guerrero, tercer lugar nacional con mayores avances en actividad econ\u00f3mica"},"content":{"rendered":"<p>CHILPANCINGO * 29 de enero, 2026.<br \/>\n<em>) INEGI<\/em><br \/>\n<a href=\"https:\/\/www.acapulcopress.com\/wp-content\/uploads\/2026\/01\/GRO.INEGI3_.jpeg\"><img loading=\"lazy\" decoding=\"async\" class=\"alignleft wp-image-1262724 size-cmsmasters-square-thumb\" src=\"https:\/\/www.acapulcopress.com\/wp-content\/uploads\/2026\/01\/GRO.INEGI3_-360x360.jpeg\" alt=\"\" width=\"360\" height=\"360\" srcset=\"https:\/\/www.acapulcopress.com\/wp-content\/uploads\/2026\/01\/GRO.INEGI3_-360x360.jpeg 360w, https:\/\/www.acapulcopress.com\/wp-content\/uploads\/2026\/01\/GRO.INEGI3_-150x150.jpeg 150w, https:\/\/www.acapulcopress.com\/wp-content\/uploads\/2026\/01\/GRO.INEGI3_-70x70.jpeg 70w\" sizes=\"auto, (max-width: 360px) 100vw, 360px\" \/><\/a>Como resultado de las pol\u00edticas p\u00fablicas de fomento al empleo y vinculaci\u00f3n laboral impulsadas por la gobernadora <strong>Evelyn Salgado Pineda<\/strong>, Guerrero se posicion\u00f3 entre las entidades federativas con mayor crecimiento econ\u00f3mico del pa\u00eds durante el tercer trimestre de 2025, inform\u00f3 el secretario del <em>Trabajo y Previsi\u00f3n Social,<\/em> <strong>Omar Estrada Bustos<\/strong>, con base en datos del <em>Indicador Trimestral de la Actividad Econ\u00f3mica Estatal (ITAEE)<\/em> del <em>Instituto Nacional de Estad\u00edstica y Geograf\u00eda (INEGI)<\/em>.<\/p>\n<p>El titular de la STyPS destac\u00f3 que Guerrero registr\u00f3 avances m\u00e1s sobresalientes en su actividad econ\u00f3mica durante el tercer trimestre de 2025, en este periodo, el estado present\u00f3 una variaci\u00f3n porcentual real del 3.4% respecto al tercer trimestre de 2024, coloc\u00e1ndose en el tercer lugar a nivel nacional y en el primer lugar en la variaci\u00f3n anual de las actividades terciarias, sector que concentra los servicios como comercio, turismo, transporte, comunicaciones, finanzas, educaci\u00f3n y salud, y que representa el mayor generador de empleo y aportaci\u00f3n al Producto Interno Bruto del pa\u00eds.<\/p>\n<p>Se\u00f1al\u00f3 que este resultado refleja el impacto positivo de las acciones implementadas por la Secretar\u00eda del Trabajo y Previsi\u00f3n Social, en coordinaci\u00f3n con el Servicio Nacional de Empleo, mediante estrategias de vinculaci\u00f3n laboral, ferias de empleo, jornadas de reclutamiento, capacitaci\u00f3n y atenci\u00f3n directa a personas buscadoras de empleo y al sector productivo.<\/p>\n<p><a href=\"https:\/\/www.acapulcopress.com\/wp-content\/uploads\/2026\/01\/GRO.INEGI4_.jpeg\"><img loading=\"lazy\" decoding=\"async\" class=\"alignleft wp-image-1262725 size-medium\" src=\"https:\/\/www.acapulcopress.com\/wp-content\/uploads\/2026\/01\/GRO.INEGI4_-300x200.jpeg\" alt=\"\" width=\"300\" height=\"200\" srcset=\"https:\/\/www.acapulcopress.com\/wp-content\/uploads\/2026\/01\/GRO.INEGI4_-300x200.jpeg 300w, https:\/\/www.acapulcopress.com\/wp-content\/uploads\/2026\/01\/GRO.INEGI4_-1024x682.jpeg 1024w, https:\/\/www.acapulcopress.com\/wp-content\/uploads\/2026\/01\/GRO.INEGI4_-768x512.jpeg 768w, https:\/\/www.acapulcopress.com\/wp-content\/uploads\/2026\/01\/GRO.INEGI4_-1536x1023.jpeg 1536w, https:\/\/www.acapulcopress.com\/wp-content\/uploads\/2026\/01\/GRO.INEGI4_-580x386.jpeg 580w, https:\/\/www.acapulcopress.com\/wp-content\/uploads\/2026\/01\/GRO.INEGI4_-860x573.jpeg 860w, https:\/\/www.acapulcopress.com\/wp-content\/uploads\/2026\/01\/GRO.INEGI4_-1160x773.jpeg 1160w, https:\/\/www.acapulcopress.com\/wp-content\/uploads\/2026\/01\/GRO.INEGI4_-1320x879.jpeg 1320w, https:\/\/www.acapulcopress.com\/wp-content\/uploads\/2026\/01\/GRO.INEGI4_.jpeg 1600w\" sizes=\"auto, (max-width: 300px) 100vw, 300px\" \/><\/a>Estrada Bustos afirm\u00f3 que el gobierno del estado impulsa de manera permanente el fortalecimiento del mercado laboral como eje del desarrollo econ\u00f3mico y social, promoviendo empleos formales, mejores condiciones de trabajo y mayores oportunidades para las y los guerrerenses.<br \/>\nCon una pol\u00edtica laboral cercana a la gente y orientada a resultados, la administraci\u00f3n estatal consolida al empleo como motor del crecimiento econ\u00f3mico, contribuyendo a la transformaci\u00f3n y bienestar de Guerrero.<br \/>\n<em>* )\u00a0<a class=\"x1fey0fg xmper1u x1edh9d7\" href=\"https:\/\/fb.me\/steparious\" target=\"_blank\" rel=\"noopener\">fb.me\/steparious<\/a>\u00a0| * )\u00a0<a class=\"x1fey0fg xmper1u x1edh9d7\" href=\"https:\/\/fb.me\/acapulcopress\" target=\"_blank\" rel=\"noopener\">fb.me\/acapulcopress<\/a><\/em><\/p>\n","protected":false},"excerpt":{"rendered":"<p>CHILPANCINGO * 29 de enero, 2026. ) INEGI Como resultado de las pol\u00edticas p\u00fablicas de fomento al empleo y vinculaci\u00f3n laboral impulsadas por la gobernadora Evelyn Salgado Pineda, Guerrero se posicion\u00f3 entre las entidades federativas con mayor crecimiento econ\u00f3mico del pa\u00eds durante el tercer trimestre de 2025, inform\u00f3 el secretario del Trabajo y Previsi\u00f3n Social,&#8230;<\/p>\n","protected":false},"author":1,"featured_media":1262722,"comment_status":"closed","ping_status":"open","sticky":false,"template":"","format":"standard","meta":{"footnotes":""},"categories":[1980,1983],"tags":[8251,18873,10309,13935],"class_list":["post-1262721","post","type-post","status-publish","format-standard","has-post-thumbnail","hentry","category-goverment-2","category-guerrerogob","tag-evelyn-salgado-pineda","tag-indicador-trimestral-de-la-actividad-economica-estatal-itaee","tag-instituto-nacional-de-estadistica-y-geografia-inegi","tag-omar-estrada-bustos"],"_links":{"self":[{"href":"https:\/\/www.acapulcopress.com\/index.php\/wp-json\/wp\/v2\/posts\/1262721","targetHints":{"allow":["GET"]}}],"collection":[{"href":"https:\/\/www.acapulcopress.com\/index.php\/wp-json\/wp\/v2\/posts"}],"about":[{"href":"https:\/\/www.acapulcopress.com\/index.php\/wp-json\/wp\/v2\/types\/post"}],"author":[{"embeddable":true,"href":"https:\/\/www.acapulcopress.com\/index.php\/wp-json\/wp\/v2\/users\/1"}],"replies":[{"embeddable":true,"href":"https:\/\/www.acapulcopress.com\/index.php\/wp-json\/wp\/v2\/comments?post=1262721"}],"version-history":[{"count":1,"href":"https:\/\/www.acapulcopress.com\/index.php\/wp-json\/wp\/v2\/posts\/1262721\/revisions"}],"predecessor-version":[{"id":1262726,"href":"https:\/\/www.acapulcopress.com\/index.php\/wp-json\/wp\/v2\/posts\/1262721\/revisions\/1262726"}],"wp:featuredmedia":[{"embeddable":true,"href":"https:\/\/www.acapulcopress.com\/index.php\/wp-json\/wp\/v2\/media\/1262722"}],"wp:attachment":[{"href":"https:\/\/www.acapulcopress.com\/index.php\/wp-json\/wp\/v2\/media?parent=1262721"}],"wp:term":[{"taxonomy":"category","embeddable":true,"href":"https:\/\/www.acapulcopress.com\/index.php\/wp-json\/wp\/v2\/categories?post=1262721"},{"taxonomy":"post_tag","embeddable":true,"href":"https:\/\/www.acapulcopress.com\/index.php\/wp-json\/wp\/v2\/tags?post=1262721"}],"curies":[{"name":"wp","href":"https:\/\/api.w.org\/{rel}","templated":true}]}}