{"id":1262732,"date":"2026-01-29T18:20:59","date_gmt":"2026-01-30T00:20:59","guid":{"rendered":"https:\/\/www.acapulcopress.com\/?p=1262732"},"modified":"2026-01-29T18:22:54","modified_gmt":"2026-01-30T00:22:54","slug":"eu-anuncia-aranceles-a-paises-que-vendan-o-proporcionen-petroleo-a-cuba","status":"publish","type":"post","link":"https:\/\/www.acapulcopress.com\/index.php\/2026\/01\/29\/eu-anuncia-aranceles-a-paises-que-vendan-o-proporcionen-petroleo-a-cuba\/","title":{"rendered":"EU anuncia aranceles a pa\u00edses que proporcionen petr\u00f3leo a Cuba"},"content":{"rendered":"<p>WASHINTON * 29 de enero, 2026.<br \/>\n<em>) <a href=\"https:\/\/latinus.us\/eu\/2026\/1\/29\/trump-anuncia-aranceles-las-importaciones-de-paises-que-suministren-petroleo-cuba-163165.html\" target=\"_blank\" rel=\"noopener\">Efe<\/a><br \/>\n<\/em>El presidente estadounidense, <strong>Donald Trump<\/strong>, firm\u00f3 este jueves una orden ejecutiva que establece que Estados Unidos podr\u00e1 imponer aranceles a los bienes procedentes de pa\u00edses que vendan o proporcionen petr\u00f3leo a Cuba. \u201cConsidero que la situaci\u00f3n con respecto a Cuba constituye una amenaza inusual y extraordinaria para la seguridad nacional y la pol\u00edtica exterior de Estados Unidos, y por la presente declaro una emergencia nacional con respecto a esa amenaza\u201d, argument\u00f3 el mandatario en la orden ejecutiva.<\/p>\n<p>Seg\u00fan la medida, para hacer frente a esta situaci\u00f3n es \u201cnecesario\u201d establecer un sistema arancelario, bajo el cual se podr\u00e1 imponer un gravamen adicional a las importaciones de productos de pa\u00edses extranjeros que, \u201cdirecta o indirectamente\u201d, vendan o suministren crudo a Cuba.<\/p>\n<p>El secretario de Comercio de Estados Unidos, <strong>Howard Lutnick<\/strong>, determinar\u00e1 si un pa\u00eds vende o suministra petr\u00f3leo a Cuba, y posteriormente el secretario de Estado, <strong>Marco Rubio<\/strong>, decidir\u00e1 si se debe imponer y en qu\u00e9 medida un gravamen adicional sobre los productos de dicha naci\u00f3n.<\/p>\n<p>Trump ha sostenido con anterioridad que el Gobierno cubano tiene los d\u00edas contados desde el ataque de Estados Unidos a Venezuela del pasado 3 de noviembre, que se sald\u00f3 con la captura de Maduro y de su esposa, Cilia Flores, que ahora afrontan cargos por narcotr\u00e1fico en Nueva York.<\/p>\n<p>Washington considera que el fin del env\u00edo de crudo venezolano a la isla provocar\u00e1 un cambio de r\u00e9gimen en Cuba, pa\u00eds afectado por una grave crisis econ\u00f3mica y social.<br \/>\n<em>* )\u00a0<a class=\"x1fey0fg xmper1u x1edh9d7\" href=\"https:\/\/fb.me\/steparious\" target=\"_blank\" rel=\"noopener\">fb.me\/steparious<\/a>\u00a0| * )\u00a0<a class=\"x1fey0fg xmper1u x1edh9d7\" href=\"https:\/\/fb.me\/acapulcopress\" target=\"_blank\" rel=\"noopener\">fb.me\/acapulcopress<\/a><\/em><\/p>\n","protected":false},"excerpt":{"rendered":"<p>WASHINTON * 29 de enero, 2026. ) Efe El presidente estadounidense, Donald Trump, firm\u00f3 este jueves una orden ejecutiva que establece que Estados Unidos podr\u00e1 imponer aranceles a los bienes procedentes de pa\u00edses que vendan o proporcionen petr\u00f3leo a Cuba. \u201cConsidero que la situaci\u00f3n con respecto a Cuba constituye una amenaza inusual y extraordinaria para&#8230;<\/p>\n","protected":false},"author":1,"featured_media":1262733,"comment_status":"closed","ping_status":"open","sticky":false,"template":"","format":"standard","meta":{"footnotes":""},"categories":[1997],"tags":[7450,19153,12489],"class_list":["post-1262732","post","type-post","status-publish","format-standard","has-post-thumbnail","hentry","category-noticias-destacadas","tag-donald-trump","tag-howard-lutnick","tag-marco-rubio"],"_links":{"self":[{"href":"https:\/\/www.acapulcopress.com\/index.php\/wp-json\/wp\/v2\/posts\/1262732","targetHints":{"allow":["GET"]}}],"collection":[{"href":"https:\/\/www.acapulcopress.com\/index.php\/wp-json\/wp\/v2\/posts"}],"about":[{"href":"https:\/\/www.acapulcopress.com\/index.php\/wp-json\/wp\/v2\/types\/post"}],"author":[{"embeddable":true,"href":"https:\/\/www.acapulcopress.com\/index.php\/wp-json\/wp\/v2\/users\/1"}],"replies":[{"embeddable":true,"href":"https:\/\/www.acapulcopress.com\/index.php\/wp-json\/wp\/v2\/comments?post=1262732"}],"version-history":[{"count":2,"href":"https:\/\/www.acapulcopress.com\/index.php\/wp-json\/wp\/v2\/posts\/1262732\/revisions"}],"predecessor-version":[{"id":1262735,"href":"https:\/\/www.acapulcopress.com\/index.php\/wp-json\/wp\/v2\/posts\/1262732\/revisions\/1262735"}],"wp:featuredmedia":[{"embeddable":true,"href":"https:\/\/www.acapulcopress.com\/index.php\/wp-json\/wp\/v2\/media\/1262733"}],"wp:attachment":[{"href":"https:\/\/www.acapulcopress.com\/index.php\/wp-json\/wp\/v2\/media?parent=1262732"}],"wp:term":[{"taxonomy":"category","embeddable":true,"href":"https:\/\/www.acapulcopress.com\/index.php\/wp-json\/wp\/v2\/categories?post=1262732"},{"taxonomy":"post_tag","embeddable":true,"href":"https:\/\/www.acapulcopress.com\/index.php\/wp-json\/wp\/v2\/tags?post=1262732"}],"curies":[{"name":"wp","href":"https:\/\/api.w.org\/{rel}","templated":true}]}}