{"id":1262736,"date":"2026-01-30T07:49:57","date_gmt":"2026-01-30T13:49:57","guid":{"rendered":"https:\/\/www.acapulcopress.com\/?p=1262736"},"modified":"2026-01-30T08:18:52","modified_gmt":"2026-01-30T14:18:52","slug":"zamora-abelina-luna-de-miel-casual-o-de-causualidad","status":"publish","type":"post","link":"https:\/\/www.acapulcopress.com\/index.php\/2026\/01\/30\/zamora-abelina-luna-de-miel-casual-o-de-causualidad\/","title":{"rendered":"Zamora\/Abelina | \u00bf&#8217;Luna de miel casual&#8217; o de causualidad?"},"content":{"rendered":"<p><strong>Quiz\u00e1 este art\u00edculo contenga margen porcentual de errores o imprecisiones del 1 punto, pues a veces los datos y las fuentes de informaci\u00f3n no suelen ser tan certeros como se espera; lo cierto es que en un 99 por ciento, todo lo dem\u00e1s tiene sustento oficial y coherencia l\u00f3gica en hechos y testimonios recabados de entrevistas y an\u00e9cdotas contadas por personajes afines al protagonista de esta historia, muchas de las cuales se hayan registradas tanto en noticias ya publicadas en medios digitales y redes sociales, como en videoentrevistas realizadas en vivo.<\/strong><br \/>\n<em><br \/>\nA Contraluz | Sarcasmo y pol\u00edtica sin filtros<\/em><br \/>\n) <a href=\"https:\/\/www.facebook.com\/brujochiripero\" target=\"_blank\" rel=\"noopener\"><strong>El Brujo Chiripero<\/strong><\/a><\/p>\n<p>El 3 de agosto del 2023 fue el encargado de coordinar a los transportistas de Acapulco y algunas regiones costeras de Guerrero a favor de <a href=\"https:\/\/www.acapulcopress.com\/wp-content\/uploads\/2026\/01\/zamora-y-ebrard.jpeg\"><img loading=\"lazy\" decoding=\"async\" class=\"alignleft wp-image-1262744 size-medium\" src=\"https:\/\/www.acapulcopress.com\/wp-content\/uploads\/2026\/01\/zamora-y-ebrard-300x225.jpeg\" alt=\"\" width=\"300\" height=\"225\" srcset=\"https:\/\/www.acapulcopress.com\/wp-content\/uploads\/2026\/01\/zamora-y-ebrard-300x225.jpeg 300w, https:\/\/www.acapulcopress.com\/wp-content\/uploads\/2026\/01\/zamora-y-ebrard.jpeg 573w\" sizes=\"auto, (max-width: 300px) 100vw, 300px\" \/><\/a><strong><span class=\"xv78j7m\" spellcheck=\"false\">Marcelo Ebrard<\/span><\/strong>, expadrino pol\u00edtico de la alcaldesa <strong><span class=\"xv78j7m\" spellcheck=\"false\">Abelina L\u00f3pez Rodr\u00edguez<\/span><\/strong>, cuando el &#8216;corcholato&#8217; buscaba la candidatura de Morena a la Presidencia de M\u00e9xico.<\/p>\n<p>Fue uno de los propios transportistas &#8211;de nombre<strong> Rogelio Hern\u00e1ndez Cruz<\/strong>&#8212; quien revel\u00f3 que <strong>Jes\u00fas Zamora Cervantes<\/strong>, empresario y \u00abpresidente\u00bb (sic) de la <em>Mesa de Infraestructura del Consejo Consultivo de Turismo del Estado de Guerrero\u00bb<\/em> &#8211;dependiente de la <em><span class=\"xv78j7m\" spellcheck=\"false\">Sectur Guerrero<\/span><\/em>, dice \u00e9l&#8211;, fue comisionado directamente por Abelina L\u00f3pez para operar a su nombre e, inclusive, le entreg\u00f3 los recursos suficientes para la renta del local y el acarreo de transportistas. (Durante el evento, realizado por el \u00e1rea del <em>Viaducto Diamante<\/em> (o Metlapil), se vio em horarios h\u00e1biles de trabajo al exsecretario general del ayuntamiento, <strong>Jos\u00e9 Juan Ayala Villase\u00f1or<\/strong>, y al entonces director de <em>Comunicaci\u00f3n Social<\/em>, <strong>Javier Octavio Le\u00f3n Rubio<\/strong>, entre otros empleados del ayuntamiento, coadyuvando en el evento).<\/p>\n<p>El empresario acapulque\u00f1o y f\u00e9rreo defensor de los prestadores de servicios de playa era, entonces, casi el &#8216;brazo derecho&#8217; de Abelina.<\/p>\n<p><a href=\"https:\/\/www.acapulcopress.com\/wp-content\/uploads\/2026\/01\/zamorin.jpeg\"><img loading=\"lazy\" decoding=\"async\" class=\"alignleft wp-image-1262741 size-medium\" src=\"https:\/\/www.acapulcopress.com\/wp-content\/uploads\/2026\/01\/zamorin-300x225.jpeg\" alt=\"\" width=\"300\" height=\"225\" srcset=\"https:\/\/www.acapulcopress.com\/wp-content\/uploads\/2026\/01\/zamorin-300x225.jpeg 300w, https:\/\/www.acapulcopress.com\/wp-content\/uploads\/2026\/01\/zamorin-1024x768.jpeg 1024w, https:\/\/www.acapulcopress.com\/wp-content\/uploads\/2026\/01\/zamorin-768x576.jpeg 768w, https:\/\/www.acapulcopress.com\/wp-content\/uploads\/2026\/01\/zamorin-1536x1152.jpeg 1536w, https:\/\/www.acapulcopress.com\/wp-content\/uploads\/2026\/01\/zamorin-580x435.jpeg 580w, https:\/\/www.acapulcopress.com\/wp-content\/uploads\/2026\/01\/zamorin-860x645.jpeg 860w, https:\/\/www.acapulcopress.com\/wp-content\/uploads\/2026\/01\/zamorin-1160x870.jpeg 1160w, https:\/\/www.acapulcopress.com\/wp-content\/uploads\/2026\/01\/zamorin-1320x990.jpeg 1320w, https:\/\/www.acapulcopress.com\/wp-content\/uploads\/2026\/01\/zamorin.jpeg 1600w\" sizes=\"auto, (max-width: 300px) 100vw, 300px\" \/><\/a>\u00abElla (le) conced\u00eda o daba todo lo que le pidiera\u00bb, se jactaba \u00e9l, porque como \u00abasesor\u00bb, era el \u00abmejor\u00bb. A nadie m\u00e1s hac\u00eda caso que a \u00e9l, presum\u00eda, ufano, con sonrisa amplia.<\/p>\n<p>De hecho, a Zamora se le lleg\u00f3 a conocer como \u00abEl Gladiador\u00bb o \u00abMediador\u00bb de Abelina para lidiar con opositores a su gobierno, presiones al Estado y apaciguar a periodistas que tra\u00edan en jaque a la alcaldesa.<\/p>\n<p>Pero de la noche a la ma\u00f1ana se distanciaron, a grado tal que Zamora ya otorgaba entrevistas de prensa en las cuales ya no le importaba mencionar a su otrora \u00abamiga\u00bb.<\/p>\n<p>\u00abNo entiende, es necia, no se deja ayudar\u00bb, dir\u00eda despu\u00e9s del fallido &#8216;romance&#8217;.<\/p>\n<p>Pero as\u00ed como sorpresivamente se distanciaron (porque el grupo que representaba fue olvidado por la alcaldesa que busc\u00f3 su reelecci\u00f3n en 2024, con la ayuda del &#8216;Carnal&#8217; Marcelo que con sus influencias ante AMLO de nuevo la hizo &#8216;presidenta&#8217; municipal), se volvieron <a href=\"https:\/\/www.acapulcopress.com\/wp-content\/uploads\/2026\/01\/ZAMORA-Y-ABELINA.jpeg\"><img loading=\"lazy\" decoding=\"async\" class=\"alignleft wp-image-1262749 size-medium\" src=\"https:\/\/www.acapulcopress.com\/wp-content\/uploads\/2026\/01\/ZAMORA-Y-ABELINA-300x181.jpeg\" alt=\"\" width=\"300\" height=\"181\" srcset=\"https:\/\/www.acapulcopress.com\/wp-content\/uploads\/2026\/01\/ZAMORA-Y-ABELINA-300x181.jpeg 300w, https:\/\/www.acapulcopress.com\/wp-content\/uploads\/2026\/01\/ZAMORA-Y-ABELINA-1024x618.jpeg 1024w, https:\/\/www.acapulcopress.com\/wp-content\/uploads\/2026\/01\/ZAMORA-Y-ABELINA-768x463.jpeg 768w, https:\/\/www.acapulcopress.com\/wp-content\/uploads\/2026\/01\/ZAMORA-Y-ABELINA-580x350.jpeg 580w, https:\/\/www.acapulcopress.com\/wp-content\/uploads\/2026\/01\/ZAMORA-Y-ABELINA-860x519.jpeg 860w, https:\/\/www.acapulcopress.com\/wp-content\/uploads\/2026\/01\/ZAMORA-Y-ABELINA.jpeg 1160w\" sizes=\"auto, (max-width: 300px) 100vw, 300px\" \/><\/a>reconciliaron, aunque bajo cautelosa reserva de no ser visto juntos porque el empresario a\u00fan respond\u00eda a los interese pol\u00edticos de Abelina L\u00f3pez, quien en sigilo lo us\u00f3 como &#8216;ariete&#8217; para hacer algunas presiones pol\u00edticas y sociales con ayuda de los prestadores de servicios de playas, quienes m\u00e1s de una vez tomaron las calles por una u otra raz\u00f3n que solamente su l\u00edder conoc\u00eda.<\/p>\n<p>\u00c9l siempre neg\u00f3 todo, que no respond\u00eda a \u00abintereses de ning\u00fan grupo\u00bb y que ni era \u00abni lacayo ni defensor\u00bb de Abelina L\u00f3pez.<\/p>\n<p>Es m\u00e1s, lleg\u00f3 a presumir que todo lo que hac\u00eda en defensa de Acapulco era \u00abpor amor\u00bb al puerto y que para ello no necesitaba ning\u00fan \u00abcargo en el ayuntamiento\u00bb, porque para eso trabajaba y ten\u00eda sus negocios que le daban el dinero suficiente para vivir tranquilamente.<\/p>\n<p>No obstante, Jes\u00fas Zamora Cervantes apareci\u00f3 en la <em><span class=\"xv78j7m\" spellcheck=\"false\">Plataforma Nacional de Transparencia<\/span> <\/em>a partir de la quincena del 1 de julio del 2023 (un mes antes de coordinar el evento municipal para Ebrard) con el cargo de \u00abAsesor General\u00bb del \u00abAyuntamiento de Acapulco de Ju\u00e1rez\u00bb, Guerrero.<\/p>\n<p>Su n\u00famero de empleado era el \u00ab<strong>22075<\/strong>\u00ab.<\/p>\n<p>Le fue asignado un \u00absueldo mensual bruto\u00bb de \u00ab$40 mil 003.00 pesos\u00bb, del cual, con los impuestos correspondientes cobraba \u00ab$<strong>36 mil 544.00<\/strong> pesos\u00bb.<\/p>\n<p>Tras el rompimiento con la alcaldesa en 20023, por motivos de que no fue incluido en su campa\u00f1a de reelecci\u00f3n &#8211;lo dijo textualmente as\u00ed&#8211;, Jes\u00fas Zamora volvi\u00f3 a aparecer en la n\u00f3mina del ayuntamiento, con el mismo cargo, el mismo n\u00famero de empleado, pero ahora con \u00ab$<strong>50 mil 003.00<\/strong> pesos\u00bb de sueldo mensual bruto (es decir, \u00ab$<strong>39 mil 000.00 pesos<\/strong>\u00bb libres de impuestos).<\/p>\n<p>De all\u00ed surgi\u00f3 otro repentino pero corto distanciamiento&#8230;<\/p>\n<p>La \u00abluna de miel\u00bb ya no sab\u00eda a miel&#8230;<\/p>\n<p>Por \u00abcasualidades\u00bb de la pol\u00edtica, Jes\u00fas Zamora fue reactivado con el mismo cargo y mismo n\u00famero de empleado el 1 de enero del 2025.<\/p>\n<p>\u00c9l, sin embargo, segu\u00eda argumentando que \u00e9l segu\u00eda mirando a Abelina como lo que es: la alcaldesa de Acapulco, pero ya nada los un\u00eda. Ni pol\u00edticamente, ni como amigos, y que cuando frecuentaba el ayuntamiento iba \u00aben calidad de empresario, no a pedir favores\u00bb de ninguna \u00edndole, porque para eso ten\u00eda dinero para pagar sus impuestos relacionados con sus negocios y sus propiedades.<\/p>\n<p>El 1 de enero del 2025, el empresario que estuvo en contra del \u00abMarinab\u00fas\u00bb y exig\u00eda la transparencia de sus gastos y hasta se mofaba del <em>Lanch\u00f3n de<\/em>l <em>Bienestar<\/em> de la<em> Marina <\/em>y, principalmente, contra <em>Fonatur<\/em> y su &#8216;panz\u00f3n&#8217; director, <strong>Sebasti\u00e1n Ram\u00edrez Mendoza<\/strong>, y amenazaba con emprender bloqueos para detener su operaci\u00f3n, ya que no lo consideraba &#8211;ni lo considera&#8211; un transporte p\u00fablico, sino una lancha de recreo o paseo tur\u00edstico, volvi\u00f3 a aparecer en n\u00f3mina del ayuntamiento, pero de nuevo con un sueldo bruto de \u00ab$<strong>41 mil 763.00 pesos<\/strong>\u00bb ($<strong>38 mil 079.00<\/strong>, libres de impuestos).<\/p>\n<p>Dest\u00e1quese, entre par\u00e9ntesis, que literalmente, don &#8216;Chucho&#8217; Zamora se encarg\u00f3 de difundir videos de la embarcaci\u00f3n \u00abpintada con brocha gorda\u00bb que le vino a dar a Acapulco una \u00abimagen de cuarta\u00bb, con un audio con el popular preg\u00f3n del Ropavejero que gritaba \u00abse compran colchones, refrigeradores, estufas, lavadoras y ropa vieja y toda clase de chatarra que no le sirva\u00bb.<\/p>\n<p>Ya no no se le ve mucho con Abelina L\u00f3pez, pero s\u00ed con la presidente suplente y secretaria general del ayuntamiento, \u00abLeticia Lozano Zavala\u00bb, con quien sigue luciendo feliz y reluciente mientras el ayuntamiento resuelve problemas sociales menores y dando entrevistas a diestra y siniestra, aprovechando destacar el lado humano y pol\u00edtico de sus dos patronas.<\/p>\n<p>Dijo bien <strong>Franklin D. Roosevelt<\/strong>, pol\u00edtico y expresidente de Estados Unidos (1882-1945), que \u201cen pol\u00edtica nada es casualidad\u00bb y que \u00ablos acontecimientos pol\u00edticos no ocurren al azar\u00bb, sino que tienen una causa.<\/p>\n<p>\u00bfLa sonrisa a flor de piel, la reconciliaci\u00f3n de Zamora con el ayuntamiento de Abelina L\u00f3pez y Leticia Lozano, ser\u00e1n, acaso, producto de alguna \u00abcasualidad\u00bb?<\/p>\n<div style=\"width: 548px;\" class=\"wp-video\"><video class=\"wp-video-shortcode\" id=\"video-1262736-1\" width=\"548\" height=\"360\" preload=\"metadata\" controls=\"controls\"><source type=\"video\/mp4\" src=\"https:\/\/www.acapulcopress.com\/wp-content\/uploads\/2026\/01\/LANCHON-3.mp4?_=1\" \/><a href=\"https:\/\/www.acapulcopress.com\/wp-content\/uploads\/2026\/01\/LANCHON-3.mp4\">https:\/\/www.acapulcopress.com\/wp-content\/uploads\/2026\/01\/LANCHON-3.mp4<\/a><\/video><\/div>\n<div style=\"width: 476px;\" class=\"wp-video\"><video class=\"wp-video-shortcode\" id=\"video-1262736-2\" width=\"476\" height=\"850\" preload=\"metadata\" controls=\"controls\"><source type=\"video\/mp4\" src=\"https:\/\/www.acapulcopress.com\/wp-content\/uploads\/2026\/01\/LANCHON-1.mp4?_=2\" \/><a href=\"https:\/\/www.acapulcopress.com\/wp-content\/uploads\/2026\/01\/LANCHON-1.mp4\">https:\/\/www.acapulcopress.com\/wp-content\/uploads\/2026\/01\/LANCHON-1.mp4<\/a><\/video><\/div>\n<p><em>* ) <a class=\"x1fey0fg xmper1u x1edh9d7\" href=\"https:\/\/fb.me\/steparious\" target=\"_blank\" rel=\"noopener\">fb.me\/steparious<\/a>\u00a0| * )\u00a0<a class=\"x1fey0fg xmper1u x1edh9d7\" href=\"https:\/\/fb.me\/acapulcopress\" target=\"_blank\" rel=\"noopener\">fb.me\/acapulcopress<\/a><\/em><\/p>\n","protected":false},"excerpt":{"rendered":"<p>El Brujo Chiripero | El 3 de agosto del 2023 fue el encargado de coordinar a los transportistas de Acapulco a favor de Marcelo Ebrard<\/p>\n","protected":false},"author":1,"featured_media":1262740,"comment_status":"closed","ping_status":"open","sticky":false,"template":"","format":"standard","meta":{"footnotes":""},"categories":[2069],"tags":[3077,19157,19158,10633,10765,11037,12447,19156,19154,14641,15753,16115,16336,19155],"class_list":["post-1262736","post","type-post","status-publish","format-standard","has-post-thumbnail","hentry","category-a-contraluz","tag-abelina-lopez-rodriguez","tag-el-ropavejero","tag-franklin-d-roosevelt","tag-javier-octavio-leon-rubio","tag-jesus-zamora-cervantes","tag-jose-juan-ayala-villasenor","tag-marcelo-ebrard","tag-maribus-el-llanchon-del-bienestar","tag-mesa-de-infraestructura-del-consejo-consultivo-de-turismo-del-estado-de-guerrero","tag-plataforma-nacional-de-transparencia","tag-rogelio-hernandez-cruz","tag-sebastian-ramirez-mendoza","tag-sectur-guerrero","tag-viaducto-diamante-acapulco"],"_links":{"self":[{"href":"https:\/\/www.acapulcopress.com\/index.php\/wp-json\/wp\/v2\/posts\/1262736","targetHints":{"allow":["GET"]}}],"collection":[{"href":"https:\/\/www.acapulcopress.com\/index.php\/wp-json\/wp\/v2\/posts"}],"about":[{"href":"https:\/\/www.acapulcopress.com\/index.php\/wp-json\/wp\/v2\/types\/post"}],"author":[{"embeddable":true,"href":"https:\/\/www.acapulcopress.com\/index.php\/wp-json\/wp\/v2\/users\/1"}],"replies":[{"embeddable":true,"href":"https:\/\/www.acapulcopress.com\/index.php\/wp-json\/wp\/v2\/comments?post=1262736"}],"version-history":[{"count":5,"href":"https:\/\/www.acapulcopress.com\/index.php\/wp-json\/wp\/v2\/posts\/1262736\/revisions"}],"predecessor-version":[{"id":1262751,"href":"https:\/\/www.acapulcopress.com\/index.php\/wp-json\/wp\/v2\/posts\/1262736\/revisions\/1262751"}],"wp:featuredmedia":[{"embeddable":true,"href":"https:\/\/www.acapulcopress.com\/index.php\/wp-json\/wp\/v2\/media\/1262740"}],"wp:attachment":[{"href":"https:\/\/www.acapulcopress.com\/index.php\/wp-json\/wp\/v2\/media?parent=1262736"}],"wp:term":[{"taxonomy":"category","embeddable":true,"href":"https:\/\/www.acapulcopress.com\/index.php\/wp-json\/wp\/v2\/categories?post=1262736"},{"taxonomy":"post_tag","embeddable":true,"href":"https:\/\/www.acapulcopress.com\/index.php\/wp-json\/wp\/v2\/tags?post=1262736"}],"curies":[{"name":"wp","href":"https:\/\/api.w.org\/{rel}","templated":true}]}}