{"id":1262752,"date":"2026-01-30T06:18:54","date_gmt":"2026-01-30T12:18:54","guid":{"rendered":"https:\/\/www.acapulcopress.com\/?p=1262752"},"modified":"2026-01-30T08:44:07","modified_gmt":"2026-01-30T14:44:07","slug":"jacinto-se-considera-dueno-de-la-franquicia-morena","status":"publish","type":"post","link":"https:\/\/www.acapulcopress.com\/index.php\/2026\/01\/30\/jacinto-se-considera-dueno-de-la-franquicia-morena\/","title":{"rendered":"Jacinto se considera due\u00f1o de la franquicia Morena"},"content":{"rendered":"<p>Marem\u00e1gnum<br \/>\n\u00bb <a href=\"https:\/\/www.facebook.com\/ricardocastill01\" target=\"_blank\" rel=\"noopener\"><strong>RICARDO<\/strong> | <strong>CASTILLO BARRIENTOS<\/strong><\/a><br \/>\n<em>) Acapulco Press<\/em><\/p>\n<p>En definitiva, la actitud -m\u00e1s que posici\u00f3n pol\u00edtica- del presidente del Comit\u00e9 Ejecutivo Estatal de <strong>Morena<\/strong>, Jacinto Gonz\u00e1lez Varona, resulta bastante contradictoria dejando mucho que desear, por sus desplantes sectaristas-arcaicos, no solo con la expresi\u00f3n pol\u00edtica \u201cConstructores del Segundo Piso de la Transformaci\u00f3n\u201d, sino tambi\u00e9n con otros elementos provenientes de formaciones pol\u00edticas distantes del partido en el poder.<\/p>\n<p>Sin embargo, consta que no act\u00faa de la misma forma cuando se trata de adherentes a su calenturienta ambici\u00f3n por la candidatura guinda a la gubernatura, sirva de ejemplo, Carlos Granda Castro, ex candidato a presidente municipal de Acapulco, por la coalici\u00f3n <strong>PRI-PAN-PRD<\/strong>, en la reciente elecci\u00f3n de 2024, quien ya luce la casaca magenta con la ven\u00eda de Gonz\u00e1lez Varona, sin descartar su estrecha vinculaci\u00f3n con alcaldes priistas de la Costa Chica, a quienes coquetea pretendiendo meterlos a su establo.<\/p>\n<p>Tanto Jacinto como Iv\u00e1n Hern\u00e1ndez, delegado del Bienestar, dirigentes del grup\u00fasculo \u201c<em>Nu\u00f1ista<\/em>\u201d, andan alucinados crey\u00e9ndose ingenuamente los \u201cleg\u00edtimos propietarios de la franquicia guinda\u201d, por lo tanto, solo ellos deciden quien entra y quienes no, a ese partido en Guerrero. Sin importarles descalificar a cuadros prominentes que coadyuvan al fortalecimiento de la presidenta Sheinbaum, como la organizaci\u00f3n \u201cConstructores del Segundo Piso de la Cuarta Transformaci\u00f3n\u201d, cuyos dirigentes a nivel nacional son el diputado Alfonso Ram\u00edrez Cuellar y el ex delegado morenista, H\u00e9ctor Ulises Garc\u00eda Nieto, secretario de Movilidad del gobierno de la Ciudad de M\u00e9xico.<\/p>\n<p>El biso\u00f1o dirigente morenista tiene un miedo atroz a ser depuesto del pedestal donde se mantiene en el filo de la navaja, debido a la intentona del consejero Galdino Nava D\u00edaz y la mayor\u00eda de los consejeros, de destituirlo en una asamblea del Consejo Pol\u00edtico Estatal, lo cual logr\u00f3 consumarse sin recibir el reconocimiento del<strong> CEN <\/strong>y del senador F\u00e9lix Salgado Macedonio, aunque algunos de sus consejeros votaron por deponer al engre\u00eddo Jacinto.<\/p>\n<p>A este tema se refiri\u00f3 Garc\u00eda Nieto que deber\u00eda de resolver el dirigente estatal y no, a denostar los esfuerzos tendientes a sumar adeptos a la causa a favor del fortalecimiento del gobierno de la Cuarta Transformaci\u00f3n, aunque parezca inveros\u00edmil por la conjunci\u00f3n de personajes con evidentes aspiraciones pol\u00edticas.<\/p>\n<p>Se le olvida a Gonz\u00e1lez Varona la intensidad de la reciente campa\u00f1a de afiliaci\u00f3n de m\u00e1s de 11 millones de mexicanos en el pa\u00eds y 350 guerrerenses registrados en el padr\u00f3n local, la inmensa mayor\u00eda, como la mayor parte de morenistas provienen de otros partidos pol\u00edticos antag\u00f3nicos. Por m\u00e1s maromas y circo medi\u00e1tico que haga el dirigente estatal, no podr\u00e1 limitar la entrada a los nuevos correligionarios.<\/p>\n<p>Ahora vamos esperar que dice el sedicente l\u00edder <strong>JGV<\/strong> sobre la Asamblea Estatal para Fortalecer el Segundo Piso de la 4-T, orquestada por el ex gobernador interino, Rogelio Ortega Mart\u00ednez, con la presencia del senador michoacano Ra\u00fal Mor\u00f3n Orozco. \u00bfVendr\u00e1 otra andanada medi\u00e1tica del belicoso e in\u00fatil Jacinto?<\/p>\n<p><strong>Marea Baja.-<\/strong> Como cada fin de mes, hoy 30 de enero, se invita al Seminario \u201cPuesta en Valor del Patrimonio Cultural y Natural de Acapulco\u201d, un espacio de di\u00e1logo, reflexi\u00f3n y encuentro interdisciplinario para pensar el patrimonio no como objeto del pasado, sino como fuerza viva del presente.<\/p>\n<p>Las conferencias se llevan a cabo a las 17:00 horas, el \u00faltimo viernes de cada mes en el Museo Hist\u00f3rico Fuerte de San Diego, un recinto donde la arquitectura y la historia resguardan la memoria viva de la ciudad.<\/p>\n<p>El tema especifico en esta ocasi\u00f3n: \u201cGesti\u00f3n Integral del Patrimonio Cultural de Acapulco bajo el enfoque de Paisaje Urbano Hist\u00f3rico (PUH)\u201d, impartido por el ameritado doctor Manuel Ruz Vargas y el arquitecto Luis Ramos, moderador.<\/p>\n<p><strong>Marea Alta.-<\/strong> Ya que estamos en el plano cultural y acad\u00e9mico, el catedr\u00e1tico universitario, escritor y magistrado, doctor Jes\u00fas Mart\u00ednez Garnelo, hace extensiva la invitaci\u00f3n a la presentaci\u00f3n de su libro n\u00famero 39 de la obra jur\u00eddica \u201cReflexiones del Probandum de las Audiencias\u201d, editado por la famosa y prol\u00edfica Editorial Porr\u00faa.<\/p>\n<p>Participar\u00e1n como comentaristas el doctor Adri\u00e1n de la Rosa Escalante, especialista en materia laboral y el licenciado Jos\u00e9 Mar\u00eda Valencia Daza, abogado postulante en el \u00e1rea civil y familiar, y como moderador el doctor Edgardo Mendoza Falc\u00f3n.<\/p>\n<p>El evento tendr\u00e1 verificativo el pr\u00f3ximo 4 de febrero, a las 18:00 horas, en el Auditorio del Tribunal Superior de Justicia, en el centro de la ciudad de Chilpancingo, dentro del marco de la \u201cSemana Jur\u00eddica para Conmemorar la Promulgaci\u00f3n de la Constituci\u00f3n Pol\u00edtica de los Estados Unidos Mexicanos del 5 de febrero de 1917\u201d.<\/p>\n<p><strong>Maremoto.-<\/strong> El domingo 1\u00ba. de febrero, la presente columna \u201c<strong>MAREM\u00c1GNUM<\/strong>\u201d, cumple tres a\u00f1os de publicaci\u00f3n ininterrumpida, gracias al apoyo de diversos medios impresos y digitales, a cuyos titulares les expreso mi m\u00e1s sincero agradecimiento, as\u00ed como a los lectores que han seguido con inter\u00e9s mis entregas period\u00edsticas.<\/p>\n<p>Continuaremos con la misma t\u00f3nica de contenidos pol\u00edticos, sociales y culturales u otras tem\u00e1ticas coyunturales, ejerciendo un periodismo responsable, cr\u00edtico y trascendente, con la finalidad de contribuir al inter\u00e9s colectivo por mejorar las condiciones de vida en nuestra sociedad y sus habitantes.<\/p>\n<p>En esa ruta seguiremos transitando. Muchas gracias a todos.<br \/>\n<em>* )\u00a0<a class=\"x1fey0fg xmper1u x1edh9d7\" href=\"https:\/\/fb.me\/steparious\" target=\"_blank\" rel=\"noopener\">fb.me\/steparious<\/a>\u00a0| * )\u00a0<a class=\"x1fey0fg xmper1u x1edh9d7\" href=\"https:\/\/fb.me\/acapulcopress\" target=\"_blank\" rel=\"noopener\">fb.me\/acapulcopress<\/a><\/em><\/p>\n","protected":false},"excerpt":{"rendered":"<p>Ricardo Castillo | En definitiva, la actitud -m\u00e1s que posici\u00f3n pol\u00edtica- del presidente del Comit\u00e9 Ejecutivo Estatal de Morena, Jacinto Gonz\u00e1lez Varona<\/p>\n","protected":false},"author":1,"featured_media":1262753,"comment_status":"closed","ping_status":"open","sticky":false,"template":"","format":"standard","meta":{"footnotes":""},"categories":[2071,1991],"tags":[12503,15575],"class_list":["post-1262752","post","type-post","status-publish","format-standard","has-post-thumbnail","hentry","category-opinion-analisis-columnas","category-libertad-de-expresion","tag-maremagnum","tag-ricardo-castillo-barrientos"],"_links":{"self":[{"href":"https:\/\/www.acapulcopress.com\/index.php\/wp-json\/wp\/v2\/posts\/1262752","targetHints":{"allow":["GET"]}}],"collection":[{"href":"https:\/\/www.acapulcopress.com\/index.php\/wp-json\/wp\/v2\/posts"}],"about":[{"href":"https:\/\/www.acapulcopress.com\/index.php\/wp-json\/wp\/v2\/types\/post"}],"author":[{"embeddable":true,"href":"https:\/\/www.acapulcopress.com\/index.php\/wp-json\/wp\/v2\/users\/1"}],"replies":[{"embeddable":true,"href":"https:\/\/www.acapulcopress.com\/index.php\/wp-json\/wp\/v2\/comments?post=1262752"}],"version-history":[{"count":1,"href":"https:\/\/www.acapulcopress.com\/index.php\/wp-json\/wp\/v2\/posts\/1262752\/revisions"}],"predecessor-version":[{"id":1262754,"href":"https:\/\/www.acapulcopress.com\/index.php\/wp-json\/wp\/v2\/posts\/1262752\/revisions\/1262754"}],"wp:featuredmedia":[{"embeddable":true,"href":"https:\/\/www.acapulcopress.com\/index.php\/wp-json\/wp\/v2\/media\/1262753"}],"wp:attachment":[{"href":"https:\/\/www.acapulcopress.com\/index.php\/wp-json\/wp\/v2\/media?parent=1262752"}],"wp:term":[{"taxonomy":"category","embeddable":true,"href":"https:\/\/www.acapulcopress.com\/index.php\/wp-json\/wp\/v2\/categories?post=1262752"},{"taxonomy":"post_tag","embeddable":true,"href":"https:\/\/www.acapulcopress.com\/index.php\/wp-json\/wp\/v2\/tags?post=1262752"}],"curies":[{"name":"wp","href":"https:\/\/api.w.org\/{rel}","templated":true}]}}