{"id":1262764,"date":"2026-01-30T15:47:39","date_gmt":"2026-01-30T21:47:39","guid":{"rendered":"https:\/\/www.acapulcopress.com\/?p=1262764"},"modified":"2026-01-30T15:58:31","modified_gmt":"2026-01-30T21:58:31","slug":"turkiye-respalda-una-solucion-pacifica-con-iran","status":"publish","type":"post","link":"https:\/\/www.acapulcopress.com\/index.php\/2026\/01\/30\/turkiye-respalda-una-solucion-pacifica-con-iran\/","title":{"rendered":"T\u00fcrkiye respalda una soluci\u00f3n pac\u00edfica con Ir\u00e1n"},"content":{"rendered":"<p>TEHER\u00c1N * 30 de enero, 2026.<br \/>\n<em>) TRT World\u00a0<\/em><br \/>\nEn medio de la creciente tensi\u00f3n entre Estados Unidos e Ir\u00e1n, T\u00fcrkiye reforz\u00f3 su papel diplom\u00e1tico al rechazar cualquier acci\u00f3n militar contra Teher\u00e1n y ofrecerse como mediador para una salida negociada. Mientras el ministro de Relaciones Exteriores de T\u00fcrkiye, <strong>Hakan Fidan<\/strong>, defendi\u00f3 una soluci\u00f3n pac\u00edfica sin injerencias externas, el presidente de T\u00fcrkiye, <strong>Recep Tayyip Erdogan<\/strong> expres\u00f3 la disposici\u00f3n de Ankara a facilitar el di\u00e1logo entre Washington y Teher\u00e1n para contribuir a la desescalada regional.<\/p>\n<p>Durante una conferencia de prensa conjunta celebrada este viernes en Estambul junto al ministro de <em>Relaciones Exteriores<\/em> de Ir\u00e1n, <strong>Abbas Araghchi<\/strong>, Fidan reiter\u00f3 que Ankara se opone firmemente a cualquier \u201cintervenci\u00f3n militar dirigida contra Ir\u00e1n\u201d.<\/p>\n<p>\u201cEsperamos que los problemas internos de Ir\u00e1n se resuelvan pac\u00edficamente por el pueblo iran\u00ed, sin ninguna intervenci\u00f3n externa\u201d, a\u00f1adi\u00f3.<\/p>\n<p>Por su parte, Abbas Araghchi asegur\u00f3 que Ir\u00e1n est\u00e1 dispuesto a reanudar las conversaciones nucleares con Estados Unidos \u201cen condiciones de igualdad\u201d.<\/p>\n<p>\u201cSi las negociaciones son justas y se dan en un marco de igualdad, la Rep\u00fablica Isl\u00e1mica de Ir\u00e1n est\u00e1 preparada para participar\u201d, afirm\u00f3, reiterando la postura habitual de Teher\u00e1n de que \u201cnunca ha buscado obtener armas nucleares\u201d.<\/p>\n<p>En ese contexto, el jefe de la diplomacia iran\u00ed advirti\u00f3 sobre el impacto de la presi\u00f3n externa en la estabilidad regional. \u201cLa injerencia ileg\u00edtima de actores externos, en particular las conspiraciones del r\u00e9gimen israel\u00ed, busca desestabilizar la regi\u00f3n\u201d, sostuvo, subrayando que \u201clos pa\u00edses isl\u00e1micos deben actuar con unidad\u201d.<\/p>\n<p>Asimismo, remarc\u00f3 que la seguridad regional es indivisible y afirm\u00f3: \u201cNos oponemos a cualquier acci\u00f3n que pueda desestabilizar la paz y la seguridad\u201d.<\/p>\n<p>Al referirse a las relaciones bilaterales, Araghchi se\u00f1al\u00f3 que Teher\u00e1n concede gran importancia a su asociaci\u00f3n con Ankara, especialmente a la luz de los recientes acontecimientos regionales.<\/p>\n<p>\u201cT\u00fcrkiye e Ir\u00e1n siempre han estado uno al lado del otro, tanto en los momentos dif\u00edciles como en los f\u00e1ciles\u201d, afirm\u00f3, al a\u00f1adir que los v\u00ednculos entre ambos pa\u00edses se basan en la \u201cfraternidad y la amistad\u201d.<\/p>\n<p>En la misma l\u00ednea, agradeci\u00f3 al presidente Erdogan, al Gobierno de T\u00fcrkiye y al ministro Fidan por sus mensajes de solidaridad tras lo que describi\u00f3 como recientes \u201cataques terroristas\u201d en Ir\u00e1n, se\u00f1alando que los incidentes estuvieron \u201cclaramente dirigidos por elementos vinculados a Israel\u201d.<\/p>\n<p>Finalmente, al referirse a la ofensiva en Gaza, indic\u00f3 que Ir\u00e1n valora los esfuerzos de T\u00fcrkiye para proporcionar ayuda humanitaria y promover la paz.<\/p>\n<p>\u201cAgradecemos al presidente Erdogan y a Hakan Fidan por su papel activo y su apoyo a Palestina\u201d, concluy\u00f3.<\/p>\n<p>Horas antes de la reuni\u00f3n entre Fidan y Araghchi, el presidente Erdogan, mantuvo este viernes una conversaci\u00f3n telef\u00f3nica con su hom\u00f3logo iran\u00ed, Masoud Pezeshkian, para abordar las relaciones bilaterales y la escalada de las tensiones militares en la regi\u00f3n.<\/p>\n<p>Seg\u00fan un comunicado de la Direcci\u00f3n de Comunicaciones de la Presidencia turca, ambos mandatarios revisaron los v\u00ednculos entre T\u00fcrkiye e Ir\u00e1n, as\u00ed como los crecientes riesgos para la seguridad derivados de la reciente escalada entre Estados Unidos e Ir\u00e1n.<\/p>\n<p>Durante la llamada, Erdogan subray\u00f3 que T\u00fcrkiye est\u00e1 dispuesta a asumir un papel facilitador entre Ir\u00e1n y Estados Unidos con el fin de contribuir a la desescalada de las tensiones y a la resoluci\u00f3n de los asuntos pendientes.<\/p>\n<p>Estos intercambios diplom\u00e1ticos se produjeron en un contexto de creciente fricci\u00f3n entre Teher\u00e1n y Washington. En las \u00faltimas semanas, las tensiones se intensificaron tras las declaraciones del presidente estadounidense, Donald Trump, quien afirm\u00f3 que una \u201carmada masiva\u201d se dirig\u00eda hacia Ir\u00e1n y llam\u00f3 a Teher\u00e1n a \u201csentarse a la mesa\u201d para negociar.<\/p>\n<p>Desde Teher\u00e1n, funcionarios iran\u00edes advirtieron que cualquier ataque por parte de Estados Unidos provocar\u00eda una respuesta \u201cr\u00e1pida y contundente\u201d, al tiempo que reiteraron que el pa\u00eds permanece abierto al di\u00e1logo \u00fanicamente bajo lo que describe como \u201ccondiciones justas, equilibradas y no coercitivas\u201d.<br \/>\n<em>* )\u00a0<a class=\"x1fey0fg xmper1u x1edh9d7\" href=\"https:\/\/fb.me\/steparious\" target=\"_blank\" rel=\"noopener\">fb.me\/steparious<\/a>\u00a0| * )\u00a0<a class=\"x1fey0fg xmper1u x1edh9d7\" href=\"https:\/\/fb.me\/acapulcopress\" target=\"_blank\" rel=\"noopener\">fb.me\/acapulcopress<\/a><\/em><\/p>\n","protected":false},"excerpt":{"rendered":"<p>En medio de la creciente tensi\u00f3n entre Estados Unidos e Ir\u00e1n, T\u00fcrkiye rechaz\u00f3 cualquier acci\u00f3n militar contra Teher\u00e1n<\/p>\n","protected":false},"author":1,"featured_media":1262765,"comment_status":"closed","ping_status":"open","sticky":false,"template":"","format":"standard","meta":{"footnotes":""},"categories":[2020],"tags":[18517,19135,15341],"class_list":["post-1262764","post","type-post","status-publish","format-standard","has-post-thumbnail","hentry","category-world-news","tag-abbas-araghchi","tag-hakan-fidan","tag-recep-tayyip-erdogan"],"_links":{"self":[{"href":"https:\/\/www.acapulcopress.com\/index.php\/wp-json\/wp\/v2\/posts\/1262764","targetHints":{"allow":["GET"]}}],"collection":[{"href":"https:\/\/www.acapulcopress.com\/index.php\/wp-json\/wp\/v2\/posts"}],"about":[{"href":"https:\/\/www.acapulcopress.com\/index.php\/wp-json\/wp\/v2\/types\/post"}],"author":[{"embeddable":true,"href":"https:\/\/www.acapulcopress.com\/index.php\/wp-json\/wp\/v2\/users\/1"}],"replies":[{"embeddable":true,"href":"https:\/\/www.acapulcopress.com\/index.php\/wp-json\/wp\/v2\/comments?post=1262764"}],"version-history":[{"count":5,"href":"https:\/\/www.acapulcopress.com\/index.php\/wp-json\/wp\/v2\/posts\/1262764\/revisions"}],"predecessor-version":[{"id":1262770,"href":"https:\/\/www.acapulcopress.com\/index.php\/wp-json\/wp\/v2\/posts\/1262764\/revisions\/1262770"}],"wp:featuredmedia":[{"embeddable":true,"href":"https:\/\/www.acapulcopress.com\/index.php\/wp-json\/wp\/v2\/media\/1262765"}],"wp:attachment":[{"href":"https:\/\/www.acapulcopress.com\/index.php\/wp-json\/wp\/v2\/media?parent=1262764"}],"wp:term":[{"taxonomy":"category","embeddable":true,"href":"https:\/\/www.acapulcopress.com\/index.php\/wp-json\/wp\/v2\/categories?post=1262764"},{"taxonomy":"post_tag","embeddable":true,"href":"https:\/\/www.acapulcopress.com\/index.php\/wp-json\/wp\/v2\/tags?post=1262764"}],"curies":[{"name":"wp","href":"https:\/\/api.w.org\/{rel}","templated":true}]}}