{"id":1262771,"date":"2026-01-30T16:23:32","date_gmt":"2026-01-30T22:23:32","guid":{"rendered":"https:\/\/www.acapulcopress.com\/?p=1262771"},"modified":"2026-01-30T16:25:53","modified_gmt":"2026-01-30T22:25:53","slug":"procesan-a-botox-por-homicidio-de-lider-limonero-en-michoacan","status":"publish","type":"post","link":"https:\/\/www.acapulcopress.com\/index.php\/2026\/01\/30\/procesan-a-botox-por-homicidio-de-lider-limonero-en-michoacan\/","title":{"rendered":"Procesan a \u00abBotox\u00bb por homicidio de l\u00edder limonero"},"content":{"rendered":"<p>MORELIA * 30 de enero, 2026.<br \/>\n<em>) <a href=\"https:\/\/latinus.us\/mexico\/2026\/1\/30\/procesan-el-botox-por-el-homicidio-de-bernardo-bravo-lider-limonero-en-michoacan-163232.html\" target=\"_blank\" rel=\"noopener\">LatinUs<\/a><\/em><br \/>\nLa fiscal\u00eda de Michoac\u00e1n inform\u00f3 que<strong> C\u00e9sar Alejandro Sep\u00falveda Arellano<\/strong>, alias \u201cEl Botox\u201d, fue procesado por su presunta participaci\u00f3n en el homicidio del l\u00edder limonero <strong>Bernardo Bravo Manr\u00edque<\/strong>, ocurrido el 19 de octubre de 2025.<\/p>\n<p>A trav\u00e9s de un comunicado, la instituci\u00f3n inform\u00f3 que la audiencia se realiz\u00f3 de forma virtual porque el imputado se encuentra interno en el Centro Federal de Readaptaci\u00f3n Social n\u00famero 1 \u201cEl Altiplano\u201d, en el Estado de M\u00e9xico, tras haber sido detenido en el municipio de Buenavista.<\/p>\n<p>De acuerdo con la fiscal\u00eda, durante la sesi\u00f3n se expuso la reconstrucci\u00f3n de los hechos, con lo que se sustent\u00f3 la posible participaci\u00f3n de \u00abEl Botox\u00bb en el homicidio del l\u00edder limonero.<\/p>\n<p>El juez determin\u00f3 que C\u00e9sar Alejandro \u00abN\u00bb estar\u00e1 en prisi\u00f3n preventiva oficiosa como medida cautelara, mientras que el ministerio p\u00fablico tendr\u00e1 cuatro meses para cerrar la investigaci\u00f3n complementaria.<\/p>\n<p>E l\u00edder del<em> C\u00e1rtel de Los Blancos de Troya<\/em> es acusado por la fiscal\u00eda estatal de ser el autor intelectual, y uno de los materiales, del asesinato de Bravo perpetrado el 19 de octubre en un rancho de \u00abEl Botox\u00bb.<\/p>\n<p>Presuntamente, el l\u00edder limonero muri\u00f3 a golpes y con un disparo de arma en el poblado de Cenobio Moreno (Las Colonias) en Apatzing\u00e1n, el principal basti\u00f3n del presunto criminal michoacano.<\/p>\n<p>\u00abEl Botox\u00bb enfrenta otras seis \u00f3rdenes de aprehensi\u00f3n que datan desde el 2020 al 2025, por los delitos de secuestro agravado, extorsi\u00f3n agravada al sector limonero de Michoac\u00e1n, homicidio, homicidio calificado e intento de homicidio.<\/p>\n<p>C\u00e9sar Alejandro \u00abN\u00bb es un ex integrante de los civiles grupos de autodefensa que actualmente lideraba el C\u00e1rtel de Los Blancos de Troya, aliado del C\u00e1rtel Jalisco Nueva Generaci\u00f3n (CJNG), Los Viagras y el <em>C\u00e1rtel de Acahuato<\/em>.<br \/>\n<em>* )\u00a0<a class=\"x1fey0fg xmper1u x1edh9d7\" href=\"https:\/\/fb.me\/steparious\" target=\"_blank\" rel=\"noopener\">fb.me\/steparious<\/a>\u00a0| * )\u00a0<a class=\"x1fey0fg xmper1u x1edh9d7\" href=\"https:\/\/fb.me\/acapulcopress\" target=\"_blank\" rel=\"noopener\">fb.me\/acapulcopress<\/a><\/em><\/p>\n","protected":false},"excerpt":{"rendered":"<p>La fiscal\u00eda de Michoac\u00e1n inform\u00f3 que \u201cEl Botox\u201d fue procesado por el homicidio del l\u00edder limonero Bernardo Bravo<\/p>\n","protected":false},"author":1,"featured_media":1262772,"comment_status":"closed","ping_status":"open","sticky":false,"template":"","format":"standard","meta":{"footnotes":""},"categories":[2005],"tags":[19163,19161,19164,19162,7660],"class_list":["post-1262771","post","type-post","status-publish","format-standard","has-post-thumbnail","hentry","category-seguridad-y-justicia","tag-bernardo-bravo-manrique","tag-cartel-de-acahuato","tag-cartel-de-los-blancos-de-troya","tag-cesar-alejandro-sepulveda-arellano-el-botox","tag-el-altiplano"],"_links":{"self":[{"href":"https:\/\/www.acapulcopress.com\/index.php\/wp-json\/wp\/v2\/posts\/1262771","targetHints":{"allow":["GET"]}}],"collection":[{"href":"https:\/\/www.acapulcopress.com\/index.php\/wp-json\/wp\/v2\/posts"}],"about":[{"href":"https:\/\/www.acapulcopress.com\/index.php\/wp-json\/wp\/v2\/types\/post"}],"author":[{"embeddable":true,"href":"https:\/\/www.acapulcopress.com\/index.php\/wp-json\/wp\/v2\/users\/1"}],"replies":[{"embeddable":true,"href":"https:\/\/www.acapulcopress.com\/index.php\/wp-json\/wp\/v2\/comments?post=1262771"}],"version-history":[{"count":5,"href":"https:\/\/www.acapulcopress.com\/index.php\/wp-json\/wp\/v2\/posts\/1262771\/revisions"}],"predecessor-version":[{"id":1262777,"href":"https:\/\/www.acapulcopress.com\/index.php\/wp-json\/wp\/v2\/posts\/1262771\/revisions\/1262777"}],"wp:featuredmedia":[{"embeddable":true,"href":"https:\/\/www.acapulcopress.com\/index.php\/wp-json\/wp\/v2\/media\/1262772"}],"wp:attachment":[{"href":"https:\/\/www.acapulcopress.com\/index.php\/wp-json\/wp\/v2\/media?parent=1262771"}],"wp:term":[{"taxonomy":"category","embeddable":true,"href":"https:\/\/www.acapulcopress.com\/index.php\/wp-json\/wp\/v2\/categories?post=1262771"},{"taxonomy":"post_tag","embeddable":true,"href":"https:\/\/www.acapulcopress.com\/index.php\/wp-json\/wp\/v2\/tags?post=1262771"}],"curies":[{"name":"wp","href":"https:\/\/api.w.org\/{rel}","templated":true}]}}