{"id":1262787,"date":"2026-01-30T19:10:41","date_gmt":"2026-01-31T01:10:41","guid":{"rendered":"https:\/\/www.acapulcopress.com\/?p=1262787"},"modified":"2026-01-30T19:12:59","modified_gmt":"2026-01-31T01:12:59","slug":"convoca-evelyn-salgado-a-la-unidad-y-respeto-institucional-entre-poderes","status":"publish","type":"post","link":"https:\/\/www.acapulcopress.com\/index.php\/2026\/01\/30\/convoca-evelyn-salgado-a-la-unidad-y-respeto-institucional-entre-poderes\/","title":{"rendered":"Convoca Evelyn Salgado a la unidad y respeto institucional entre poderes"},"content":{"rendered":"<p>CHILPANCINGO * 30 de enero, 2026.<br \/>\n<em>) LXIV Legislatura | Guerrero<\/em><br \/>\nAl asistir a la sesi\u00f3n p\u00fablica y solemne por el 176 aniversario de la Instalaci\u00f3n del<em> Congreso Constituyente<\/em>, la gobernadora<strong> Evelyn Salgado <a href=\"https:\/\/www.acapulcopress.com\/wp-content\/uploads\/2026\/01\/evelyn.congresogro6.jpeg\"><img loading=\"lazy\" decoding=\"async\" class=\"alignleft wp-image-1262793 size-medium\" src=\"https:\/\/www.acapulcopress.com\/wp-content\/uploads\/2026\/01\/evelyn.congresogro6-300x200.jpeg\" alt=\"\" width=\"300\" height=\"200\" srcset=\"https:\/\/www.acapulcopress.com\/wp-content\/uploads\/2026\/01\/evelyn.congresogro6-300x200.jpeg 300w, https:\/\/www.acapulcopress.com\/wp-content\/uploads\/2026\/01\/evelyn.congresogro6-1024x682.jpeg 1024w, https:\/\/www.acapulcopress.com\/wp-content\/uploads\/2026\/01\/evelyn.congresogro6-768x512.jpeg 768w, https:\/\/www.acapulcopress.com\/wp-content\/uploads\/2026\/01\/evelyn.congresogro6-580x387.jpeg 580w, https:\/\/www.acapulcopress.com\/wp-content\/uploads\/2026\/01\/evelyn.congresogro6-860x573.jpeg 860w, https:\/\/www.acapulcopress.com\/wp-content\/uploads\/2026\/01\/evelyn.congresogro6-1160x773.jpeg 1160w, https:\/\/www.acapulcopress.com\/wp-content\/uploads\/2026\/01\/evelyn.congresogro6.jpeg 1280w\" sizes=\"auto, (max-width: 300px) 100vw, 300px\" \/><\/a>Pineda<\/strong> refrend\u00f3 su compromiso de mantener una relaci\u00f3n de respeto pleno, coordinaci\u00f3n institucional y di\u00e1logo permanente con los poderes Legislativo y Judicial, al subrayar que la fortaleza de Guerrero descansa en la divisi\u00f3n de poderes y la colaboraci\u00f3n republicana.<\/p>\n<p>Desde Iguala, cuna de la Bandera Nacional, la mandataria estatal afirm\u00f3 que sin la presencia de Guerrero no podr\u00eda escribirse la historia de M\u00e9xico, al tiempo que destac\u00f3 que este aniversario marca el inicio de la vida constitucional del estado y demuestra la capacidad del pueblo guerrerense para organizarse, gobernarse y darse sus propias leyes.<\/p>\n<p>En el marco de la sesi\u00f3n solemne, Evelyn Salgado puntualiz\u00f3 que la institucionalidad, la legalidad y la defensa firme de la soberan\u00eda es tambi\u00e9n honrar a quienes sentaron las bases de la vida constitucional del estado a trav\u00e9s del Congreso Constituyente.<\/p>\n<p><a href=\"https:\/\/www.acapulcopress.com\/wp-content\/uploads\/2026\/01\/evelyn.congresogro5.jpeg\"><img loading=\"lazy\" decoding=\"async\" class=\"alignleft wp-image-1262792 size-medium\" src=\"https:\/\/www.acapulcopress.com\/wp-content\/uploads\/2026\/01\/evelyn.congresogro5-300x200.jpeg\" alt=\"\" width=\"300\" height=\"200\" srcset=\"https:\/\/www.acapulcopress.com\/wp-content\/uploads\/2026\/01\/evelyn.congresogro5-300x200.jpeg 300w, https:\/\/www.acapulcopress.com\/wp-content\/uploads\/2026\/01\/evelyn.congresogro5-1024x682.jpeg 1024w, https:\/\/www.acapulcopress.com\/wp-content\/uploads\/2026\/01\/evelyn.congresogro5-768x512.jpeg 768w, https:\/\/www.acapulcopress.com\/wp-content\/uploads\/2026\/01\/evelyn.congresogro5-580x387.jpeg 580w, https:\/\/www.acapulcopress.com\/wp-content\/uploads\/2026\/01\/evelyn.congresogro5-860x573.jpeg 860w, https:\/\/www.acapulcopress.com\/wp-content\/uploads\/2026\/01\/evelyn.congresogro5-1160x773.jpeg 1160w, https:\/\/www.acapulcopress.com\/wp-content\/uploads\/2026\/01\/evelyn.congresogro5.jpeg 1280w\" sizes=\"auto, (max-width: 300px) 100vw, 300px\" \/><\/a>\u201cLa uni\u00f3n de los tres poderes, respetando su autonom\u00eda, pero trabajando de manera coordinada, es fundamental para cumplir el mandato que hoy nos corresponde ejercer por el pueblo y para el pueblo de Guerrero\u201d, expres\u00f3 Evelyn Salgado.<\/p>\n<p>La gobernadora sostuvo que los ideales de libertad, soberan\u00eda, justicia y autodeterminaci\u00f3n siguen siendo principios vivos que orientan la vida p\u00fablica del estado frente a los desaf\u00edos del presente, incluidos los escenarios complejos del contexto internacional.<\/p>\n<p>En ese sentido, refrend\u00f3 el respaldo de Guerrero al Estado mexicano, a sus instituciones y al liderazgo de la presidenta Claudia Sheinbaum Pardo, al considerar que la defensa de la soberan\u00eda nacional, la dignidad del pa\u00eds y el inter\u00e9s del pueblo son causas que unen a la naci\u00f3n por encima de cualquier circunstancia.<\/p>\n<p>Asimismo, destac\u00f3 que su gobierno continuar\u00e1 promoviendo el sentido humano de la ley, impulsando reformas hist\u00f3ricas como el <a href=\"https:\/\/www.acapulcopress.com\/wp-content\/uploads\/2026\/01\/evelyn.congresogro5.jpeg\"><img loading=\"lazy\" decoding=\"async\" class=\"alignleft wp-image-1262792 size-medium\" src=\"https:\/\/www.acapulcopress.com\/wp-content\/uploads\/2026\/01\/evelyn.congresogro5-300x200.jpeg\" alt=\"\" width=\"300\" height=\"200\" srcset=\"https:\/\/www.acapulcopress.com\/wp-content\/uploads\/2026\/01\/evelyn.congresogro5-300x200.jpeg 300w, https:\/\/www.acapulcopress.com\/wp-content\/uploads\/2026\/01\/evelyn.congresogro5-1024x682.jpeg 1024w, https:\/\/www.acapulcopress.com\/wp-content\/uploads\/2026\/01\/evelyn.congresogro5-768x512.jpeg 768w, https:\/\/www.acapulcopress.com\/wp-content\/uploads\/2026\/01\/evelyn.congresogro5-580x387.jpeg 580w, https:\/\/www.acapulcopress.com\/wp-content\/uploads\/2026\/01\/evelyn.congresogro5-860x573.jpeg 860w, https:\/\/www.acapulcopress.com\/wp-content\/uploads\/2026\/01\/evelyn.congresogro5-1160x773.jpeg 1160w, https:\/\/www.acapulcopress.com\/wp-content\/uploads\/2026\/01\/evelyn.congresogro5.jpeg 1280w\" sizes=\"auto, (max-width: 300px) 100vw, 300px\" \/><\/a>reconocimiento de la Sierra como regi\u00f3n, el fortalecimiento de los derechos de los pueblos originarios y afromexicanos, la promulgaci\u00f3n de la Ley de Bienestar por la Justicia Social y una agenda amplia para la protecci\u00f3n de mujeres, ni\u00f1as, adolescentes y grupos vulnerables.<\/p>\n<p>Durante la sesi\u00f3n, el diputado presidente de la Mesa Directiva del Congreso del Estado, Alejandro Carabias Icaza, subray\u00f3 que esta conmemoraci\u00f3n representa un llamado a legislar con visi\u00f3n de Estado, con decisiones que impacten de manera positiva la vida de millones de guerrerenses.<\/p>\n<p>Al acto asistieron las y los diputados integrantes de la Mesa Directiva, el alcalde de Iguala, Erik Catal\u00e1n Rend\u00f3n; el presidente del Tribunal Superior de Justicia, Ricardo Salinas Sandoval; as\u00ed como funcionarios estatales y mandos militares.<br \/>\n<a href=\"https:\/\/www.acapulcopress.com\/wp-content\/uploads\/2026\/01\/evelyn.congresogro3.jpeg\"><img loading=\"lazy\" decoding=\"async\" class=\"alignnone wp-image-1262790 size-full\" src=\"https:\/\/www.acapulcopress.com\/wp-content\/uploads\/2026\/01\/evelyn.congresogro3.jpeg\" alt=\"\" width=\"1280\" height=\"853\" srcset=\"https:\/\/www.acapulcopress.com\/wp-content\/uploads\/2026\/01\/evelyn.congresogro3.jpeg 1280w, https:\/\/www.acapulcopress.com\/wp-content\/uploads\/2026\/01\/evelyn.congresogro3-300x200.jpeg 300w, https:\/\/www.acapulcopress.com\/wp-content\/uploads\/2026\/01\/evelyn.congresogro3-1024x682.jpeg 1024w, https:\/\/www.acapulcopress.com\/wp-content\/uploads\/2026\/01\/evelyn.congresogro3-768x512.jpeg 768w, https:\/\/www.acapulcopress.com\/wp-content\/uploads\/2026\/01\/evelyn.congresogro3-580x387.jpeg 580w, https:\/\/www.acapulcopress.com\/wp-content\/uploads\/2026\/01\/evelyn.congresogro3-860x573.jpeg 860w, https:\/\/www.acapulcopress.com\/wp-content\/uploads\/2026\/01\/evelyn.congresogro3-1160x773.jpeg 1160w\" sizes=\"auto, (max-width: 1280px) 100vw, 1280px\" \/><\/a><\/p>\n<p><em>* )\u00a0<a class=\"x1fey0fg xmper1u x1edh9d7\" href=\"https:\/\/fb.me\/steparious\" target=\"_blank\" rel=\"noopener\">fb.me\/steparious<\/a>\u00a0| * )\u00a0<a class=\"x1fey0fg xmper1u x1edh9d7\" href=\"https:\/\/fb.me\/acapulcopress\" target=\"_blank\" rel=\"noopener\">fb.me\/acapulcopress<\/a><\/em><\/p>\n","protected":false},"excerpt":{"rendered":"<p>CHILPANCINGO * 30 de enero, 2026. ) LXIV Legislatura | Guerrero Al asistir a la sesi\u00f3n p\u00fablica y solemne por el 176 aniversario de la Instalaci\u00f3n del Congreso Constituyente, la gobernadora Evelyn Salgado Pineda refrend\u00f3 su compromiso de mantener una relaci\u00f3n de respeto pleno, coordinaci\u00f3n institucional y di\u00e1logo permanente con los poderes Legislativo y Judicial,&#8230;<\/p>\n","protected":false},"author":1,"featured_media":1262794,"comment_status":"closed","ping_status":"open","sticky":false,"template":"","format":"standard","meta":{"footnotes":""},"categories":[2037,61],"tags":[19186,8251,12256],"class_list":["post-1262787","post","type-post","status-publish","format-standard","has-post-thumbnail","hentry","category-congreso-de-guerrero","category-legislacion","tag-congreso-constituyente","tag-evelyn-salgado-pineda","tag-lxiv-legislatura-guerrero"],"_links":{"self":[{"href":"https:\/\/www.acapulcopress.com\/index.php\/wp-json\/wp\/v2\/posts\/1262787","targetHints":{"allow":["GET"]}}],"collection":[{"href":"https:\/\/www.acapulcopress.com\/index.php\/wp-json\/wp\/v2\/posts"}],"about":[{"href":"https:\/\/www.acapulcopress.com\/index.php\/wp-json\/wp\/v2\/types\/post"}],"author":[{"embeddable":true,"href":"https:\/\/www.acapulcopress.com\/index.php\/wp-json\/wp\/v2\/users\/1"}],"replies":[{"embeddable":true,"href":"https:\/\/www.acapulcopress.com\/index.php\/wp-json\/wp\/v2\/comments?post=1262787"}],"version-history":[{"count":2,"href":"https:\/\/www.acapulcopress.com\/index.php\/wp-json\/wp\/v2\/posts\/1262787\/revisions"}],"predecessor-version":[{"id":1262796,"href":"https:\/\/www.acapulcopress.com\/index.php\/wp-json\/wp\/v2\/posts\/1262787\/revisions\/1262796"}],"wp:featuredmedia":[{"embeddable":true,"href":"https:\/\/www.acapulcopress.com\/index.php\/wp-json\/wp\/v2\/media\/1262794"}],"wp:attachment":[{"href":"https:\/\/www.acapulcopress.com\/index.php\/wp-json\/wp\/v2\/media?parent=1262787"}],"wp:term":[{"taxonomy":"category","embeddable":true,"href":"https:\/\/www.acapulcopress.com\/index.php\/wp-json\/wp\/v2\/categories?post=1262787"},{"taxonomy":"post_tag","embeddable":true,"href":"https:\/\/www.acapulcopress.com\/index.php\/wp-json\/wp\/v2\/tags?post=1262787"}],"curies":[{"name":"wp","href":"https:\/\/api.w.org\/{rel}","templated":true}]}}