{"id":1263331,"date":"2026-03-02T20:42:55","date_gmt":"2026-03-03T02:42:55","guid":{"rendered":"https:\/\/www.acapulcopress.com\/?p=1263331"},"modified":"2026-03-02T20:57:01","modified_gmt":"2026-03-03T02:57:01","slug":"ricardo-salinas-apuesta-a-la-resilencia-politica","status":"publish","type":"post","link":"https:\/\/www.acapulcopress.com\/index.php\/2026\/03\/02\/ricardo-salinas-apuesta-a-la-resilencia-politica\/","title":{"rendered":"Ricardo Salinas, apuesta a la resilencia pol\u00edtica"},"content":{"rendered":"<p>Tercera V\u00eda<br \/>\n\u00bb <a href=\"https:\/\/www.facebook.com\/profile.php?id=100029214670744\" target=\"_blank\" rel=\"noopener\"><strong>ERNESTO<\/strong> | <strong>RIVERA RODR\u00cdGUEZ<\/strong><\/a><\/p>\n<p>Desde su primera aparici\u00f3n publica dentro del contexto pol\u00edtico en Acapulco hacia el 2027, el Maestro <strong>Ricardo Salinas M\u00e9ndez<\/strong> ha sido factor de m\u00e1s que se\u00f1alamientos por su posici\u00f3n dentro de la infraestructura oficial del gobierno del estado, como Oficial Mayor de la Sefina, a sigo sujeto, blanco de todo tipo de ataques, tanto de Tirios como Troyanos.<\/p>\n<p>Ricardo Salinas a mostrado una personalidad antireflejante ante dichas posiciones y muestras antagonistas hacia su figura y personal respuesta ante todo eso.<\/p>\n<p>Ricardo Salinas ha logrado utilizar en forma segura y constructiva en apoyo social, y a la vez en una gesti\u00f3n emocional comunitaria.<br \/>\nHa utilizados su resilencia como una capacidad para adaptarse positivamente para superar adversidades, traumas como situaciones de alto estr\u00e9s, saliendo fortificado de ellas.<\/p>\n<p>Lo cual lo ha obligado a gestionar emociones dif\u00edciles de rendirse, utilizando redes de apoyo manteniendo una actitud proactiva para reafirmarse ante los cambios, no \u00abs\u00f3lo de aguantar; \u00abaguanta dice el dicho.<\/p>\n<p>Y hoy muestra la solidez y el valor por una decisi\u00f3n de transformaci\u00f3n y consolidaci\u00f3n llamada Acapulco.<br \/>\n<em>\u00a0)\u00a0<a class=\"x1fey0fg xmper1u x1edh9d7\" href=\"https:\/\/fb.me\/steparious\" target=\"_blank\" rel=\"noopener\">fb.me\/steparious<\/a>\u00a0|\u00a0\u00a0<a class=\"x1fey0fg xmper1u x1edh9d7\" href=\"https:\/\/fb.me\/acapulcopress\" target=\"_blank\" rel=\"noopener\">fb.me\/acapulcopress<\/a><\/em><\/p>\n","protected":false},"excerpt":{"rendered":"<p>Desde su primera aparici\u00f3n publica dentro del contexto pol\u00edtico en Acapulco hacia el 2027, Ricardo Salinas M\u00e9ndez<\/p>\n","protected":false},"author":1,"featured_media":1263332,"comment_status":"closed","ping_status":"open","sticky":false,"template":"","format":"standard","meta":{"footnotes":""},"categories":[2071,1991],"tags":[8063,15598,17071],"class_list":["post-1263331","post","type-post","status-publish","format-standard","has-post-thumbnail","hentry","category-opinion-analisis-columnas","category-libertad-de-expresion","tag-ernesto-rivera-rodriguez","tag-ricardo-salinas-mendez","tag-tercera-via"],"_links":{"self":[{"href":"https:\/\/www.acapulcopress.com\/index.php\/wp-json\/wp\/v2\/posts\/1263331","targetHints":{"allow":["GET"]}}],"collection":[{"href":"https:\/\/www.acapulcopress.com\/index.php\/wp-json\/wp\/v2\/posts"}],"about":[{"href":"https:\/\/www.acapulcopress.com\/index.php\/wp-json\/wp\/v2\/types\/post"}],"author":[{"embeddable":true,"href":"https:\/\/www.acapulcopress.com\/index.php\/wp-json\/wp\/v2\/users\/1"}],"replies":[{"embeddable":true,"href":"https:\/\/www.acapulcopress.com\/index.php\/wp-json\/wp\/v2\/comments?post=1263331"}],"version-history":[{"count":3,"href":"https:\/\/www.acapulcopress.com\/index.php\/wp-json\/wp\/v2\/posts\/1263331\/revisions"}],"predecessor-version":[{"id":1263336,"href":"https:\/\/www.acapulcopress.com\/index.php\/wp-json\/wp\/v2\/posts\/1263331\/revisions\/1263336"}],"wp:featuredmedia":[{"embeddable":true,"href":"https:\/\/www.acapulcopress.com\/index.php\/wp-json\/wp\/v2\/media\/1263332"}],"wp:attachment":[{"href":"https:\/\/www.acapulcopress.com\/index.php\/wp-json\/wp\/v2\/media?parent=1263331"}],"wp:term":[{"taxonomy":"category","embeddable":true,"href":"https:\/\/www.acapulcopress.com\/index.php\/wp-json\/wp\/v2\/categories?post=1263331"},{"taxonomy":"post_tag","embeddable":true,"href":"https:\/\/www.acapulcopress.com\/index.php\/wp-json\/wp\/v2\/tags?post=1263331"}],"curies":[{"name":"wp","href":"https:\/\/api.w.org\/{rel}","templated":true}]}}