{"id":1263339,"date":"2026-03-02T21:22:48","date_gmt":"2026-03-03T03:22:48","guid":{"rendered":"https:\/\/www.acapulcopress.com\/?p=1263339"},"modified":"2026-03-02T21:28:06","modified_gmt":"2026-03-03T03:28:06","slug":"refrenda-evelyn-salgado-pineda-compromiso-la-educacion-incluyente","status":"publish","type":"post","link":"https:\/\/www.acapulcopress.com\/index.php\/2026\/03\/02\/refrenda-evelyn-salgado-pineda-compromiso-la-educacion-incluyente\/","title":{"rendered":"Refrenda Evelyn Salgado Pineda compromiso la educaci\u00f3n incluyente"},"content":{"rendered":"<p>XOCHISTLAHUACA * 2 de marzo, 2026.<br \/>\n<em>) Gobierno de Guerrero<\/em><br \/>\n\u201cRefrendamos este compromiso con una educaci\u00f3n incluyente, con sentido social, gratuita y de calidad, una educaci\u00f3n para la <a href=\"https:\/\/www.acapulcopress.com\/wp-content\/uploads\/2026\/03\/ESP.EDUCACIONGRO17.jpeg\"><img loading=\"lazy\" decoding=\"async\" class=\"alignleft wp-image-1263356 size-medium\" src=\"https:\/\/www.acapulcopress.com\/wp-content\/uploads\/2026\/03\/ESP.EDUCACIONGRO17-300x200.jpeg\" alt=\"\" width=\"300\" height=\"200\" srcset=\"https:\/\/www.acapulcopress.com\/wp-content\/uploads\/2026\/03\/ESP.EDUCACIONGRO17-300x200.jpeg 300w, https:\/\/www.acapulcopress.com\/wp-content\/uploads\/2026\/03\/ESP.EDUCACIONGRO17-1024x682.jpeg 1024w, https:\/\/www.acapulcopress.com\/wp-content\/uploads\/2026\/03\/ESP.EDUCACIONGRO17-768x512.jpeg 768w, https:\/\/www.acapulcopress.com\/wp-content\/uploads\/2026\/03\/ESP.EDUCACIONGRO17-580x387.jpeg 580w, https:\/\/www.acapulcopress.com\/wp-content\/uploads\/2026\/03\/ESP.EDUCACIONGRO17-860x573.jpeg 860w, https:\/\/www.acapulcopress.com\/wp-content\/uploads\/2026\/03\/ESP.EDUCACIONGRO17-1160x773.jpeg 1160w, https:\/\/www.acapulcopress.com\/wp-content\/uploads\/2026\/03\/ESP.EDUCACIONGRO17.jpeg 1280w\" sizes=\"auto, (max-width: 300px) 100vw, 300px\" \/><\/a>transformaci\u00f3n, que no borre nuestra historia, que abrace nuestras lenguas, que fortalezca nuestra identidad\u201d, expres\u00f3 la gobernadora\u00a0durante la entrega de apoyos y libros de texto en lengua materna, para escuelas vulnerables de la regi\u00f3n de la Costa Chica.<\/p>\n<p>En compa\u00f1\u00eda del secretario de<em> Educaci\u00f3n P\u00fablica,<\/em><strong> Mario Delgado Carrillo<\/strong>, la jefa del Ejecutivo estatal reiter\u00f3 la importancia de entregar estos beneficios, lo que permitir\u00e1 fortalecer las capacidades de directivos y docentes, a la vez de garantizar mejores condiciones de ense\u00f1anza-aprendizaje. A trav\u00e9s de estas acciones, se benefici\u00f3 a 599 escuelas, con la entrega de m\u00e1s de 41 mil bienes, entre mobiliario y equipamiento escolar, que incluye butacas, escritorios, pizarrones, mesas, libreros, herramientas tecnol\u00f3gicas, computadoras, libros de texto, proyectores, impresoras, entre otros.<\/p>\n<p>\u201cNo s\u00f3lo se trata de mobiliario, se trata de dignificar nuestras escuelas, de mejores herramientas para las maestras, para los maestros y de <a href=\"https:\/\/www.acapulcopress.com\/wp-content\/uploads\/2026\/03\/ESP.EDUCACIONGRO16.jpeg\"><img loading=\"lazy\" decoding=\"async\" class=\"alignleft wp-image-1263355 size-medium\" src=\"https:\/\/www.acapulcopress.com\/wp-content\/uploads\/2026\/03\/ESP.EDUCACIONGRO16-300x200.jpeg\" alt=\"\" width=\"300\" height=\"200\" srcset=\"https:\/\/www.acapulcopress.com\/wp-content\/uploads\/2026\/03\/ESP.EDUCACIONGRO16-300x200.jpeg 300w, https:\/\/www.acapulcopress.com\/wp-content\/uploads\/2026\/03\/ESP.EDUCACIONGRO16-1024x682.jpeg 1024w, https:\/\/www.acapulcopress.com\/wp-content\/uploads\/2026\/03\/ESP.EDUCACIONGRO16-768x512.jpeg 768w, https:\/\/www.acapulcopress.com\/wp-content\/uploads\/2026\/03\/ESP.EDUCACIONGRO16-580x387.jpeg 580w, https:\/\/www.acapulcopress.com\/wp-content\/uploads\/2026\/03\/ESP.EDUCACIONGRO16-860x573.jpeg 860w, https:\/\/www.acapulcopress.com\/wp-content\/uploads\/2026\/03\/ESP.EDUCACIONGRO16-1160x773.jpeg 1160w, https:\/\/www.acapulcopress.com\/wp-content\/uploads\/2026\/03\/ESP.EDUCACIONGRO16.jpeg 1280w\" sizes=\"auto, (max-width: 300px) 100vw, 300px\" \/><\/a>nuevas oportunidades para nuestras ni\u00f1as y nuestros ni\u00f1os. Queremos que ustedes, quienes son el motor de esta gran transformaci\u00f3n, las ni\u00f1as, los ni\u00f1os y los j\u00f3venes, aprendan sin dejar atr\u00e1s su lengua, su cultura y sus ra\u00edces\u201d, se\u00f1al\u00f3.<\/p>\n<p>En un mensaje a ni\u00f1os, ni\u00f1as y j\u00f3venes de las instituciones beneficiadas, la gobernadora dijo que seguir\u00e1 trabajando de manera coordinada para que nadie se quede atr\u00e1s. Y agreg\u00f3: \u201cEducar es sembrar futuro y el futuro de Guerrero est\u00e1 aqu\u00ed, en nuestras ni\u00f1as, nuestros ni\u00f1os y j\u00f3venes. El futuro de Guerrero est\u00e1 en las aulas, en las escuelas, en las comunidades, en nuestros pueblos originarios, ind\u00edgenas y afromexicanos, y sobre todo, en el coraz\u00f3n tan grande del pueblo de Guerrero\u201d.<\/p>\n<p>Durante su participaci\u00f3n, el secretario de Educaci\u00f3n P\u00fablica, Mario Delgado enfatiz\u00f3 la importancia de generar las herramientas necesarias para que las ni\u00f1as, los ni\u00f1os y los j\u00f3venes, puedan ejercer su derecho a la educaci\u00f3n. Se\u00f1al\u00f3 que hay un gran esfuerzo por parte de la <a href=\"https:\/\/www.acapulcopress.com\/wp-content\/uploads\/2026\/03\/ESP.EDUCACIONGRO15.jpeg\"><img loading=\"lazy\" decoding=\"async\" class=\"alignleft wp-image-1263354 size-medium\" src=\"https:\/\/www.acapulcopress.com\/wp-content\/uploads\/2026\/03\/ESP.EDUCACIONGRO15-300x200.jpeg\" alt=\"\" width=\"300\" height=\"200\" srcset=\"https:\/\/www.acapulcopress.com\/wp-content\/uploads\/2026\/03\/ESP.EDUCACIONGRO15-300x200.jpeg 300w, https:\/\/www.acapulcopress.com\/wp-content\/uploads\/2026\/03\/ESP.EDUCACIONGRO15-1024x682.jpeg 1024w, https:\/\/www.acapulcopress.com\/wp-content\/uploads\/2026\/03\/ESP.EDUCACIONGRO15-768x512.jpeg 768w, https:\/\/www.acapulcopress.com\/wp-content\/uploads\/2026\/03\/ESP.EDUCACIONGRO15-580x387.jpeg 580w, https:\/\/www.acapulcopress.com\/wp-content\/uploads\/2026\/03\/ESP.EDUCACIONGRO15-860x573.jpeg 860w, https:\/\/www.acapulcopress.com\/wp-content\/uploads\/2026\/03\/ESP.EDUCACIONGRO15-1160x773.jpeg 1160w, https:\/\/www.acapulcopress.com\/wp-content\/uploads\/2026\/03\/ESP.EDUCACIONGRO15.jpeg 1280w\" sizes=\"auto, (max-width: 300px) 100vw, 300px\" \/><\/a>administraci\u00f3n de la presidenta Claudia Sheinbaum, para que nadie se quede sin estudiar.<\/p>\n<p>Por ello, se trabaj\u00f3 en la inclusi\u00f3n de estos libros de texto gratuito, donde las lenguas originarias juegan un papel fundamental en el proceso educativo.<\/p>\n<p>A nombre de los beneficiados, el director de la escuela primaria \u201cEugenio Tapia V\u00e1zquez\u201d, Edson Pel\u00e1ez L\u00f3pez, expres\u00f3 su reconocimiento a las autoridades por el apoyo brindado, lo que habla de un compromiso real con las escuelas de Guerrero, particularmente mediante la entrega de estos libros.<\/p>\n<p>Agradeci\u00f3 a la gobernadora por su acompa\u00f1amiento integral y permanente, sobre todo en los momentos m\u00e1s dif\u00edciles. \u201cPodemos afirmar con certeza que en cada dificultad que hemos pasado hemos sentido el respaldo firme y solidario de su administraci\u00f3n\u201d, puntualiz\u00f3.<\/p>\n<p><a href=\"https:\/\/www.acapulcopress.com\/wp-content\/uploads\/2026\/03\/ESP.EDUCACIONGRO14.jpeg\"><img loading=\"lazy\" decoding=\"async\" class=\"alignleft wp-image-1263353 size-medium\" src=\"https:\/\/www.acapulcopress.com\/wp-content\/uploads\/2026\/03\/ESP.EDUCACIONGRO14-300x200.jpeg\" alt=\"\" width=\"300\" height=\"200\" srcset=\"https:\/\/www.acapulcopress.com\/wp-content\/uploads\/2026\/03\/ESP.EDUCACIONGRO14-300x200.jpeg 300w, https:\/\/www.acapulcopress.com\/wp-content\/uploads\/2026\/03\/ESP.EDUCACIONGRO14-1024x682.jpeg 1024w, https:\/\/www.acapulcopress.com\/wp-content\/uploads\/2026\/03\/ESP.EDUCACIONGRO14-768x512.jpeg 768w, https:\/\/www.acapulcopress.com\/wp-content\/uploads\/2026\/03\/ESP.EDUCACIONGRO14-580x387.jpeg 580w, https:\/\/www.acapulcopress.com\/wp-content\/uploads\/2026\/03\/ESP.EDUCACIONGRO14-860x573.jpeg 860w, https:\/\/www.acapulcopress.com\/wp-content\/uploads\/2026\/03\/ESP.EDUCACIONGRO14-1160x773.jpeg 1160w, https:\/\/www.acapulcopress.com\/wp-content\/uploads\/2026\/03\/ESP.EDUCACIONGRO14.jpeg 1280w\" sizes=\"auto, (max-width: 300px) 100vw, 300px\" \/><\/a>En tanto, la presidenta municipal, Mar\u00eda Rojas Pineda dijo que este es un d\u00eda hist\u00f3rico en el municipio, porque la entrega de este equipamiento permite dotar a los estudiantes de las herramientas necesarias para alcanzar su m\u00e1ximo potencial. Y agreg\u00f3: \u201cAgradezco a la gobernadora por su compromiso con la educaci\u00f3n en nuestro estado, en nuestra regi\u00f3n y especialmente en nuestros municipios, su liderazgo y visi\u00f3n han sido fundamentales para hacer posible este proyecto\u201d.<\/p>\n<p>Asistieron a este evento la subsecretaria de Educaci\u00f3n, Noem\u00ed Ju\u00e1rez P\u00e9rez; el secretario Educaci\u00f3n Guerrero, Ricardo Castillo Pe\u00f1a; los alumnos de la Escuela Primaria \u201cEl Porvenir\u201d, Aid\u00e9 Dom\u00ednguez Nicol\u00e1s y Maril\u00e9n N\u00e9stor Mart\u00ednez<\/p>\n<p>As\u00ed como estudiantes y padres de familia del Jard\u00edn de Ni\u00f1os \u201cRosaura Zapata\u201d, el Jard\u00edn de Ni\u00f1os \u201cEl Porvenir\u201d, Jard\u00edn de Ni\u00f1os \u201cMar\u00eda Montessori\u201d, Escuela Primaria Biling\u00fce \u201cEl Porvenir\u201d, Escuela Secundaria T\u00e9cnica \u201c20 de Noviembre\u201d, Escuela Primaria \u201cEscuadr\u00f3n 201\u201d, Escuela Primaria \u201cFrancisco Sarabia\u201d, s\u00f3lo por mencionar algunas.<\/p>\n<p><a href=\"https:\/\/www.acapulcopress.com\/wp-content\/uploads\/2026\/03\/ESP.EDUCACIONGRO12.jpeg\"><img loading=\"lazy\" decoding=\"async\" class=\"alignnone wp-image-1263351 size-full\" src=\"https:\/\/www.acapulcopress.com\/wp-content\/uploads\/2026\/03\/ESP.EDUCACIONGRO12.jpeg\" alt=\"\" width=\"1600\" height=\"1068\" srcset=\"https:\/\/www.acapulcopress.com\/wp-content\/uploads\/2026\/03\/ESP.EDUCACIONGRO12.jpeg 1600w, https:\/\/www.acapulcopress.com\/wp-content\/uploads\/2026\/03\/ESP.EDUCACIONGRO12-300x200.jpeg 300w, https:\/\/www.acapulcopress.com\/wp-content\/uploads\/2026\/03\/ESP.EDUCACIONGRO12-1024x684.jpeg 1024w, https:\/\/www.acapulcopress.com\/wp-content\/uploads\/2026\/03\/ESP.EDUCACIONGRO12-768x513.jpeg 768w, https:\/\/www.acapulcopress.com\/wp-content\/uploads\/2026\/03\/ESP.EDUCACIONGRO12-1536x1025.jpeg 1536w, https:\/\/www.acapulcopress.com\/wp-content\/uploads\/2026\/03\/ESP.EDUCACIONGRO12-580x387.jpeg 580w, https:\/\/www.acapulcopress.com\/wp-content\/uploads\/2026\/03\/ESP.EDUCACIONGRO12-860x574.jpeg 860w, https:\/\/www.acapulcopress.com\/wp-content\/uploads\/2026\/03\/ESP.EDUCACIONGRO12-1160x774.jpeg 1160w, https:\/\/www.acapulcopress.com\/wp-content\/uploads\/2026\/03\/ESP.EDUCACIONGRO12-1320x881.jpeg 1320w\" sizes=\"auto, (max-width: 1600px) 100vw, 1600px\" \/><\/a><\/p>\n<p><a href=\"https:\/\/www.acapulcopress.com\/wp-content\/uploads\/2026\/03\/ESP.EDUCACIONGRO13.jpeg\"><img loading=\"lazy\" decoding=\"async\" class=\"alignnone wp-image-1263352 size-full\" src=\"https:\/\/www.acapulcopress.com\/wp-content\/uploads\/2026\/03\/ESP.EDUCACIONGRO13.jpeg\" alt=\"\" width=\"1280\" height=\"853\" srcset=\"https:\/\/www.acapulcopress.com\/wp-content\/uploads\/2026\/03\/ESP.EDUCACIONGRO13.jpeg 1280w, https:\/\/www.acapulcopress.com\/wp-content\/uploads\/2026\/03\/ESP.EDUCACIONGRO13-300x200.jpeg 300w, https:\/\/www.acapulcopress.com\/wp-content\/uploads\/2026\/03\/ESP.EDUCACIONGRO13-1024x682.jpeg 1024w, https:\/\/www.acapulcopress.com\/wp-content\/uploads\/2026\/03\/ESP.EDUCACIONGRO13-768x512.jpeg 768w, https:\/\/www.acapulcopress.com\/wp-content\/uploads\/2026\/03\/ESP.EDUCACIONGRO13-580x387.jpeg 580w, https:\/\/www.acapulcopress.com\/wp-content\/uploads\/2026\/03\/ESP.EDUCACIONGRO13-860x573.jpeg 860w, https:\/\/www.acapulcopress.com\/wp-content\/uploads\/2026\/03\/ESP.EDUCACIONGRO13-1160x773.jpeg 1160w\" sizes=\"auto, (max-width: 1280px) 100vw, 1280px\" \/><\/a><\/p>\n<p><a href=\"https:\/\/www.acapulcopress.com\/wp-content\/uploads\/2026\/03\/ESP.EDUCACIONGRO8.jpeg\"><img loading=\"lazy\" decoding=\"async\" class=\"alignnone wp-image-1263347 size-full\" src=\"https:\/\/www.acapulcopress.com\/wp-content\/uploads\/2026\/03\/ESP.EDUCACIONGRO8.jpeg\" alt=\"\" width=\"1280\" height=\"853\" srcset=\"https:\/\/www.acapulcopress.com\/wp-content\/uploads\/2026\/03\/ESP.EDUCACIONGRO8.jpeg 1280w, https:\/\/www.acapulcopress.com\/wp-content\/uploads\/2026\/03\/ESP.EDUCACIONGRO8-300x200.jpeg 300w, https:\/\/www.acapulcopress.com\/wp-content\/uploads\/2026\/03\/ESP.EDUCACIONGRO8-1024x682.jpeg 1024w, https:\/\/www.acapulcopress.com\/wp-content\/uploads\/2026\/03\/ESP.EDUCACIONGRO8-768x512.jpeg 768w, https:\/\/www.acapulcopress.com\/wp-content\/uploads\/2026\/03\/ESP.EDUCACIONGRO8-580x387.jpeg 580w, https:\/\/www.acapulcopress.com\/wp-content\/uploads\/2026\/03\/ESP.EDUCACIONGRO8-860x573.jpeg 860w, https:\/\/www.acapulcopress.com\/wp-content\/uploads\/2026\/03\/ESP.EDUCACIONGRO8-1160x773.jpeg 1160w\" sizes=\"auto, (max-width: 1280px) 100vw, 1280px\" \/><\/a><\/p>\n<p><a href=\"https:\/\/www.acapulcopress.com\/wp-content\/uploads\/2026\/03\/ESP.EDUCACIONGRO7.jpeg\"><img loading=\"lazy\" decoding=\"async\" class=\"alignnone wp-image-1263346 \" src=\"https:\/\/www.acapulcopress.com\/wp-content\/uploads\/2026\/03\/ESP.EDUCACIONGRO7.jpeg\" alt=\"\" width=\"997\" height=\"1496\" srcset=\"https:\/\/www.acapulcopress.com\/wp-content\/uploads\/2026\/03\/ESP.EDUCACIONGRO7.jpeg 853w, https:\/\/www.acapulcopress.com\/wp-content\/uploads\/2026\/03\/ESP.EDUCACIONGRO7-300x450.jpeg 300w, https:\/\/www.acapulcopress.com\/wp-content\/uploads\/2026\/03\/ESP.EDUCACIONGRO7-682x1024.jpeg 682w, https:\/\/www.acapulcopress.com\/wp-content\/uploads\/2026\/03\/ESP.EDUCACIONGRO7-768x1152.jpeg 768w, https:\/\/www.acapulcopress.com\/wp-content\/uploads\/2026\/03\/ESP.EDUCACIONGRO7-580x870.jpeg 580w\" sizes=\"auto, (max-width: 997px) 100vw, 997px\" \/><\/a><\/p>\n<p><a href=\"https:\/\/www.acapulcopress.com\/wp-content\/uploads\/2026\/03\/ESP.EDUCACIONGRO6.jpeg\"><img loading=\"lazy\" decoding=\"async\" class=\"alignnone wp-image-1263345 size-full\" src=\"https:\/\/www.acapulcopress.com\/wp-content\/uploads\/2026\/03\/ESP.EDUCACIONGRO6.jpeg\" alt=\"\" width=\"1280\" height=\"853\" srcset=\"https:\/\/www.acapulcopress.com\/wp-content\/uploads\/2026\/03\/ESP.EDUCACIONGRO6.jpeg 1280w, https:\/\/www.acapulcopress.com\/wp-content\/uploads\/2026\/03\/ESP.EDUCACIONGRO6-300x200.jpeg 300w, https:\/\/www.acapulcopress.com\/wp-content\/uploads\/2026\/03\/ESP.EDUCACIONGRO6-1024x682.jpeg 1024w, https:\/\/www.acapulcopress.com\/wp-content\/uploads\/2026\/03\/ESP.EDUCACIONGRO6-768x512.jpeg 768w, https:\/\/www.acapulcopress.com\/wp-content\/uploads\/2026\/03\/ESP.EDUCACIONGRO6-580x387.jpeg 580w, https:\/\/www.acapulcopress.com\/wp-content\/uploads\/2026\/03\/ESP.EDUCACIONGRO6-860x573.jpeg 860w, https:\/\/www.acapulcopress.com\/wp-content\/uploads\/2026\/03\/ESP.EDUCACIONGRO6-1160x773.jpeg 1160w\" sizes=\"auto, (max-width: 1280px) 100vw, 1280px\" \/><\/a><\/p>\n<p><a href=\"https:\/\/www.acapulcopress.com\/wp-content\/uploads\/2026\/03\/ESP.EDUCACIONGRO10.jpeg\"><img loading=\"lazy\" decoding=\"async\" class=\"alignnone wp-image-1263349 size-full\" src=\"https:\/\/www.acapulcopress.com\/wp-content\/uploads\/2026\/03\/ESP.EDUCACIONGRO10.jpeg\" alt=\"\" width=\"1280\" height=\"853\" srcset=\"https:\/\/www.acapulcopress.com\/wp-content\/uploads\/2026\/03\/ESP.EDUCACIONGRO10.jpeg 1280w, https:\/\/www.acapulcopress.com\/wp-content\/uploads\/2026\/03\/ESP.EDUCACIONGRO10-300x200.jpeg 300w, https:\/\/www.acapulcopress.com\/wp-content\/uploads\/2026\/03\/ESP.EDUCACIONGRO10-1024x682.jpeg 1024w, https:\/\/www.acapulcopress.com\/wp-content\/uploads\/2026\/03\/ESP.EDUCACIONGRO10-768x512.jpeg 768w, https:\/\/www.acapulcopress.com\/wp-content\/uploads\/2026\/03\/ESP.EDUCACIONGRO10-580x387.jpeg 580w, https:\/\/www.acapulcopress.com\/wp-content\/uploads\/2026\/03\/ESP.EDUCACIONGRO10-860x573.jpeg 860w, https:\/\/www.acapulcopress.com\/wp-content\/uploads\/2026\/03\/ESP.EDUCACIONGRO10-1160x773.jpeg 1160w\" sizes=\"auto, (max-width: 1280px) 100vw, 1280px\" \/><\/a><\/p>\n<p><a href=\"https:\/\/www.acapulcopress.com\/wp-content\/uploads\/2026\/03\/ESP.EDUCACIONGRO11.jpeg\"><img loading=\"lazy\" decoding=\"async\" class=\"alignnone wp-image-1263350 size-full\" src=\"https:\/\/www.acapulcopress.com\/wp-content\/uploads\/2026\/03\/ESP.EDUCACIONGRO11.jpeg\" alt=\"\" width=\"1280\" height=\"853\" srcset=\"https:\/\/www.acapulcopress.com\/wp-content\/uploads\/2026\/03\/ESP.EDUCACIONGRO11.jpeg 1280w, https:\/\/www.acapulcopress.com\/wp-content\/uploads\/2026\/03\/ESP.EDUCACIONGRO11-300x200.jpeg 300w, https:\/\/www.acapulcopress.com\/wp-content\/uploads\/2026\/03\/ESP.EDUCACIONGRO11-1024x682.jpeg 1024w, https:\/\/www.acapulcopress.com\/wp-content\/uploads\/2026\/03\/ESP.EDUCACIONGRO11-768x512.jpeg 768w, https:\/\/www.acapulcopress.com\/wp-content\/uploads\/2026\/03\/ESP.EDUCACIONGRO11-580x387.jpeg 580w, https:\/\/www.acapulcopress.com\/wp-content\/uploads\/2026\/03\/ESP.EDUCACIONGRO11-860x573.jpeg 860w, https:\/\/www.acapulcopress.com\/wp-content\/uploads\/2026\/03\/ESP.EDUCACIONGRO11-1160x773.jpeg 1160w\" sizes=\"auto, (max-width: 1280px) 100vw, 1280px\" \/><\/a><\/p>\n<p><a href=\"https:\/\/www.acapulcopress.com\/wp-content\/uploads\/2026\/03\/ESP.EDUCACIONGRO5.jpeg\"><img loading=\"lazy\" decoding=\"async\" class=\"alignnone wp-image-1263344 size-full\" src=\"https:\/\/www.acapulcopress.com\/wp-content\/uploads\/2026\/03\/ESP.EDUCACIONGRO5.jpeg\" alt=\"\" width=\"1280\" height=\"853\" srcset=\"https:\/\/www.acapulcopress.com\/wp-content\/uploads\/2026\/03\/ESP.EDUCACIONGRO5.jpeg 1280w, https:\/\/www.acapulcopress.com\/wp-content\/uploads\/2026\/03\/ESP.EDUCACIONGRO5-300x200.jpeg 300w, https:\/\/www.acapulcopress.com\/wp-content\/uploads\/2026\/03\/ESP.EDUCACIONGRO5-1024x682.jpeg 1024w, https:\/\/www.acapulcopress.com\/wp-content\/uploads\/2026\/03\/ESP.EDUCACIONGRO5-768x512.jpeg 768w, https:\/\/www.acapulcopress.com\/wp-content\/uploads\/2026\/03\/ESP.EDUCACIONGRO5-580x387.jpeg 580w, https:\/\/www.acapulcopress.com\/wp-content\/uploads\/2026\/03\/ESP.EDUCACIONGRO5-860x573.jpeg 860w, https:\/\/www.acapulcopress.com\/wp-content\/uploads\/2026\/03\/ESP.EDUCACIONGRO5-1160x773.jpeg 1160w\" sizes=\"auto, (max-width: 1280px) 100vw, 1280px\" \/><\/a><\/p>\n<p><a href=\"https:\/\/www.acapulcopress.com\/wp-content\/uploads\/2026\/03\/ESP.EDUCACIONGRO4.jpeg\"><img loading=\"lazy\" decoding=\"async\" class=\"alignnone wp-image-1263343 size-full\" src=\"https:\/\/www.acapulcopress.com\/wp-content\/uploads\/2026\/03\/ESP.EDUCACIONGRO4.jpeg\" alt=\"\" width=\"1280\" height=\"853\" srcset=\"https:\/\/www.acapulcopress.com\/wp-content\/uploads\/2026\/03\/ESP.EDUCACIONGRO4.jpeg 1280w, https:\/\/www.acapulcopress.com\/wp-content\/uploads\/2026\/03\/ESP.EDUCACIONGRO4-300x200.jpeg 300w, https:\/\/www.acapulcopress.com\/wp-content\/uploads\/2026\/03\/ESP.EDUCACIONGRO4-1024x682.jpeg 1024w, https:\/\/www.acapulcopress.com\/wp-content\/uploads\/2026\/03\/ESP.EDUCACIONGRO4-768x512.jpeg 768w, https:\/\/www.acapulcopress.com\/wp-content\/uploads\/2026\/03\/ESP.EDUCACIONGRO4-580x387.jpeg 580w, https:\/\/www.acapulcopress.com\/wp-content\/uploads\/2026\/03\/ESP.EDUCACIONGRO4-860x573.jpeg 860w, https:\/\/www.acapulcopress.com\/wp-content\/uploads\/2026\/03\/ESP.EDUCACIONGRO4-1160x773.jpeg 1160w\" sizes=\"auto, (max-width: 1280px) 100vw, 1280px\" \/><\/a><\/p>\n<p><a href=\"https:\/\/www.acapulcopress.com\/wp-content\/uploads\/2026\/03\/ESP.EDUCACIONGRO3.jpeg\"><img loading=\"lazy\" decoding=\"async\" class=\"alignnone wp-image-1263342 size-full\" src=\"https:\/\/www.acapulcopress.com\/wp-content\/uploads\/2026\/03\/ESP.EDUCACIONGRO3.jpeg\" alt=\"\" width=\"1280\" height=\"853\" srcset=\"https:\/\/www.acapulcopress.com\/wp-content\/uploads\/2026\/03\/ESP.EDUCACIONGRO3.jpeg 1280w, https:\/\/www.acapulcopress.com\/wp-content\/uploads\/2026\/03\/ESP.EDUCACIONGRO3-300x200.jpeg 300w, https:\/\/www.acapulcopress.com\/wp-content\/uploads\/2026\/03\/ESP.EDUCACIONGRO3-1024x682.jpeg 1024w, https:\/\/www.acapulcopress.com\/wp-content\/uploads\/2026\/03\/ESP.EDUCACIONGRO3-768x512.jpeg 768w, https:\/\/www.acapulcopress.com\/wp-content\/uploads\/2026\/03\/ESP.EDUCACIONGRO3-580x387.jpeg 580w, https:\/\/www.acapulcopress.com\/wp-content\/uploads\/2026\/03\/ESP.EDUCACIONGRO3-860x573.jpeg 860w, https:\/\/www.acapulcopress.com\/wp-content\/uploads\/2026\/03\/ESP.EDUCACIONGRO3-1160x773.jpeg 1160w\" sizes=\"auto, (max-width: 1280px) 100vw, 1280px\" \/><\/a><\/p>\n<p><a href=\"https:\/\/www.acapulcopress.com\/wp-content\/uploads\/2026\/03\/ESP.EDUCACIONGRO2.jpeg\"><img loading=\"lazy\" decoding=\"async\" class=\"alignnone wp-image-1263341 size-full\" src=\"https:\/\/www.acapulcopress.com\/wp-content\/uploads\/2026\/03\/ESP.EDUCACIONGRO2.jpeg\" alt=\"\" width=\"1280\" height=\"853\" srcset=\"https:\/\/www.acapulcopress.com\/wp-content\/uploads\/2026\/03\/ESP.EDUCACIONGRO2.jpeg 1280w, https:\/\/www.acapulcopress.com\/wp-content\/uploads\/2026\/03\/ESP.EDUCACIONGRO2-300x200.jpeg 300w, https:\/\/www.acapulcopress.com\/wp-content\/uploads\/2026\/03\/ESP.EDUCACIONGRO2-1024x682.jpeg 1024w, https:\/\/www.acapulcopress.com\/wp-content\/uploads\/2026\/03\/ESP.EDUCACIONGRO2-768x512.jpeg 768w, https:\/\/www.acapulcopress.com\/wp-content\/uploads\/2026\/03\/ESP.EDUCACIONGRO2-580x387.jpeg 580w, https:\/\/www.acapulcopress.com\/wp-content\/uploads\/2026\/03\/ESP.EDUCACIONGRO2-860x573.jpeg 860w, https:\/\/www.acapulcopress.com\/wp-content\/uploads\/2026\/03\/ESP.EDUCACIONGRO2-1160x773.jpeg 1160w\" sizes=\"auto, (max-width: 1280px) 100vw, 1280px\" \/><\/a><\/p>\n<p><em>\u00a0)\u00a0<a class=\"x1fey0fg xmper1u x1edh9d7\" href=\"https:\/\/fb.me\/steparious\" target=\"_blank\" rel=\"noopener\">fb.me\/steparious<\/a>\u00a0|\u00a0\u00a0<a class=\"x1fey0fg xmper1u x1edh9d7\" href=\"https:\/\/fb.me\/acapulcopress\" target=\"_blank\" rel=\"noopener\">fb.me\/acapulcopress<\/a><\/em><\/p>\n","protected":false},"excerpt":{"rendered":"<p>XOCHISTLAHUACA * 2 de marzo, 2026. ) Gobierno de Guerrero \u201cRefrendamos este compromiso con una educaci\u00f3n incluyente, con sentido social, gratuita y de calidad, una educaci\u00f3n para la transformaci\u00f3n, que no borre nuestra historia, que abrace nuestras lenguas, que fortalezca nuestra identidad\u201d, expres\u00f3 la gobernadora\u00a0durante la entrega de apoyos y libros de texto en lengua&#8230;<\/p>\n","protected":false},"author":1,"featured_media":1263341,"comment_status":"closed","ping_status":"open","sticky":false,"template":"","format":"standard","meta":{"footnotes":""},"categories":[1980,1983],"tags":[8251,12677],"class_list":["post-1263339","post","type-post","status-publish","format-standard","has-post-thumbnail","hentry","category-goverment-2","category-guerrerogob","tag-evelyn-salgado-pineda","tag-mario-delgado-carrillo"],"_links":{"self":[{"href":"https:\/\/www.acapulcopress.com\/index.php\/wp-json\/wp\/v2\/posts\/1263339","targetHints":{"allow":["GET"]}}],"collection":[{"href":"https:\/\/www.acapulcopress.com\/index.php\/wp-json\/wp\/v2\/posts"}],"about":[{"href":"https:\/\/www.acapulcopress.com\/index.php\/wp-json\/wp\/v2\/types\/post"}],"author":[{"embeddable":true,"href":"https:\/\/www.acapulcopress.com\/index.php\/wp-json\/wp\/v2\/users\/1"}],"replies":[{"embeddable":true,"href":"https:\/\/www.acapulcopress.com\/index.php\/wp-json\/wp\/v2\/comments?post=1263339"}],"version-history":[{"count":2,"href":"https:\/\/www.acapulcopress.com\/index.php\/wp-json\/wp\/v2\/posts\/1263339\/revisions"}],"predecessor-version":[{"id":1263358,"href":"https:\/\/www.acapulcopress.com\/index.php\/wp-json\/wp\/v2\/posts\/1263339\/revisions\/1263358"}],"wp:featuredmedia":[{"embeddable":true,"href":"https:\/\/www.acapulcopress.com\/index.php\/wp-json\/wp\/v2\/media\/1263341"}],"wp:attachment":[{"href":"https:\/\/www.acapulcopress.com\/index.php\/wp-json\/wp\/v2\/media?parent=1263339"}],"wp:term":[{"taxonomy":"category","embeddable":true,"href":"https:\/\/www.acapulcopress.com\/index.php\/wp-json\/wp\/v2\/categories?post=1263339"},{"taxonomy":"post_tag","embeddable":true,"href":"https:\/\/www.acapulcopress.com\/index.php\/wp-json\/wp\/v2\/tags?post=1263339"}],"curies":[{"name":"wp","href":"https:\/\/api.w.org\/{rel}","templated":true}]}}