{"id":1263401,"date":"2026-03-04T17:12:20","date_gmt":"2026-03-04T23:12:20","guid":{"rendered":"https:\/\/www.acapulcopress.com\/?p=1263401"},"modified":"2026-03-04T17:12:20","modified_gmt":"2026-03-04T23:12:20","slug":"senado-aprueba-derechos-de-mujeres-indigenas-en-el-ambito-rural","status":"publish","type":"post","link":"https:\/\/www.acapulcopress.com\/index.php\/2026\/03\/04\/senado-aprueba-derechos-de-mujeres-indigenas-en-el-ambito-rural\/","title":{"rendered":"Senado aprueba derechos de mujeres ind\u00edgenas en el \u00e1mbito rural"},"content":{"rendered":"<p>CIUDAD DE M\u00c9XICO * 4 de marzo, 2026.<br \/>\n<em>) Senado de la Rep\u00fablica<\/em><br \/>\nEl pleno del Senado de la Rep\u00fablica aprob\u00f3, con 80 votos a favor, un dictamen para reformar la <em>Ley General para la Igualdad Sustantiva entre Mujeres y Hombres,<\/em> a fin de reconocer en el \u00e1mbito rural el derecho de las mujeres a ejercer sus derechos en igualdad de condiciones con los hombres, sin discriminaci\u00f3n por g\u00e9nero.<\/p>\n<p>La propuesta enviada a la <em>C\u00e1mara de Diputados<\/em>, precisa que es indispensable que el Estado mexicano adopte medidas integrales y espec\u00edficas para garantizar el reconocimiento, ejercicio y protecci\u00f3n efectiva de los derechos de las mujeres rurales, particularmente en lo relativo al acceso, posesi\u00f3n y propiedad de la tierra, as\u00ed como a su participaci\u00f3n plena, efectiva y sustantiva en los espacios de toma de decisiones en el \u00e1mbito agrario y comunitario.<\/p>\n<p>Por ello, el proyecto establece que a las mujeres no se les podr\u00e1 negar, restringir o menoscabar sus derechos por razones de g\u00e9nero, ni establecer mayores requisitos que los previstos en la legislaci\u00f3n aplicable en la materia.<\/p>\n<p>Precisa que las autoridades administrativas y jurisdiccionales competentes, dentro del \u00e1mbito de sus respectivas competencias y atribuciones, as\u00ed como los \u00f3rganos de representaci\u00f3n de los n\u00facleos agrarios, deber\u00e1n garantizar, proteger y respetar los derechos humanos de las mujeres, adolescentes y ni\u00f1as reconocidos en la legislaci\u00f3n de la materia, con perspectiva de g\u00e9nero, interseccionalidad e interculturalidad.<\/p>\n<p>Adem\u00e1s, se subraya que la Secretar\u00eda de Desarrollo Agrario, Territorial y Urbano y la Secretar\u00eda de Agricultura y Desarrollo Rural, en coordinaci\u00f3n con las autoridades correspondientes, promover\u00e1n el cumplimiento de lo dispuesto en esta reforma, a fin de fortalecer la participaci\u00f3n de las mujeres en el \u00e1mbito rural y fomentar su empoderamiento en condiciones de igualdad.<\/p>\n<p>A nombre de la Comisi\u00f3n para la Igualdad de G\u00e9nero, Alma Anah\u00ed Gonz\u00e1lez Hern\u00e1ndez dijo que las mujeres rurales han sido el coraz\u00f3n productivo y social del campo mexicano, trabajan la tierra, sostienen familias, preservan tradiciones y garantizan la soberan\u00eda alimentaria.<\/p>\n<p>Sin embargo, agreg\u00f3, enfrentan desigualdades como menor acceso a tierra y financiamiento, sobre carga de cuidados y exclusi\u00f3n de decisiones comunitarias, por lo que es fundamental garantizar igualdad de condiciones en el \u00e1mbito rural.<\/p>\n<p>Laura Estrada Mauro, de Morena, dijo que la reforma parte de una realidad que en varias regiones del pa\u00eds se viven todos los d\u00edas, donde pareciera que la voz de las mujeres rurales no vale, aun cuando ellas han trabajado la tierra, sostienen la producci\u00f3n y cargan con la vida comunitaria.<\/p>\n<p>\u201cEsta reforma busca garantizar que en el \u00e1mbito rural las mujeres ejerzan sus derechos en igualdad de condiciones y nadie puede negarles, restringirles o menoscabarles esos derechos por raz\u00f3n de g\u00e9nero\u201d, asever\u00f3.<br \/>\n<em>)\u00a0<a class=\"x1fey0fg xmper1u x1edh9d7\" href=\"https:\/\/fb.me\/steparious\" target=\"_blank\" rel=\"noopener\">fb.me\/steparious<\/a>\u00a0|\u00a0\u00a0<a class=\"x1fey0fg xmper1u x1edh9d7\" href=\"https:\/\/fb.me\/acapulcopress\" target=\"_blank\" rel=\"noopener\">fb.me\/acapulcopress<\/a><\/em><\/p>\n","protected":false},"excerpt":{"rendered":"<p>CIUDAD DE M\u00c9XICO * 4 de marzo, 2026. ) Senado de la Rep\u00fablica El pleno del Senado de la Rep\u00fablica aprob\u00f3, con 80 votos a favor, un dictamen para reformar la Ley General para la Igualdad Sustantiva entre Mujeres y Hombres, a fin de reconocer en el \u00e1mbito rural el derecho de las mujeres a&#8230;<\/p>\n","protected":false},"author":1,"featured_media":1263402,"comment_status":"closed","ping_status":"open","sticky":false,"template":"","format":"standard","meta":{"footnotes":""},"categories":[61,2006],"tags":[4994,19310,16471],"class_list":["post-1263401","post","type-post","status-publish","format-standard","has-post-thumbnail","hentry","category-legislacion","category-senado-de-la-republica","tag-camara-de-diputados","tag-ley-general-para-la-igualdad-sustantiva-entre-mujeres-y-hombres","tag-senado-de-la-republica"],"_links":{"self":[{"href":"https:\/\/www.acapulcopress.com\/index.php\/wp-json\/wp\/v2\/posts\/1263401","targetHints":{"allow":["GET"]}}],"collection":[{"href":"https:\/\/www.acapulcopress.com\/index.php\/wp-json\/wp\/v2\/posts"}],"about":[{"href":"https:\/\/www.acapulcopress.com\/index.php\/wp-json\/wp\/v2\/types\/post"}],"author":[{"embeddable":true,"href":"https:\/\/www.acapulcopress.com\/index.php\/wp-json\/wp\/v2\/users\/1"}],"replies":[{"embeddable":true,"href":"https:\/\/www.acapulcopress.com\/index.php\/wp-json\/wp\/v2\/comments?post=1263401"}],"version-history":[{"count":1,"href":"https:\/\/www.acapulcopress.com\/index.php\/wp-json\/wp\/v2\/posts\/1263401\/revisions"}],"predecessor-version":[{"id":1263403,"href":"https:\/\/www.acapulcopress.com\/index.php\/wp-json\/wp\/v2\/posts\/1263401\/revisions\/1263403"}],"wp:featuredmedia":[{"embeddable":true,"href":"https:\/\/www.acapulcopress.com\/index.php\/wp-json\/wp\/v2\/media\/1263402"}],"wp:attachment":[{"href":"https:\/\/www.acapulcopress.com\/index.php\/wp-json\/wp\/v2\/media?parent=1263401"}],"wp:term":[{"taxonomy":"category","embeddable":true,"href":"https:\/\/www.acapulcopress.com\/index.php\/wp-json\/wp\/v2\/categories?post=1263401"},{"taxonomy":"post_tag","embeddable":true,"href":"https:\/\/www.acapulcopress.com\/index.php\/wp-json\/wp\/v2\/tags?post=1263401"}],"curies":[{"name":"wp","href":"https:\/\/api.w.org\/{rel}","templated":true}]}}