{"id":1263404,"date":"2026-03-04T17:59:59","date_gmt":"2026-03-04T23:59:59","guid":{"rendered":"https:\/\/www.acapulcopress.com\/?p=1263404"},"modified":"2026-03-04T18:10:36","modified_gmt":"2026-03-05T00:10:36","slug":"decomisan-30-vehiculos-y-detienen-a-dos-mujeres-en-operativo-contra-la-barredora","status":"publish","type":"post","link":"https:\/\/www.acapulcopress.com\/index.php\/2026\/03\/04\/decomisan-30-vehiculos-y-detienen-a-dos-mujeres-en-operativo-contra-la-barredora\/","title":{"rendered":"Decomisan 30 veh\u00edculos y detienen a dos mujeres en operativo contra \u00abLa Barredora\u00bb"},"content":{"rendered":"<p>JALAPA, Tabasco * 4 de marzo, 2026.<br \/>\n)<em> FGE Tabasco<\/em><br \/>\nElementos de seguridad federal, estatal y de las<em> Fuerzas Armadas<\/em> realizaron un operativo en el que catearon cinco domicilios en el municipio <a href=\"https:\/\/www.acapulcopress.com\/wp-content\/uploads\/2026\/03\/ana-luisa-y-ana-karen.jpg\"><img loading=\"lazy\" decoding=\"async\" class=\"alignleft wp-image-1263405 size-medium\" src=\"https:\/\/www.acapulcopress.com\/wp-content\/uploads\/2026\/03\/ana-luisa-y-ana-karen-300x267.jpg\" alt=\"\" width=\"300\" height=\"267\" srcset=\"https:\/\/www.acapulcopress.com\/wp-content\/uploads\/2026\/03\/ana-luisa-y-ana-karen-300x267.jpg 300w, https:\/\/www.acapulcopress.com\/wp-content\/uploads\/2026\/03\/ana-luisa-y-ana-karen-768x683.jpg 768w, https:\/\/www.acapulcopress.com\/wp-content\/uploads\/2026\/03\/ana-luisa-y-ana-karen-580x516.jpg 580w, https:\/\/www.acapulcopress.com\/wp-content\/uploads\/2026\/03\/ana-luisa-y-ana-karen-860x765.jpg 860w, https:\/\/www.acapulcopress.com\/wp-content\/uploads\/2026\/03\/ana-luisa-y-ana-karen.jpg 894w\" sizes=\"auto, (max-width: 300px) 100vw, 300px\" \/><\/a>de Jalapa, Tabasco, presuntamente relacionados con integrantes del grupo criminal \u201cLa Barredora\u201d.<\/p>\n<p>La Fiscal\u00eda General del Estado inform\u00f3 que derivado de la acci\u00f3n fueron asegurados los inmuebles, arsenal y drogas. Adem\u00e1s, fueron detenidas dos mujeres que estar\u00edan ligadas a este grupo criminal, de alias \u201cMonster\u201d y\/o \u201cMayo\u201d y \u201cLic. Tom\u00e1s\u201d.<\/p>\n<p>Dicha intervenci\u00f3n se despleg\u00f3 en cinco predios ubicados en un camino rural hacia Jalapa, en los cuales los agentes ejecutaron una orden de cateo respaldada por una carpeta de investigaci\u00f3n activa. El resultado fue la captura de Ana Luisa \u201cN\u201d, de 47 a\u00f1os, y Ana Karen \u201cN\u201d, de 27 a\u00f1os.<\/p>\n<p>Durante la inspecci\u00f3n de los inmuebles, las autoridades aseguraron los siguientes objetos:<\/p>\n<p><em>* Una pistola marca Taurus calibre .22 con 2 cargadores<\/em><br \/>\n<em>* Una caja con 50 cartuchos<\/em><br \/>\n<em>* Un rev\u00f3lver calibre .22 con 10 cartuchos \u00fatiles<\/em><br \/>\n<em>* Una bolsa con m\u00faltiples cartuchos calibre 9 mil\u00edmetros<\/em><\/p>\n<p>En cuanto a los narc\u00f3ticos, los elementos localizaron una caja de cart\u00f3n y accesorios destinados al consumo de drogas.<\/p>\n<p>Adem\u00e1s, decomisaron un total de 34 veh\u00edculos, entre los que destacan camionetas tipo Raptor, autos de lujo, unidades tipo Razer, una cuatrimoto y varios remolques.<\/p>\n<p>ras el cateo, los cinco predios fueron asegurados y quedaron bajo resguardo de la Fiscal\u00eda General del Estado. Las dos detenidas y los objetos incautados fueron puestos a disposici\u00f3n de las autoridades competentes, que determinar\u00e1n su situaci\u00f3n jur\u00eddica en los pr\u00f3ximos d\u00edas.<\/p>\n<p>Este operativo representa un golpe relevante contra la estructura log\u00edstica de presuntos grupos criminales en la regi\u00f3n, al privarles de recursos materiales, armamento y veh\u00edculos que podr\u00edan ser utilizados para actividades il\u00edcitas.<\/p>\n<p>La Fiscal\u00eda General del Estado subray\u00f3 que, con este tipo de acciones, las instituciones mantienen su compromiso de trabajo coordinado para preservar la paz y el orden p\u00fablico en Jalapa y municipios aleda\u00f1os.<\/p>\n<p><strong>Este ser\u00eda el origen de \u201cLa Barredora\u201d en Tabasco<\/strong><\/p>\n<p>\u201cLa Barredora\u201d es una organizaci\u00f3n criminal que presuntamente fue liderada por <strong>Hern\u00e1n Berm\u00fadez Requena<\/strong>, exsecretario de Seguridad P\u00fablica de Tabasco.<\/p>\n<p>Tras la detenci\u00f3n de Ulises Pinto Madera, alias \u201cEl Pinto\u201d, identificado por las autoridades como el segundo al mando de dicha organizaci\u00f3n criminal, fue revelada mayor informaci\u00f3n acerca de las operaciones que presuntamente realiz\u00f3 junto a Berm\u00fadez Requena.<\/p>\n<p>De acuerdo con las autoridades, el inicio de la alianza entre Berm\u00fadez Requena y Ulises Pinto se dio cuando el segundo se desempe\u00f1aba como integrante de las fuerzas de seguridad, donde posteriormente fungi\u00f3 como jefe de escoltas.<\/p>\n<p>Ambos fundaron la c\u00e9lula criminal conocida como \u201cLa Hermandad\u201d o \u201cC\u00e1rtel Policiaco\u201d, relacionada con el tr\u00e1fico de migrantes, la distribuci\u00f3n de droga, la trata de personas y el control del abastecimiento de antros y bares en Tabasco.<\/p>\n<p>La ruptura interna de \u201cLa Hermandad\u201d ocurri\u00f3 en 2023, motivada por disputas territoriales con el C\u00e1rtel del Golfo, lo que deriv\u00f3 en la creaci\u00f3n de \u201cLa Barredora\u201d bajo el liderazgo de Berm\u00fadez Requena.<\/p>\n<p>A partir de una escisi\u00f3n, se forjaron v\u00ednculos con el C\u00e1rtel Jalisco Nueva Generaci\u00f3n (CJNG); sin embargo, la relaci\u00f3n se fractur\u00f3 y en la actualidad existe una nueva disputa entre ambas organizaciones para dominar el territorio y fortalecer sus actividades il\u00edcitas, como la extorsi\u00f3n, el robo de hidrocarburos, el tr\u00e1fico de migrantes y armas, y la venta de drogas.<br \/>\n<em>)\u00a0<a class=\"x1fey0fg xmper1u x1edh9d7\" href=\"https:\/\/fb.me\/steparious\" target=\"_blank\" rel=\"noopener\">fb.me\/steparious<\/a>\u00a0|\u00a0\u00a0<a class=\"x1fey0fg xmper1u x1edh9d7\" href=\"https:\/\/fb.me\/acapulcopress\" target=\"_blank\" rel=\"noopener\">fb.me\/acapulcopress<\/a><\/em><\/p>\n","protected":false},"excerpt":{"rendered":"<p>JALAPA, Tabasco * 4 de marzo, 2026. ) FGE Tabasco Elementos de seguridad federal, estatal y de las Fuerzas Armadas realizaron un operativo en el que catearon cinco domicilios en el municipio de Jalapa, Tabasco, presuntamente relacionados con integrantes del grupo criminal \u201cLa Barredora\u201d. La Fiscal\u00eda General del Estado inform\u00f3 que derivado de la acci\u00f3n&#8230;<\/p>\n","protected":false},"author":1,"featured_media":1263406,"comment_status":"closed","ping_status":"open","sticky":false,"template":"","format":"standard","meta":{"footnotes":""},"categories":[2080],"tags":[8990,9771,11524,11563],"class_list":["post-1263404","post","type-post","status-publish","format-standard","has-post-thumbnail","hentry","category-regiones-de-guerrero","tag-fuerzas-armadas","tag-hernan-bermudez-requena","tag-la-barredora","tag-la-hermandad"],"_links":{"self":[{"href":"https:\/\/www.acapulcopress.com\/index.php\/wp-json\/wp\/v2\/posts\/1263404","targetHints":{"allow":["GET"]}}],"collection":[{"href":"https:\/\/www.acapulcopress.com\/index.php\/wp-json\/wp\/v2\/posts"}],"about":[{"href":"https:\/\/www.acapulcopress.com\/index.php\/wp-json\/wp\/v2\/types\/post"}],"author":[{"embeddable":true,"href":"https:\/\/www.acapulcopress.com\/index.php\/wp-json\/wp\/v2\/users\/1"}],"replies":[{"embeddable":true,"href":"https:\/\/www.acapulcopress.com\/index.php\/wp-json\/wp\/v2\/comments?post=1263404"}],"version-history":[{"count":2,"href":"https:\/\/www.acapulcopress.com\/index.php\/wp-json\/wp\/v2\/posts\/1263404\/revisions"}],"predecessor-version":[{"id":1263408,"href":"https:\/\/www.acapulcopress.com\/index.php\/wp-json\/wp\/v2\/posts\/1263404\/revisions\/1263408"}],"wp:featuredmedia":[{"embeddable":true,"href":"https:\/\/www.acapulcopress.com\/index.php\/wp-json\/wp\/v2\/media\/1263406"}],"wp:attachment":[{"href":"https:\/\/www.acapulcopress.com\/index.php\/wp-json\/wp\/v2\/media?parent=1263404"}],"wp:term":[{"taxonomy":"category","embeddable":true,"href":"https:\/\/www.acapulcopress.com\/index.php\/wp-json\/wp\/v2\/categories?post=1263404"},{"taxonomy":"post_tag","embeddable":true,"href":"https:\/\/www.acapulcopress.com\/index.php\/wp-json\/wp\/v2\/tags?post=1263404"}],"curies":[{"name":"wp","href":"https:\/\/api.w.org\/{rel}","templated":true}]}}