{"id":1263434,"date":"2026-03-12T17:27:16","date_gmt":"2026-03-12T23:27:16","guid":{"rendered":"https:\/\/www.acapulcopress.com\/?p=1263434"},"modified":"2026-03-12T17:41:11","modified_gmt":"2026-03-12T23:41:11","slug":"habitantes-de-la-sierra-demandan-que-gustavo-alarcon-deje-ser-un-alcalde-de-ornato","status":"publish","type":"post","link":"https:\/\/www.acapulcopress.com\/index.php\/2026\/03\/12\/habitantes-de-la-sierra-demandan-que-gustavo-alarcon-deje-ser-un-alcalde-de-ornato\/","title":{"rendered":"Habitantes de la Sierra demandan que Gustavo Alarc\u00f3n deje ser un alcalde de ornato"},"content":{"rendered":"<p>CHILPANCINGO * 12 de marzo, 2026.<br \/>\n<em>) Especial<br \/>\n<\/em>No obstante el trascendido de que la gobernadora Evelyn Salgado les ofreci\u00f3 reunirse de inmediato con ellos en Palacio de Gobierno, para trata de mediar en sus peticiones, inconformes que se manifestaron en la capital del estado contra el alcalde de Chilpancingo condicionaron que Gustavo Alarc\u00f3n Herrera est\u00e9 presente, caso contrario rechazar\u00edan la oferta del Gobierno del Estado.<\/p>\n<p>Y es que tras de se\u00f1alarlo como un simple alcalde de ornato, electorero, que le gusta solo andar saludando de mano para las fotos, sin que sienta y haga compromisos reales con sus gobernados, habitantes de la Sierra de la Regi\u00f3n Centro exigieron la presencia del alcalde de Chilpancingo, Gustavo Alarc\u00f3n Herrera, porque desde que anduvo pidiendo el voto ya nadie lo conoce, recuerda o sabe de \u00e9l, a pesar de las necesidades y peticiones que se le han solicitado en beneficio de las comunidades serranas de la capital del Estado.<\/p>\n<p>Al respecto, varios habitantes de la parte alta de esta regi\u00f3n indicaron que se concentraron en manifestaci\u00f3n se\u00f1alaron que al presidente municipal no se le pide mucho, solo que atienda a la poblaci\u00f3n, que se ponga a trabajar, que haga conciencia que ya acab\u00f3 la campa\u00f1a como para que ande saludando y posando para las fotos, pues ahora es ala autoridad municipal de Chilpancingo y que ahora su responsabilidad es trabajar con hecho, no de saliva.<\/p>\n<p>\u00abNo se vale que ahora que es alcalde ya no quiera dar la cara, pues al pueblo se le debe atender cuando necesitan de su autoridad, no solo en tiempos electoreros\u00bb, indicaron.<\/p>\n<p>Por tal motivo, demandaron que Gustavo Alarc\u00f3n suba a la Sierra a dar la cara a las personas de all\u00e1 que tambi\u00e9n son parte de Chilpancingo, las cuales tienen necesidades como el resto habitantes de la ciudad, y no solo se dedique a andar saludando para la foto.<\/p>\n<p>Varias comunidades de la Sierra tienen necesidades muy serias, pero mientras su alcalde no sepa que existan jam\u00e1s van a poder salir de sus problemas. De all\u00ed que urja la presencia de Gustavo Alarc\u00f3n, a quien advierten que si no da la cara se ver\u00e1n obligados a tomar otras medidas para que sean escuchados conforme corresponde de parte de la autoridad municipal.<br \/>\n<em>) <a href=\"http:\/\/fb.me\/Steparious\" target=\"_blank\" rel=\"noopener\">fb.me\/Steparious<\/a>\u00a0|\u00a0<a href=\"http:\/\/fb.me\/acapulcopress\" target=\"_blank\" rel=\"noopener\">fb.me\/acapulcopress<\/a><\/em><\/p>\n","protected":false},"excerpt":{"rendered":"<p>CHILPANCINGO * 12 de marzo, 2026. ) Especial No obstante el trascendido de que la gobernadora Evelyn Salgado les ofreci\u00f3 reunirse de inmediato con ellos en Palacio de Gobierno, para trata de mediar en sus peticiones, inconformes que se manifestaron en la capital del estado contra el alcalde de Chilpancingo condicionaron que Gustavo Alarc\u00f3n Herrera&#8230;<\/p>\n","protected":false},"author":1,"featured_media":1263435,"comment_status":"closed","ping_status":"open","sticky":false,"template":"","format":"standard","meta":{"footnotes":""},"categories":[2010],"tags":[],"class_list":["post-1263434","post","type-post","status-publish","format-standard","has-post-thumbnail","hentry","category-sociedad"],"_links":{"self":[{"href":"https:\/\/www.acapulcopress.com\/index.php\/wp-json\/wp\/v2\/posts\/1263434","targetHints":{"allow":["GET"]}}],"collection":[{"href":"https:\/\/www.acapulcopress.com\/index.php\/wp-json\/wp\/v2\/posts"}],"about":[{"href":"https:\/\/www.acapulcopress.com\/index.php\/wp-json\/wp\/v2\/types\/post"}],"author":[{"embeddable":true,"href":"https:\/\/www.acapulcopress.com\/index.php\/wp-json\/wp\/v2\/users\/1"}],"replies":[{"embeddable":true,"href":"https:\/\/www.acapulcopress.com\/index.php\/wp-json\/wp\/v2\/comments?post=1263434"}],"version-history":[{"count":3,"href":"https:\/\/www.acapulcopress.com\/index.php\/wp-json\/wp\/v2\/posts\/1263434\/revisions"}],"predecessor-version":[{"id":1263438,"href":"https:\/\/www.acapulcopress.com\/index.php\/wp-json\/wp\/v2\/posts\/1263434\/revisions\/1263438"}],"wp:featuredmedia":[{"embeddable":true,"href":"https:\/\/www.acapulcopress.com\/index.php\/wp-json\/wp\/v2\/media\/1263435"}],"wp:attachment":[{"href":"https:\/\/www.acapulcopress.com\/index.php\/wp-json\/wp\/v2\/media?parent=1263434"}],"wp:term":[{"taxonomy":"category","embeddable":true,"href":"https:\/\/www.acapulcopress.com\/index.php\/wp-json\/wp\/v2\/categories?post=1263434"},{"taxonomy":"post_tag","embeddable":true,"href":"https:\/\/www.acapulcopress.com\/index.php\/wp-json\/wp\/v2\/tags?post=1263434"}],"curies":[{"name":"wp","href":"https:\/\/api.w.org\/{rel}","templated":true}]}}